{"id":28350,"date":"2025-04-29T15:23:40","date_gmt":"2025-04-29T18:23:40","guid":{"rendered":"https:\/\/pc.sc.gov.br\/?p=28350"},"modified":"2025-04-29T15:24:20","modified_gmt":"2025-04-29T18:24:20","slug":"pcsc-deflagra-terceira-fase-da-operacao-contra-o-trafico-de-drogas-em-pescaria-brava-e-tubarao","status":"publish","type":"post","link":"https:\/\/pc.sc.gov.br\/?p=28350","title":{"rendered":"PCSC deflagra terceira fase da opera\u00e7\u00e3o contra o tr\u00e1fico de drogas em Pescaria Brava e Tubar\u00e3o"},"content":{"rendered":"\t\t<div data-elementor-type=\"wp-post\" data-elementor-id=\"28350\" class=\"elementor elementor-28350\" data-elementor-post-type=\"post\">\n\t\t\t\t\t\t<section class=\"elementor-section elementor-top-section elementor-element elementor-element-6cfd950 elementor-section-boxed elementor-section-height-default elementor-section-height-default\" data-id=\"6cfd950\" data-element_type=\"section\">\n\t\t\t\t\t\t<div class=\"elementor-container elementor-column-gap-default\">\n\t\t\t\t\t<div class=\"elementor-column elementor-col-100 elementor-top-column elementor-element elementor-element-2300e2a\" data-id=\"2300e2a\" data-element_type=\"column\">\n\t\t\t<div class=\"elementor-widget-wrap elementor-element-populated\">\n\t\t\t\t\t\t<div class=\"elementor-element elementor-element-9f0436c elementor-widget elementor-widget-heading\" data-id=\"9f0436c\" data-element_type=\"widget\" data-widget_type=\"heading.default\">\n\t\t\t\t<div class=\"elementor-widget-container\">\n\t\t\t\t\t<h2 class=\"elementor-heading-title elementor-size-default\">PCSC deflagra terceira fase da opera\u00e7\u00e3o contra o tr\u00e1fico de drogas em Pescaria Brava e Tubar\u00e3o<\/h2>\t\t\t\t<\/div>\n\t\t\t\t<\/div>\n\t\t\t\t\t<\/div>\n\t\t<\/div>\n\t\t\t\t\t<\/div>\n\t\t<\/section>\n\t\t\t\t<section class=\"elementor-section elementor-top-section elementor-element elementor-element-39310de elementor-section-boxed elementor-section-height-default elementor-section-height-default\" data-id=\"39310de\" data-element_type=\"section\">\n\t\t\t\t\t\t<div class=\"elementor-container elementor-column-gap-default\">\n\t\t\t\t\t<div class=\"elementor-column elementor-col-100 elementor-top-column elementor-element elementor-element-210ee69\" data-id=\"210ee69\" data-element_type=\"column\">\n\t\t\t<div class=\"elementor-widget-wrap elementor-element-populated\">\n\t\t\t\t\t\t<div class=\"elementor-element elementor-element-bb073d0 elementor-widget elementor-widget-image\" data-id=\"bb073d0\" data-element_type=\"widget\" data-widget_type=\"image.default\">\n\t\t\t\t<div class=\"elementor-widget-container\">\n\t\t\t\t\t\t\t\t\t\t\t\t\t\t\t<img fetchpriority=\"high\" decoding=\"async\" width=\"696\" height=\"522\" src=\"https:\/\/pc.sc.gov.br\/\/wp-content\/uploads\/2025\/04\/WhatsApp-Image-2025-04-29-at-15.11.11-1024x768.jpeg\" class=\"attachment-large size-large wp-image-28351\" alt=\"\" srcset=\"https:\/\/pc.sc.gov.br\/\/wp-content\/uploads\/2025\/04\/WhatsApp-Image-2025-04-29-at-15.11.11-1024x768.jpeg 1024w, https:\/\/pc.sc.gov.br\/\/wp-content\/uploads\/2025\/04\/WhatsApp-Image-2025-04-29-at-15.11.11-300x225.jpeg 300w, https:\/\/pc.sc.gov.br\/\/wp-content\/uploads\/2025\/04\/WhatsApp-Image-2025-04-29-at-15.11.11-768x576.jpeg 768w, https:\/\/pc.sc.gov.br\/\/wp-content\/uploads\/2025\/04\/WhatsApp-Image-2025-04-29-at-15.11.11-1536x1152.jpeg 1536w, https:\/\/pc.sc.gov.br\/\/wp-content\/uploads\/2025\/04\/WhatsApp-Image-2025-04-29-at-15.11.11.jpeg 1600w\" sizes=\"(max-width: 696px) 100vw, 696px\" \/>\t\t\t\t\t\t\t\t\t\t\t\t\t\t\t<\/div>\n\t\t\t\t<\/div>\n\t\t\t\t\t<\/div>\n\t\t<\/div>\n\t\t\t\t\t<\/div>\n\t\t<\/section>\n\t\t\t\t<section class=\"elementor-section elementor-top-section elementor-element elementor-element-2772863 elementor-section-boxed elementor-section-height-default elementor-section-height-default\" data-id=\"2772863\" data-element_type=\"section\">\n\t\t\t\t\t\t<div class=\"elementor-container elementor-column-gap-default\">\n\t\t\t\t\t<div class=\"elementor-column elementor-col-100 elementor-top-column elementor-element elementor-element-b27e8f1\" data-id=\"b27e8f1\" data-element_type=\"column\">\n\t\t\t<div class=\"elementor-widget-wrap elementor-element-populated\">\n\t\t\t\t\t\t<div class=\"elementor-element elementor-element-a9a461b elementor-widget elementor-widget-text-editor\" data-id=\"a9a461b\" data-element_type=\"widget\" data-widget_type=\"text-editor.default\">\n\t\t\t\t<div class=\"elementor-widget-container\">\n\t\t\t\t\t\t\t\t\t<p>A Pol\u00edcia Civil de Santa Catarina, por meio das delegacias de Pescaria Brava e de Tubar\u00e3o, deflagrou na manh\u00e3 desta ter\u00e7a-feira (29) a terceira fase de uma opera\u00e7\u00e3o de investiga\u00e7\u00e3o contra o tr\u00e1fico de drogas no bairro Barreiros, em Pescaria Brava.<\/p><p>Durante a a\u00e7\u00e3o, foram cumpridos dois mandados de pris\u00e3o e dois de busca e apreens\u00e3o, realizados nos munic\u00edpios de Pescaria Brava e Tubar\u00e3o. As dilig\u00eancias tamb\u00e9m resultaram na apreens\u00e3o de materiais relevantes para a investiga\u00e7\u00e3o. Ap\u00f3s os procedimentos na delegacia, ambos foram encaminhados ao Pres\u00eddio de Laguna.<\/p><p>Com a dilig\u00eancia de hoje, j\u00e1 chega a cinco o n\u00famero de suspeitos presos no decorrer da opera\u00e7\u00e3o, por envolvimento com tr\u00e1fico de drogas e associa\u00e7\u00e3o para o tr\u00e1fico.<\/p><p>A opera\u00e7\u00e3o contou com o apoio dos Batalh\u00f5es da PMSC de Pescaria Brava e de Tubar\u00e3o, com atua\u00e7\u00e3o do Pelot\u00e3o de Patrulhamento T\u00e1tico (PPT). O Canil COPC de Crici\u00fama tamb\u00e9m participou da a\u00e7\u00e3o.<\/p>\t\t\t\t\t\t\t\t<\/div>\n\t\t\t\t<\/div>\n\t\t\t\t\t<\/div>\n\t\t<\/div>\n\t\t\t\t\t<\/div>\n\t\t<\/section>\n\t\t\t\t<\/div>\n\t\t","protected":false},"excerpt":{"rendered":"<p>PCSC deflagra terceira fase da opera\u00e7\u00e3o contra o tr\u00e1fico de drogas em Pescaria Brava e Tubar\u00e3o A Pol\u00edcia Civil de Santa Catarina, por meio das delegacias de Pescaria Brava e de Tubar\u00e3o, deflagrou na manh\u00e3 desta ter\u00e7a-feira (29) a terceira fase de uma opera\u00e7\u00e3o de investiga\u00e7\u00e3o contra o tr\u00e1fico de drogas no bairro Barreiros, em [&hellip;]<\/p>\n","protected":false},"author":5,"featured_media":28351,"comment_status":"closed","ping_status":"open","sticky":false,"template":"","format":"standard","meta":{"_monsterinsights_skip_tracking":false,"_monsterinsights_sitenote_active":false,"_monsterinsights_sitenote_note":"","_monsterinsights_sitenote_category":0,"footnotes":""},"categories":[1],"tags":[],"class_list":["post-28350","post","type-post","status-publish","format-standard","has-post-thumbnail","hentry","category-sem-categoria"],"_links":{"self":[{"href":"https:\/\/pc.sc.gov.br\/index.php?rest_route=\/wp\/v2\/posts\/28350","targetHints":{"allow":["GET"]}}],"collection":[{"href":"https:\/\/pc.sc.gov.br\/index.php?rest_route=\/wp\/v2\/posts"}],"about":[{"href":"https:\/\/pc.sc.gov.br\/index.php?rest_route=\/wp\/v2\/types\/post"}],"author":[{"embeddable":true,"href":"https:\/\/pc.sc.gov.br\/index.php?rest_route=\/wp\/v2\/users\/5"}],"replies":[{"embeddable":true,"href":"https:\/\/pc.sc.gov.br\/index.php?rest_route=%2Fwp%2Fv2%2Fcomments&post=28350"}],"version-history":[{"count":4,"href":"https:\/\/pc.sc.gov.br\/index.php?rest_route=\/wp\/v2\/posts\/28350\/revisions"}],"predecessor-version":[{"id":28355,"href":"https:\/\/pc.sc.gov.br\/index.php?rest_route=\/wp\/v2\/posts\/28350\/revisions\/28355"}],"wp:featuredmedia":[{"embeddable":true,"href":"https:\/\/pc.sc.gov.br\/index.php?rest_route=\/wp\/v2\/media\/28351"}],"wp:attachment":[{"href":"https:\/\/pc.sc.gov.br\/index.php?rest_route=%2Fwp%2Fv2%2Fmedia&parent=28350"}],"wp:term":[{"taxonomy":"category","embeddable":true,"href":"https:\/\/pc.sc.gov.br\/index.php?rest_route=%2Fwp%2Fv2%2Fcategories&post=28350"},{"taxonomy":"post_tag","embeddable":true,"href":"https:\/\/pc.sc.gov.br\/index.php?rest_route=%2Fwp%2Fv2%2Ftags&post=28350"}],"curies":[{"name":"wp","href":"https:\/\/api.w.org\/{rel}","templated":true}]}}