{"id":28370,"date":"2025-04-29T18:56:05","date_gmt":"2025-04-29T21:56:05","guid":{"rendered":"https:\/\/pc.sc.gov.br\/?p=28370"},"modified":"2025-04-29T18:57:05","modified_gmt":"2025-04-29T21:57:05","slug":"delegacia-de-protecao-animal-da-capital-prende-homem-em-flagrante-por-maus-tratos-mediante-negligencia-em-ataque-de-caes-em-hospedagem","status":"publish","type":"post","link":"https:\/\/pc.sc.gov.br\/?p=28370","title":{"rendered":"Delegacia de Prote\u00e7\u00e3o Animal da Capital prende homem em flagrante por maus-tratos mediante neglig\u00eancia em ataque de c\u00e3es em hospedagem"},"content":{"rendered":"\t\t<div data-elementor-type=\"wp-post\" data-elementor-id=\"28370\" class=\"elementor elementor-28370\" data-elementor-post-type=\"post\">\n\t\t\t\t\t\t<section class=\"elementor-section elementor-top-section elementor-element elementor-element-d17bda4 elementor-section-boxed elementor-section-height-default elementor-section-height-default\" data-id=\"d17bda4\" data-element_type=\"section\">\n\t\t\t\t\t\t<div class=\"elementor-container elementor-column-gap-default\">\n\t\t\t\t\t<div class=\"elementor-column elementor-col-100 elementor-top-column elementor-element elementor-element-a73dcdd\" data-id=\"a73dcdd\" data-element_type=\"column\">\n\t\t\t<div class=\"elementor-widget-wrap elementor-element-populated\">\n\t\t\t\t\t\t<div class=\"elementor-element elementor-element-b92aff0 elementor-widget elementor-widget-heading\" data-id=\"b92aff0\" data-element_type=\"widget\" data-widget_type=\"heading.default\">\n\t\t\t\t<div class=\"elementor-widget-container\">\n\t\t\t\t\t<h2 class=\"elementor-heading-title elementor-size-default\">Delegacia de Prote\u00e7\u00e3o Animal da Capital prende homem em flagrante por maus-tratos mediante neglig\u00eancia em ataque de c\u00e3es em hospedagem <\/h2>\t\t\t\t<\/div>\n\t\t\t\t<\/div>\n\t\t\t\t\t<\/div>\n\t\t<\/div>\n\t\t\t\t\t<\/div>\n\t\t<\/section>\n\t\t\t\t<section class=\"elementor-section elementor-top-section elementor-element elementor-element-c582208 elementor-section-boxed elementor-section-height-default elementor-section-height-default\" data-id=\"c582208\" data-element_type=\"section\">\n\t\t\t\t\t\t<div class=\"elementor-container elementor-column-gap-default\">\n\t\t\t\t\t<div class=\"elementor-column elementor-col-100 elementor-top-column elementor-element elementor-element-8dce3ee\" data-id=\"8dce3ee\" data-element_type=\"column\">\n\t\t\t<div class=\"elementor-widget-wrap elementor-element-populated\">\n\t\t\t\t\t\t<div class=\"elementor-element elementor-element-40d6661 elementor-widget elementor-widget-image\" data-id=\"40d6661\" data-element_type=\"widget\" data-widget_type=\"image.default\">\n\t\t\t\t<div class=\"elementor-widget-container\">\n\t\t\t\t\t\t\t\t\t\t\t\t\t\t\t<img fetchpriority=\"high\" decoding=\"async\" width=\"696\" height=\"928\" src=\"https:\/\/pc.sc.gov.br\/\/wp-content\/uploads\/2025\/04\/WhatsApp-Image-2025-04-29-at-18.45.54-1-768x1024.jpeg\" class=\"attachment-large size-large wp-image-28371\" alt=\"\" srcset=\"https:\/\/pc.sc.gov.br\/\/wp-content\/uploads\/2025\/04\/WhatsApp-Image-2025-04-29-at-18.45.54-1-768x1024.jpeg 768w, https:\/\/pc.sc.gov.br\/\/wp-content\/uploads\/2025\/04\/WhatsApp-Image-2025-04-29-at-18.45.54-1-225x300.jpeg 225w, https:\/\/pc.sc.gov.br\/\/wp-content\/uploads\/2025\/04\/WhatsApp-Image-2025-04-29-at-18.45.54-1-1152x1536.jpeg 1152w, https:\/\/pc.sc.gov.br\/\/wp-content\/uploads\/2025\/04\/WhatsApp-Image-2025-04-29-at-18.45.54-1.jpeg 1200w\" sizes=\"(max-width: 696px) 100vw, 696px\" \/>\t\t\t\t\t\t\t\t\t\t\t\t\t\t\t<\/div>\n\t\t\t\t<\/div>\n\t\t\t\t\t<\/div>\n\t\t<\/div>\n\t\t\t\t\t<\/div>\n\t\t<\/section>\n\t\t\t\t<section class=\"elementor-section elementor-top-section elementor-element elementor-element-9979f93 elementor-section-boxed elementor-section-height-default elementor-section-height-default\" data-id=\"9979f93\" data-element_type=\"section\">\n\t\t\t\t\t\t<div class=\"elementor-container elementor-column-gap-default\">\n\t\t\t\t\t<div class=\"elementor-column elementor-col-100 elementor-top-column elementor-element elementor-element-7e0b4c4\" data-id=\"7e0b4c4\" data-element_type=\"column\">\n\t\t\t<div class=\"elementor-widget-wrap elementor-element-populated\">\n\t\t\t\t\t\t<div class=\"elementor-element elementor-element-a12437d elementor-widget elementor-widget-text-editor\" data-id=\"a12437d\" data-element_type=\"widget\" data-widget_type=\"text-editor.default\">\n\t\t\t\t<div class=\"elementor-widget-container\">\n\t\t\t\t\t\t\t\t\t<p>A Pol\u00edcia Civil de Santa Catarina, por meio da Delegacia de Prote\u00e7\u00e3o Animal do Departamento de Investiga\u00e7\u00e3o Criminal da Capital (DPA\/DIC), em opera\u00e7\u00e3o conjunta com a Diretoria de Bem-Estar Animal &#8211; DIBEA de Florian\u00f3polis, prendeu em flagrante um homem pelo crime de maus-tratos qualificado contra c\u00e3o, majorado pela morte do animal, em raz\u00e3o da neglig\u00eancia no atendimento m\u00e9dico-veterin\u00e1rio, no bairro Rio Vermelho, em Florian\u00f3polis\/SC.<\/p><p>O procedimento flagrancial teve origem em opera\u00e7\u00e3o policial, ap\u00f3s pedido de apoio da DIBEA, em raz\u00e3o do recebimento de den\u00fancias e imagens dando conta de que o respons\u00e1vel n\u00e3o resguardava adequadamente os animais em hospedagem, sendo que, ap\u00f3s o ataque de c\u00e3es, que n\u00e3o p\u00f4de ser evitado porque os animais estavam sozinhos, n\u00e3o levou can\u00eddea idosa, gravemente ferida, a atendimento m\u00e9dico-veterin\u00e1rio, de forma que ela veio a \u00f3bito.<\/p><p>A cachorra que veio a \u00f3bito era do pr\u00f3prio respons\u00e1vel pela hospedagem, sendo que o tutor n\u00e3o procurou sequer a DIBEA para aux\u00edlio gratuito, o que denota sua extrema neglig\u00eancia com rela\u00e7\u00e3o aos cuidados com o animal e caracteriza maus-tratos do ponto de vista m\u00e9dico-veterin\u00e1rio. Os demais c\u00e3es envolvidos no ataque foram retirados do local e entregues aos seus respons\u00e1veis, e tamb\u00e9m ser\u00e3o monitorados.<\/p><p>No que tange aos outros c\u00e3es da hospedagem, foi efetuada notifica\u00e7\u00e3o para que seja resguardado o bem-estar desses animais, em especial porque alguns apresentavam secre\u00e7\u00f5es nos olhos, les\u00f5es na boca e um com tumor, bem como c\u00e3es derivados da ra\u00e7a pitbull devem ser castrados, nos moldes da Lei Estadual n\u00ba 14.204\/2007, o que ser\u00e1 devidamente acompanhado pelo \u00f3rg\u00e3o de bem-estar animal, inclusive com atendimento m\u00e9dico-veterin\u00e1rio.<\/p><p>Ainda, oficiou-se ao Conselho Regional de Medicina Veterin\u00e1ria &#8211; CRMV para conhecimento e provid\u00eancias na esfera administrativa, pois a hospedagem necessita de regulariza\u00e7\u00e3o, em especial com respons\u00e1vel t\u00e9cnico m\u00e9dico-veterin\u00e1rio para resguardar o bem-estar dos animais.<\/p><p>Formalizado o procedimento criminal na Central de Plant\u00e3o Policial da Capital, o preso permaneceu \u00e0 disposi\u00e7\u00e3o do Poder Judici\u00e1rio.<\/p>\t\t\t\t\t\t\t\t<\/div>\n\t\t\t\t<\/div>\n\t\t\t\t\t<\/div>\n\t\t<\/div>\n\t\t\t\t\t<\/div>\n\t\t<\/section>\n\t\t\t\t<section class=\"elementor-section elementor-top-section elementor-element elementor-element-1f520f6 elementor-section-boxed elementor-section-height-default elementor-section-height-default\" data-id=\"1f520f6\" data-element_type=\"section\">\n\t\t\t\t\t\t<div class=\"elementor-container elementor-column-gap-default\">\n\t\t\t\t\t<div class=\"elementor-column elementor-col-100 elementor-top-column elementor-element elementor-element-b667354\" data-id=\"b667354\" data-element_type=\"column\">\n\t\t\t<div class=\"elementor-widget-wrap elementor-element-populated\">\n\t\t\t\t\t\t<div class=\"elementor-element elementor-element-ab84ea9 elementor-widget elementor-widget-image\" data-id=\"ab84ea9\" data-element_type=\"widget\" data-widget_type=\"image.default\">\n\t\t\t\t<div class=\"elementor-widget-container\">\n\t\t\t\t\t\t\t\t\t\t\t\t\t\t\t<img decoding=\"async\" width=\"461\" height=\"1024\" src=\"https:\/\/pc.sc.gov.br\/\/wp-content\/uploads\/2025\/04\/WhatsApp-Image-2025-04-29-at-18.45.54-461x1024.jpeg\" class=\"attachment-large size-large wp-image-28373\" alt=\"\" srcset=\"https:\/\/pc.sc.gov.br\/\/wp-content\/uploads\/2025\/04\/WhatsApp-Image-2025-04-29-at-18.45.54-461x1024.jpeg 461w, https:\/\/pc.sc.gov.br\/\/wp-content\/uploads\/2025\/04\/WhatsApp-Image-2025-04-29-at-18.45.54-135x300.jpeg 135w, https:\/\/pc.sc.gov.br\/\/wp-content\/uploads\/2025\/04\/WhatsApp-Image-2025-04-29-at-18.45.54-691x1536.jpeg 691w, https:\/\/pc.sc.gov.br\/\/wp-content\/uploads\/2025\/04\/WhatsApp-Image-2025-04-29-at-18.45.54.jpeg 720w\" sizes=\"(max-width: 461px) 100vw, 461px\" \/>\t\t\t\t\t\t\t\t\t\t\t\t\t\t\t<\/div>\n\t\t\t\t<\/div>\n\t\t\t\t\t<\/div>\n\t\t<\/div>\n\t\t\t\t\t<\/div>\n\t\t<\/section>\n\t\t\t\t<\/div>\n\t\t","protected":false},"excerpt":{"rendered":"<p>Delegacia de Prote\u00e7\u00e3o Animal da Capital prende homem em flagrante por maus-tratos mediante neglig\u00eancia em ataque de c\u00e3es em hospedagem A Pol\u00edcia Civil de Santa Catarina, por meio da Delegacia de Prote\u00e7\u00e3o Animal do Departamento de Investiga\u00e7\u00e3o Criminal da Capital (DPA\/DIC), em opera\u00e7\u00e3o conjunta com a Diretoria de Bem-Estar Animal &#8211; DIBEA de Florian\u00f3polis, prendeu [&hellip;]<\/p>\n","protected":false},"author":5,"featured_media":28371,"comment_status":"closed","ping_status":"open","sticky":false,"template":"","format":"standard","meta":{"_monsterinsights_skip_tracking":false,"_monsterinsights_sitenote_active":false,"_monsterinsights_sitenote_note":"","_monsterinsights_sitenote_category":0,"footnotes":""},"categories":[1],"tags":[],"class_list":["post-28370","post","type-post","status-publish","format-standard","has-post-thumbnail","hentry","category-sem-categoria"],"_links":{"self":[{"href":"https:\/\/pc.sc.gov.br\/index.php?rest_route=\/wp\/v2\/posts\/28370","targetHints":{"allow":["GET"]}}],"collection":[{"href":"https:\/\/pc.sc.gov.br\/index.php?rest_route=\/wp\/v2\/posts"}],"about":[{"href":"https:\/\/pc.sc.gov.br\/index.php?rest_route=\/wp\/v2\/types\/post"}],"author":[{"embeddable":true,"href":"https:\/\/pc.sc.gov.br\/index.php?rest_route=\/wp\/v2\/users\/5"}],"replies":[{"embeddable":true,"href":"https:\/\/pc.sc.gov.br\/index.php?rest_route=%2Fwp%2Fv2%2Fcomments&post=28370"}],"version-history":[{"count":4,"href":"https:\/\/pc.sc.gov.br\/index.php?rest_route=\/wp\/v2\/posts\/28370\/revisions"}],"predecessor-version":[{"id":28376,"href":"https:\/\/pc.sc.gov.br\/index.php?rest_route=\/wp\/v2\/posts\/28370\/revisions\/28376"}],"wp:featuredmedia":[{"embeddable":true,"href":"https:\/\/pc.sc.gov.br\/index.php?rest_route=\/wp\/v2\/media\/28371"}],"wp:attachment":[{"href":"https:\/\/pc.sc.gov.br\/index.php?rest_route=%2Fwp%2Fv2%2Fmedia&parent=28370"}],"wp:term":[{"taxonomy":"category","embeddable":true,"href":"https:\/\/pc.sc.gov.br\/index.php?rest_route=%2Fwp%2Fv2%2Fcategories&post=28370"},{"taxonomy":"post_tag","embeddable":true,"href":"https:\/\/pc.sc.gov.br\/index.php?rest_route=%2Fwp%2Fv2%2Ftags&post=28370"}],"curies":[{"name":"wp","href":"https:\/\/api.w.org\/{rel}","templated":true}]}}