{"id":28383,"date":"2025-04-30T16:39:50","date_gmt":"2025-04-30T19:39:50","guid":{"rendered":"https:\/\/pc.sc.gov.br\/?p=28383"},"modified":"2025-04-30T16:42:59","modified_gmt":"2025-04-30T19:42:59","slug":"em-criciuma-delegacia-de-repressao-a-roubos-da-pcsc-indicia-13-pessoas-por-extorsoes-e-organizacao-criminosa","status":"publish","type":"post","link":"https:\/\/pc.sc.gov.br\/?p=28383","title":{"rendered":"Em Crici\u00fama, Delegacia de Repress\u00e3o a Roubos da PCSC indicia 13 pessoas por extors\u00f5es e organiza\u00e7\u00e3o criminosa"},"content":{"rendered":"\t\t<div data-elementor-type=\"wp-post\" data-elementor-id=\"28383\" class=\"elementor elementor-28383\" data-elementor-post-type=\"post\">\n\t\t\t\t\t\t<section class=\"elementor-section elementor-top-section elementor-element elementor-element-1d681df elementor-section-boxed elementor-section-height-default elementor-section-height-default\" data-id=\"1d681df\" data-element_type=\"section\">\n\t\t\t\t\t\t<div class=\"elementor-container elementor-column-gap-default\">\n\t\t\t\t\t<div class=\"elementor-column elementor-col-100 elementor-top-column elementor-element elementor-element-aa49899\" data-id=\"aa49899\" data-element_type=\"column\">\n\t\t\t<div class=\"elementor-widget-wrap elementor-element-populated\">\n\t\t\t\t\t\t<div class=\"elementor-element elementor-element-4ce3cc5 elementor-widget elementor-widget-heading\" data-id=\"4ce3cc5\" data-element_type=\"widget\" data-widget_type=\"heading.default\">\n\t\t\t\t<div class=\"elementor-widget-container\">\n\t\t\t\t\t<h2 class=\"elementor-heading-title elementor-size-default\">Em Crici\u00fama, Delegacia de Repress\u00e3o a Roubos da PCSC indicia 13 pessoas por extors\u00f5es e organiza\u00e7\u00e3o criminosa<\/h2>\t\t\t\t<\/div>\n\t\t\t\t<\/div>\n\t\t\t\t\t<\/div>\n\t\t<\/div>\n\t\t\t\t\t<\/div>\n\t\t<\/section>\n\t\t\t\t<section class=\"elementor-section elementor-top-section elementor-element elementor-element-59c1bea elementor-section-boxed elementor-section-height-default elementor-section-height-default\" data-id=\"59c1bea\" data-element_type=\"section\">\n\t\t\t\t\t\t<div class=\"elementor-container elementor-column-gap-default\">\n\t\t\t\t\t<div class=\"elementor-column elementor-col-100 elementor-top-column elementor-element elementor-element-3718105\" data-id=\"3718105\" data-element_type=\"column\">\n\t\t\t<div class=\"elementor-widget-wrap elementor-element-populated\">\n\t\t\t\t\t\t<div class=\"elementor-element elementor-element-4611988 elementor-widget elementor-widget-image\" data-id=\"4611988\" data-element_type=\"widget\" data-widget_type=\"image.default\">\n\t\t\t\t<div class=\"elementor-widget-container\">\n\t\t\t\t\t\t\t\t\t\t\t\t\t\t\t<img fetchpriority=\"high\" decoding=\"async\" width=\"696\" height=\"464\" src=\"https:\/\/pc.sc.gov.br\/\/wp-content\/uploads\/2025\/03\/MOTEL-INTERDITADO-fotor-20250114173939.jpg\" class=\"attachment-large size-large wp-image-27408\" alt=\"\" srcset=\"https:\/\/pc.sc.gov.br\/\/wp-content\/uploads\/2025\/03\/MOTEL-INTERDITADO-fotor-20250114173939.jpg 809w, https:\/\/pc.sc.gov.br\/\/wp-content\/uploads\/2025\/03\/MOTEL-INTERDITADO-fotor-20250114173939-300x200.jpg 300w, https:\/\/pc.sc.gov.br\/\/wp-content\/uploads\/2025\/03\/MOTEL-INTERDITADO-fotor-20250114173939-768x512.jpg 768w\" sizes=\"(max-width: 696px) 100vw, 696px\" \/>\t\t\t\t\t\t\t\t\t\t\t\t\t\t\t<\/div>\n\t\t\t\t<\/div>\n\t\t\t\t\t<\/div>\n\t\t<\/div>\n\t\t\t\t\t<\/div>\n\t\t<\/section>\n\t\t\t\t<section class=\"elementor-section elementor-top-section elementor-element elementor-element-c0867d5 elementor-section-boxed elementor-section-height-default elementor-section-height-default\" data-id=\"c0867d5\" data-element_type=\"section\">\n\t\t\t\t\t\t<div class=\"elementor-container elementor-column-gap-default\">\n\t\t\t\t\t<div class=\"elementor-column elementor-col-100 elementor-top-column elementor-element elementor-element-7b7c6ad\" data-id=\"7b7c6ad\" data-element_type=\"column\">\n\t\t\t<div class=\"elementor-widget-wrap elementor-element-populated\">\n\t\t\t\t\t\t<div class=\"elementor-element elementor-element-cd0a4d9 elementor-widget elementor-widget-text-editor\" data-id=\"cd0a4d9\" data-element_type=\"widget\" data-widget_type=\"text-editor.default\">\n\t\t\t\t<div class=\"elementor-widget-container\">\n\t\t\t\t\t\t\t\t\t<p>A Pol\u00edcia Civil de Santa Catarina, por meio da\u00a0 Delegacia de Repress\u00e3o a Roubos (DRR\/DIC Crici\u00fama), coordenada pelo Delegado Yuri Miqueluzzi, encerrou investiga\u00e7\u00e3o policial instaurada para apura\u00e7\u00e3o de condutas de extors\u00f5es realizadas contra uma fam\u00edlia. As v\u00edtimas s\u00e3o moradoras de Crici\u00fama, algumas estando com resid\u00eancia no exterior.<\/p><p>Os criminosos articularam uma trama para envolver os familiares, indicando que havia uma d\u00edvida pendente a ser quitada. Amedrontados com as reiteradas amea\u00e7as de morte por \u00e1udios e v\u00eddeos, incluindo ofensas e indicativos de torturas \u00e0s v\u00edtimas, foram realizados diversos pagamentos creditados em variadas contas banc\u00e1rias.<\/p><p>N\u00e3o satisfeitos com a expressiva quantia em dinheiro retirada, ainda coagiram a fam\u00edlia para que constitu\u00edssem procura\u00e7\u00e3o p\u00fablica para transfer\u00eancia de um im\u00f3vel aos criminosos. As amea\u00e7as eram constantes e apenas foram interrompidas ap\u00f3s a comunica\u00e7\u00e3o dos fatos \u00e0 PCSC.<\/p><p>A complexa investiga\u00e7\u00e3o teve dura\u00e7\u00e3o de 18 meses. Tr\u00eas pessoas foram identificadas como sendo os autores diretos das extors\u00f5es, estabelecendo contatos com as v\u00edtimas e articula\u00e7\u00e3o com o grupo criminoso. Outras 10 pessoas tiveram seu envolvimento estabelecido com o recebimento de valores il\u00edcitos em suas contas banc\u00e1rias.<\/p><p>Al\u00e9m das condutas de extors\u00e3o qualificada, os envolvidos tamb\u00e9m foram indiciados por organiza\u00e7\u00e3o criminosa. Dos 13 indiciados, onze possuem hist\u00f3rico criminal com passagem pelo sistema prisional ga\u00facho. O inqu\u00e9rito policial foi remetido ao Minist\u00e9rio P\u00fablico e ao Poder Judici\u00e1rio.<\/p>\t\t\t\t\t\t\t\t<\/div>\n\t\t\t\t<\/div>\n\t\t\t\t\t<\/div>\n\t\t<\/div>\n\t\t\t\t\t<\/div>\n\t\t<\/section>\n\t\t\t\t<\/div>\n\t\t","protected":false},"excerpt":{"rendered":"<p>Em Crici\u00fama, Delegacia de Repress\u00e3o a Roubos da PCSC indicia 13 pessoas por extors\u00f5es e organiza\u00e7\u00e3o criminosa A Pol\u00edcia Civil de Santa Catarina, por meio da\u00a0 Delegacia de Repress\u00e3o a Roubos (DRR\/DIC Crici\u00fama), coordenada pelo Delegado Yuri Miqueluzzi, encerrou investiga\u00e7\u00e3o policial instaurada para apura\u00e7\u00e3o de condutas de extors\u00f5es realizadas contra uma fam\u00edlia. As v\u00edtimas s\u00e3o [&hellip;]<\/p>\n","protected":false},"author":5,"featured_media":28365,"comment_status":"closed","ping_status":"open","sticky":false,"template":"","format":"standard","meta":{"_monsterinsights_skip_tracking":false,"_monsterinsights_sitenote_active":false,"_monsterinsights_sitenote_note":"","_monsterinsights_sitenote_category":0,"footnotes":""},"categories":[1],"tags":[],"class_list":["post-28383","post","type-post","status-publish","format-standard","has-post-thumbnail","hentry","category-sem-categoria"],"_links":{"self":[{"href":"https:\/\/pc.sc.gov.br\/index.php?rest_route=\/wp\/v2\/posts\/28383","targetHints":{"allow":["GET"]}}],"collection":[{"href":"https:\/\/pc.sc.gov.br\/index.php?rest_route=\/wp\/v2\/posts"}],"about":[{"href":"https:\/\/pc.sc.gov.br\/index.php?rest_route=\/wp\/v2\/types\/post"}],"author":[{"embeddable":true,"href":"https:\/\/pc.sc.gov.br\/index.php?rest_route=\/wp\/v2\/users\/5"}],"replies":[{"embeddable":true,"href":"https:\/\/pc.sc.gov.br\/index.php?rest_route=%2Fwp%2Fv2%2Fcomments&post=28383"}],"version-history":[{"count":3,"href":"https:\/\/pc.sc.gov.br\/index.php?rest_route=\/wp\/v2\/posts\/28383\/revisions"}],"predecessor-version":[{"id":28386,"href":"https:\/\/pc.sc.gov.br\/index.php?rest_route=\/wp\/v2\/posts\/28383\/revisions\/28386"}],"wp:featuredmedia":[{"embeddable":true,"href":"https:\/\/pc.sc.gov.br\/index.php?rest_route=\/wp\/v2\/media\/28365"}],"wp:attachment":[{"href":"https:\/\/pc.sc.gov.br\/index.php?rest_route=%2Fwp%2Fv2%2Fmedia&parent=28383"}],"wp:term":[{"taxonomy":"category","embeddable":true,"href":"https:\/\/pc.sc.gov.br\/index.php?rest_route=%2Fwp%2Fv2%2Fcategories&post=28383"},{"taxonomy":"post_tag","embeddable":true,"href":"https:\/\/pc.sc.gov.br\/index.php?rest_route=%2Fwp%2Fv2%2Ftags&post=28383"}],"curies":[{"name":"wp","href":"https:\/\/api.w.org\/{rel}","templated":true}]}}