{"id":28413,"date":"2025-04-30T18:45:37","date_gmt":"2025-04-30T21:45:37","guid":{"rendered":"https:\/\/pc.sc.gov.br\/?p=28413"},"modified":"2025-04-30T18:47:00","modified_gmt":"2025-04-30T21:47:00","slug":"pcsc-prende-homem-condenado-pelos-crimes-de-estupro-de-vulneravel-e-importunacao-sexual-em-petrolandia","status":"publish","type":"post","link":"https:\/\/pc.sc.gov.br\/?p=28413","title":{"rendered":"PCSC prende homem condenado pelos crimes de estupro de vulner\u00e1vel e importuna\u00e7\u00e3o sexual em Petrol\u00e2ndia"},"content":{"rendered":"\t\t<div data-elementor-type=\"wp-post\" data-elementor-id=\"28413\" class=\"elementor elementor-28413\" data-elementor-post-type=\"post\">\n\t\t\t\t\t\t<section class=\"elementor-section elementor-top-section elementor-element elementor-element-5a2871a elementor-section-boxed elementor-section-height-default elementor-section-height-default\" data-id=\"5a2871a\" data-element_type=\"section\">\n\t\t\t\t\t\t<div class=\"elementor-container elementor-column-gap-default\">\n\t\t\t\t\t<div class=\"elementor-column elementor-col-100 elementor-top-column elementor-element elementor-element-a47075a\" data-id=\"a47075a\" data-element_type=\"column\">\n\t\t\t<div class=\"elementor-widget-wrap elementor-element-populated\">\n\t\t\t\t\t\t<div class=\"elementor-element elementor-element-217106c elementor-widget elementor-widget-heading\" data-id=\"217106c\" data-element_type=\"widget\" data-widget_type=\"heading.default\">\n\t\t\t\t<div class=\"elementor-widget-container\">\n\t\t\t\t\t<h2 class=\"elementor-heading-title elementor-size-default\">PCSC prende homem condenado pelos crimes de estupro de vulner\u00e1vel e importuna\u00e7\u00e3o sexual em Petrol\u00e2ndia <\/h2>\t\t\t\t<\/div>\n\t\t\t\t<\/div>\n\t\t\t\t\t<\/div>\n\t\t<\/div>\n\t\t\t\t\t<\/div>\n\t\t<\/section>\n\t\t\t\t<section class=\"elementor-section elementor-top-section elementor-element elementor-element-f221c0d elementor-section-boxed elementor-section-height-default elementor-section-height-default\" data-id=\"f221c0d\" data-element_type=\"section\">\n\t\t\t\t\t\t<div class=\"elementor-container elementor-column-gap-default\">\n\t\t\t\t\t<div class=\"elementor-column elementor-col-100 elementor-top-column elementor-element elementor-element-09ffd48\" data-id=\"09ffd48\" data-element_type=\"column\">\n\t\t\t<div class=\"elementor-widget-wrap elementor-element-populated\">\n\t\t\t\t\t\t<div class=\"elementor-element elementor-element-4f092cb elementor-widget elementor-widget-image\" data-id=\"4f092cb\" data-element_type=\"widget\" data-widget_type=\"image.default\">\n\t\t\t\t<div class=\"elementor-widget-container\">\n\t\t\t\t\t\t\t\t\t\t\t\t\t\t\t<img fetchpriority=\"high\" decoding=\"async\" width=\"696\" height=\"743\" src=\"https:\/\/pc.sc.gov.br\/\/wp-content\/uploads\/2025\/03\/WhatsApp-Image-2025-03-17-at-14.04.41-959x1024.jpeg\" class=\"attachment-large size-large wp-image-27401\" alt=\"\" srcset=\"https:\/\/pc.sc.gov.br\/\/wp-content\/uploads\/2025\/03\/WhatsApp-Image-2025-03-17-at-14.04.41-959x1024.jpeg 959w, https:\/\/pc.sc.gov.br\/\/wp-content\/uploads\/2025\/03\/WhatsApp-Image-2025-03-17-at-14.04.41-281x300.jpeg 281w, https:\/\/pc.sc.gov.br\/\/wp-content\/uploads\/2025\/03\/WhatsApp-Image-2025-03-17-at-14.04.41-768x820.jpeg 768w, https:\/\/pc.sc.gov.br\/\/wp-content\/uploads\/2025\/03\/WhatsApp-Image-2025-03-17-at-14.04.41.jpeg 1199w\" sizes=\"(max-width: 696px) 100vw, 696px\" \/>\t\t\t\t\t\t\t\t\t\t\t\t\t\t\t<\/div>\n\t\t\t\t<\/div>\n\t\t\t\t\t<\/div>\n\t\t<\/div>\n\t\t\t\t\t<\/div>\n\t\t<\/section>\n\t\t\t\t<section class=\"elementor-section elementor-top-section elementor-element elementor-element-a4012a8 elementor-section-boxed elementor-section-height-default elementor-section-height-default\" data-id=\"a4012a8\" data-element_type=\"section\">\n\t\t\t\t\t\t<div class=\"elementor-container elementor-column-gap-default\">\n\t\t\t\t\t<div class=\"elementor-column elementor-col-100 elementor-top-column elementor-element elementor-element-7876e53\" data-id=\"7876e53\" data-element_type=\"column\">\n\t\t\t<div class=\"elementor-widget-wrap elementor-element-populated\">\n\t\t\t\t\t\t<div class=\"elementor-element elementor-element-bdb58da elementor-widget elementor-widget-text-editor\" data-id=\"bdb58da\" data-element_type=\"widget\" data-widget_type=\"text-editor.default\">\n\t\t\t\t<div class=\"elementor-widget-container\">\n\t\t\t\t\t\t\t\t\t<p>A Pol\u00edcia Civil de Santa Catarina, por interm\u00e9dio da Delegacia de Pol\u00edcia Civil da Comarca de Ascurra, com apoio da DPMU de Petrol\u00e2ndia, nesta quarta-feira (30) efetuou a pris\u00e3o de 01 (um) homem de 53 anos de idade, condenado pelos crimes de estupro de vulner\u00e1vel e importuna\u00e7\u00e3o sexual, os fatos ocorreram na cidade de Rodeio, no bairro Centro em 2022.<\/p>\n<p>A companheira do conduzido \u00e0 \u00e9poca mantinha uma pequena creche em sua resid\u00eancia, no bairro Centro, na cidade de Rodeio. No local 6 crian\u00e7as entre 7 e 8 anos de idade eram \u201ccuidadas\u201d pelo casal. No entanto, o conduzido aproveitando-se dessa situa\u00e7\u00e3o teria praticado os crimes de estupro de vulner\u00e1vel e importuna\u00e7\u00e3o sexual contra as crian\u00e7as.<\/p>\n<p>A partir da investiga\u00e7\u00e3o conduzida pela Delegacia de Pol\u00edcia de Ascurra, o suspeito fora indiciado e posteriormente processado, tendo sido condenado definitivamente a pena de 10 anos e 09 meses de reclus\u00e3o, a ser cumprido em regime fechado, por incurso nos crimes previstos nos artigos 217-A e 215, ambos do C\u00f3digo Penal.<\/p>\n<p>Ap\u00f3s a decreta\u00e7\u00e3o da pris\u00e3o e expedi\u00e7\u00e3o do mandado de pris\u00e3o, o conduzido fugiu para a cidade de Petrol\u00e2ndia, com a finalidade de evitar o cumprimento do mandado e o in\u00edcio de sua pena.<\/p>\n<p>Ap\u00f3s a realiza\u00e7\u00e3o de diversas dilig\u00eancias pelo Setor de Investiga\u00e7\u00f5es Criminais, sob a coordena\u00e7\u00e3o do Delegado Lucas Gomes de Almeida, foi poss\u00edvel localizar o preso em uma \u00e1rea rural de dif\u00edcil acesso e realizar a sua pris\u00e3o.<\/p>\n<p>O preso fora devidamente encaminhado ao Pres\u00eddio de Rio do Sul, onde ser\u00e1 submetido a audi\u00eancia de cust\u00f3dia e cumprir\u00e1 a pena decretada pelo Ju\u00edzo Criminal da Comarca de Ascurra.<\/p>\n<p>Colabore com a PCSC de Ascurra &#8211; Den\u00fancias pelo (47) 9.9793-6769. Sigilo absoluto.<span style=\"color: rgb(122, 122, 122); letter-spacing: -0.2px;\">&nbsp;<\/span><\/p>\t\t\t\t\t\t\t\t<\/div>\n\t\t\t\t<\/div>\n\t\t\t\t\t<\/div>\n\t\t<\/div>\n\t\t\t\t\t<\/div>\n\t\t<\/section>\n\t\t\t\t<\/div>\n\t\t","protected":false},"excerpt":{"rendered":"<p>PCSC prende homem condenado pelos crimes de estupro de vulner\u00e1vel e importuna\u00e7\u00e3o sexual em Petrol\u00e2ndia A Pol\u00edcia Civil de Santa Catarina, por interm\u00e9dio da Delegacia de Pol\u00edcia Civil da Comarca de Ascurra, com apoio da DPMU de Petrol\u00e2ndia, nesta quarta-feira (30) efetuou a pris\u00e3o de 01 (um) homem de 53 anos de idade, condenado pelos [&hellip;]<\/p>\n","protected":false},"author":5,"featured_media":26591,"comment_status":"closed","ping_status":"open","sticky":false,"template":"","format":"standard","meta":{"_monsterinsights_skip_tracking":false,"_monsterinsights_sitenote_active":false,"_monsterinsights_sitenote_note":"","_monsterinsights_sitenote_category":0,"footnotes":""},"categories":[1],"tags":[],"class_list":["post-28413","post","type-post","status-publish","format-standard","has-post-thumbnail","hentry","category-sem-categoria"],"_links":{"self":[{"href":"https:\/\/pc.sc.gov.br\/index.php?rest_route=\/wp\/v2\/posts\/28413","targetHints":{"allow":["GET"]}}],"collection":[{"href":"https:\/\/pc.sc.gov.br\/index.php?rest_route=\/wp\/v2\/posts"}],"about":[{"href":"https:\/\/pc.sc.gov.br\/index.php?rest_route=\/wp\/v2\/types\/post"}],"author":[{"embeddable":true,"href":"https:\/\/pc.sc.gov.br\/index.php?rest_route=\/wp\/v2\/users\/5"}],"replies":[{"embeddable":true,"href":"https:\/\/pc.sc.gov.br\/index.php?rest_route=%2Fwp%2Fv2%2Fcomments&post=28413"}],"version-history":[{"count":4,"href":"https:\/\/pc.sc.gov.br\/index.php?rest_route=\/wp\/v2\/posts\/28413\/revisions"}],"predecessor-version":[{"id":28417,"href":"https:\/\/pc.sc.gov.br\/index.php?rest_route=\/wp\/v2\/posts\/28413\/revisions\/28417"}],"wp:featuredmedia":[{"embeddable":true,"href":"https:\/\/pc.sc.gov.br\/index.php?rest_route=\/wp\/v2\/media\/26591"}],"wp:attachment":[{"href":"https:\/\/pc.sc.gov.br\/index.php?rest_route=%2Fwp%2Fv2%2Fmedia&parent=28413"}],"wp:term":[{"taxonomy":"category","embeddable":true,"href":"https:\/\/pc.sc.gov.br\/index.php?rest_route=%2Fwp%2Fv2%2Fcategories&post=28413"},{"taxonomy":"post_tag","embeddable":true,"href":"https:\/\/pc.sc.gov.br\/index.php?rest_route=%2Fwp%2Fv2%2Ftags&post=28413"}],"curies":[{"name":"wp","href":"https:\/\/api.w.org\/{rel}","templated":true}]}}