{"id":28419,"date":"2025-05-02T14:33:42","date_gmt":"2025-05-02T17:33:42","guid":{"rendered":"https:\/\/pc.sc.gov.br\/?p=28419"},"modified":"2025-05-02T14:34:34","modified_gmt":"2025-05-02T17:34:34","slug":"delegacia-de-capturas-da-deic-prende-duas-pessoas-que-estavam-foragidas-na-terca-feira-29-04","status":"publish","type":"post","link":"https:\/\/pc.sc.gov.br\/?p=28419","title":{"rendered":"Delegacia de Capturas da DEIC prende duas pessoas que estavam foragidas na ter\u00e7a-feira (29\/04)"},"content":{"rendered":"\t\t<div data-elementor-type=\"wp-post\" data-elementor-id=\"28419\" class=\"elementor elementor-28419\" data-elementor-post-type=\"post\">\n\t\t\t\t\t\t<section class=\"elementor-section elementor-top-section elementor-element elementor-element-b9ce7d7 elementor-section-boxed elementor-section-height-default elementor-section-height-default\" data-id=\"b9ce7d7\" data-element_type=\"section\">\n\t\t\t\t\t\t<div class=\"elementor-container elementor-column-gap-default\">\n\t\t\t\t\t<div class=\"elementor-column elementor-col-100 elementor-top-column elementor-element elementor-element-ee57358\" data-id=\"ee57358\" data-element_type=\"column\">\n\t\t\t<div class=\"elementor-widget-wrap elementor-element-populated\">\n\t\t\t\t\t\t<div class=\"elementor-element elementor-element-dca6298 elementor-widget elementor-widget-heading\" data-id=\"dca6298\" data-element_type=\"widget\" data-widget_type=\"heading.default\">\n\t\t\t\t<div class=\"elementor-widget-container\">\n\t\t\t\t\t<h2 class=\"elementor-heading-title elementor-size-default\">Delegacia de Capturas da DEIC prende duas pessoas que estavam foragidas na ter\u00e7a-feira (29\/04) <\/h2>\t\t\t\t<\/div>\n\t\t\t\t<\/div>\n\t\t\t\t\t<\/div>\n\t\t<\/div>\n\t\t\t\t\t<\/div>\n\t\t<\/section>\n\t\t\t\t<section class=\"elementor-section elementor-top-section elementor-element elementor-element-87c257d elementor-section-boxed elementor-section-height-default elementor-section-height-default\" data-id=\"87c257d\" data-element_type=\"section\">\n\t\t\t\t\t\t<div class=\"elementor-container elementor-column-gap-default\">\n\t\t\t\t\t<div class=\"elementor-column elementor-col-100 elementor-top-column elementor-element elementor-element-bdfb751\" data-id=\"bdfb751\" data-element_type=\"column\">\n\t\t\t<div class=\"elementor-widget-wrap elementor-element-populated\">\n\t\t\t\t\t\t<div class=\"elementor-element elementor-element-35364b4 elementor-widget elementor-widget-image\" data-id=\"35364b4\" data-element_type=\"widget\" data-widget_type=\"image.default\">\n\t\t\t\t<div class=\"elementor-widget-container\">\n\t\t\t\t\t\t\t\t\t\t\t\t\t\t\t<img fetchpriority=\"high\" decoding=\"async\" width=\"696\" height=\"696\" src=\"https:\/\/pc.sc.gov.br\/\/wp-content\/uploads\/2025\/02\/DECAP-DEIC.jpg\" class=\"attachment-large size-large wp-image-26728\" alt=\"\" srcset=\"https:\/\/pc.sc.gov.br\/\/wp-content\/uploads\/2025\/02\/DECAP-DEIC.jpg 768w, https:\/\/pc.sc.gov.br\/\/wp-content\/uploads\/2025\/02\/DECAP-DEIC-300x300.jpg 300w, https:\/\/pc.sc.gov.br\/\/wp-content\/uploads\/2025\/02\/DECAP-DEIC-150x150.jpg 150w\" sizes=\"(max-width: 696px) 100vw, 696px\" \/>\t\t\t\t\t\t\t\t\t\t\t\t\t\t\t<\/div>\n\t\t\t\t<\/div>\n\t\t\t\t\t<\/div>\n\t\t<\/div>\n\t\t\t\t\t<\/div>\n\t\t<\/section>\n\t\t\t\t<section class=\"elementor-section elementor-top-section elementor-element elementor-element-324c5f2 elementor-section-boxed elementor-section-height-default elementor-section-height-default\" data-id=\"324c5f2\" data-element_type=\"section\">\n\t\t\t\t\t\t<div class=\"elementor-container elementor-column-gap-default\">\n\t\t\t\t\t<div class=\"elementor-column elementor-col-100 elementor-top-column elementor-element elementor-element-d9ed652\" data-id=\"d9ed652\" data-element_type=\"column\">\n\t\t\t<div class=\"elementor-widget-wrap elementor-element-populated\">\n\t\t\t\t\t\t<div class=\"elementor-element elementor-element-adcca0b elementor-widget elementor-widget-text-editor\" data-id=\"adcca0b\" data-element_type=\"widget\" data-widget_type=\"text-editor.default\">\n\t\t\t\t<div class=\"elementor-widget-container\">\n\t\t\t\t\t\t\t\t\t<p>Na \u00faltima ter\u00e7a-feira (29\/05), a Pol\u00edcia Civil de Santa Catarina, por meio da Delegacia de Capturas da Diretoria Estadual de Investiga\u00e7\u00f5es Criminais (DECAP\/DEIC), prendeu dois foragidos da Justi\u00e7a: uma mulher, em S\u00e3o Jo\u00e3o Batista, e um homem, em Joinville.<\/p><p><strong>Mulher presa em S\u00e3o Jo\u00e3o Batista<\/strong><\/p><p>O mandado de pris\u00e3o foi expedido pela Primeira Vara Criminal da Vara do Tribunal do J\u00fari de Ananindeua \u2013 TJPA, em desfavor da mulher, pelo cometimento dos crimes de homic\u00eddio e oculta\u00e7\u00e3o de cad\u00e1ver. Ela foi condenada a uma pena de 15 anos de pris\u00e3o, em regime fechado.<\/p><p>Ap\u00f3s ter ci\u00eancia do referido mandado, os policiais da DECAP deram in\u00edcio \u00e0s dilig\u00eancias para localizar o paradeiro da mulher, a qual foi localizada no bairro Centro, em S\u00e3o Jo\u00e3o Batista.<\/p><p><strong>Homem preso em Joinville<\/strong><\/p><p>O mandado de pris\u00e3o tempor\u00e1ria, expedido pela Vara Criminal de Marituba\/PA, em desfavor do homem,\u00a0 pelo cometimento do crime de homic\u00eddio. \u00a0O homem era foragido da Justi\u00e7a do Estado do Par\u00e1 e alvo da opera\u00e7\u00e3o nacional &#8221;\u00a0Basilisco de Roko&#8221;, deflagrada pela Pol\u00edcia Civil do Par\u00e1,\u00a0\u00a0com apoio do Laborat\u00f3rio de Opera\u00e7\u00f5es Cibern\u00e9ticas (Ciberlab), da Diretoria de Opera\u00e7\u00f5es Integradas e de Intelig\u00eancia (Diopi), setor ligado \u00e0 Secretaria Nacional de Seguran\u00e7a P\u00fablica (Senasp) do MJSP, quando 115 mandados foram cumpridos em todo territ\u00f3rio nacional.<\/p><p>Ap\u00f3s receber as informa\u00e7\u00f5es sobre o foragido, a DECAP iniciou dilig\u00eancias para localizar e capturar foragido da Justi\u00e7a daquele Estado, acusado de armar emboscada para atentar contra a vida de um Policial\u00a0Militar. O servidor foi atingido por pelo menos tr\u00eas disparos de arma de fogo, mas sobreviveu.<\/p><p>Ap\u00f3s a identifica\u00e7\u00e3o do paradeiro de homem, a DECAP solicitou apoio operacional da DRR\/JLLE, que prontamente realizou dilig\u00eancias que culminaram na pris\u00e3o do autor.<\/p><p><strong>DECAP\/DEIC<\/strong><\/p><p>Den\u00fancias e informa\u00e7\u00f5es relacionadas a foragidos da Justi\u00e7a podem ser encaminhadas para o e-mail deic-capturas@pc.sc.gov.br. Al\u00e9m disso, pelo\u00a0<a href=\"https:\/\/sistemas.pc.sc.gov.br\/foragidos\/\"><strong>Portal Foragidos da PCSC<\/strong><\/a>\u00a0\u00e9 poss\u00edvel conhecer a rela\u00e7\u00e3o de procurados pela Justi\u00e7a. A Pol\u00edcia Civil de Santa Catarina garante o anonimato de quem prestar informa\u00e7\u00f5es sobre foragidos.<\/p>\t\t\t\t\t\t\t\t<\/div>\n\t\t\t\t<\/div>\n\t\t\t\t\t<\/div>\n\t\t<\/div>\n\t\t\t\t\t<\/div>\n\t\t<\/section>\n\t\t\t\t<\/div>\n\t\t","protected":false},"excerpt":{"rendered":"<p>Delegacia de Capturas da DEIC prende duas pessoas que estavam foragidas na ter\u00e7a-feira (29\/04) Na \u00faltima ter\u00e7a-feira (29\/05), a Pol\u00edcia Civil de Santa Catarina, por meio da Delegacia de Capturas da Diretoria Estadual de Investiga\u00e7\u00f5es Criminais (DECAP\/DEIC), prendeu dois foragidos da Justi\u00e7a: uma mulher, em S\u00e3o Jo\u00e3o Batista, e um homem, em Joinville. Mulher presa [&hellip;]<\/p>\n","protected":false},"author":5,"featured_media":26728,"comment_status":"closed","ping_status":"open","sticky":false,"template":"","format":"standard","meta":{"_monsterinsights_skip_tracking":false,"_monsterinsights_sitenote_active":false,"_monsterinsights_sitenote_note":"","_monsterinsights_sitenote_category":0,"footnotes":""},"categories":[1],"tags":[],"class_list":["post-28419","post","type-post","status-publish","format-standard","has-post-thumbnail","hentry","category-sem-categoria"],"_links":{"self":[{"href":"https:\/\/pc.sc.gov.br\/index.php?rest_route=\/wp\/v2\/posts\/28419","targetHints":{"allow":["GET"]}}],"collection":[{"href":"https:\/\/pc.sc.gov.br\/index.php?rest_route=\/wp\/v2\/posts"}],"about":[{"href":"https:\/\/pc.sc.gov.br\/index.php?rest_route=\/wp\/v2\/types\/post"}],"author":[{"embeddable":true,"href":"https:\/\/pc.sc.gov.br\/index.php?rest_route=\/wp\/v2\/users\/5"}],"replies":[{"embeddable":true,"href":"https:\/\/pc.sc.gov.br\/index.php?rest_route=%2Fwp%2Fv2%2Fcomments&post=28419"}],"version-history":[{"count":4,"href":"https:\/\/pc.sc.gov.br\/index.php?rest_route=\/wp\/v2\/posts\/28419\/revisions"}],"predecessor-version":[{"id":28423,"href":"https:\/\/pc.sc.gov.br\/index.php?rest_route=\/wp\/v2\/posts\/28419\/revisions\/28423"}],"wp:featuredmedia":[{"embeddable":true,"href":"https:\/\/pc.sc.gov.br\/index.php?rest_route=\/wp\/v2\/media\/26728"}],"wp:attachment":[{"href":"https:\/\/pc.sc.gov.br\/index.php?rest_route=%2Fwp%2Fv2%2Fmedia&parent=28419"}],"wp:term":[{"taxonomy":"category","embeddable":true,"href":"https:\/\/pc.sc.gov.br\/index.php?rest_route=%2Fwp%2Fv2%2Fcategories&post=28419"},{"taxonomy":"post_tag","embeddable":true,"href":"https:\/\/pc.sc.gov.br\/index.php?rest_route=%2Fwp%2Fv2%2Ftags&post=28419"}],"curies":[{"name":"wp","href":"https:\/\/api.w.org\/{rel}","templated":true}]}}