{"id":28424,"date":"2025-05-02T14:58:20","date_gmt":"2025-05-02T17:58:20","guid":{"rendered":"https:\/\/pc.sc.gov.br\/?p=28424"},"modified":"2025-05-02T14:58:55","modified_gmt":"2025-05-02T17:58:55","slug":"policias-civil-e-militar-deflagram-operacao-e-prendem-tres-envolvidos-em-homicidios-que-vitimaram-empresarios-em-tubarao","status":"publish","type":"post","link":"https:\/\/pc.sc.gov.br\/?p=28424","title":{"rendered":"Pol\u00edcias Civil e Militar deflagram opera\u00e7\u00e3o e prendem tr\u00eas envolvidos em homic\u00eddios que vitimaram empres\u00e1rios em Tubar\u00e3o"},"content":{"rendered":"\t\t<div data-elementor-type=\"wp-post\" data-elementor-id=\"28424\" class=\"elementor elementor-28424\" data-elementor-post-type=\"post\">\n\t\t\t\t\t\t<section class=\"elementor-section elementor-top-section elementor-element elementor-element-404e84f elementor-section-boxed elementor-section-height-default elementor-section-height-default\" data-id=\"404e84f\" data-element_type=\"section\">\n\t\t\t\t\t\t<div class=\"elementor-container elementor-column-gap-default\">\n\t\t\t\t\t<div class=\"elementor-column elementor-col-100 elementor-top-column elementor-element elementor-element-d75259f\" data-id=\"d75259f\" data-element_type=\"column\">\n\t\t\t<div class=\"elementor-widget-wrap elementor-element-populated\">\n\t\t\t\t\t\t<div class=\"elementor-element elementor-element-36fc961 elementor-widget elementor-widget-heading\" data-id=\"36fc961\" data-element_type=\"widget\" data-widget_type=\"heading.default\">\n\t\t\t\t<div class=\"elementor-widget-container\">\n\t\t\t\t\t<h2 class=\"elementor-heading-title elementor-size-default\">Pol\u00edcias Civil e Militar deflagram opera\u00e7\u00e3o e prendem tr\u00eas envolvidos em homic\u00eddios que vitimaram empres\u00e1rios em Tubar\u00e3o<\/h2>\t\t\t\t<\/div>\n\t\t\t\t<\/div>\n\t\t\t\t\t<\/div>\n\t\t<\/div>\n\t\t\t\t\t<\/div>\n\t\t<\/section>\n\t\t\t\t<section class=\"elementor-section elementor-top-section elementor-element elementor-element-64f1cc1 elementor-section-boxed elementor-section-height-default elementor-section-height-default\" data-id=\"64f1cc1\" data-element_type=\"section\">\n\t\t\t\t\t\t<div class=\"elementor-container elementor-column-gap-default\">\n\t\t\t\t\t<div class=\"elementor-column elementor-col-100 elementor-top-column elementor-element elementor-element-e58443b\" data-id=\"e58443b\" data-element_type=\"column\">\n\t\t\t<div class=\"elementor-widget-wrap elementor-element-populated\">\n\t\t\t\t\t\t<div class=\"elementor-element elementor-element-8577fb6 elementor-widget elementor-widget-image\" data-id=\"8577fb6\" data-element_type=\"widget\" data-widget_type=\"image.default\">\n\t\t\t\t<div class=\"elementor-widget-container\">\n\t\t\t\t\t\t\t\t\t\t\t\t\t\t\t<img fetchpriority=\"high\" decoding=\"async\" width=\"696\" height=\"329\" src=\"https:\/\/pc.sc.gov.br\/\/wp-content\/uploads\/2025\/04\/videira2_51467587006_o-fotor-20241129134120.jpg\" class=\"attachment-large size-large wp-image-28365\" alt=\"\" srcset=\"https:\/\/pc.sc.gov.br\/\/wp-content\/uploads\/2025\/04\/videira2_51467587006_o-fotor-20241129134120.jpg 807w, https:\/\/pc.sc.gov.br\/\/wp-content\/uploads\/2025\/04\/videira2_51467587006_o-fotor-20241129134120-300x142.jpg 300w, https:\/\/pc.sc.gov.br\/\/wp-content\/uploads\/2025\/04\/videira2_51467587006_o-fotor-20241129134120-768x364.jpg 768w\" sizes=\"(max-width: 696px) 100vw, 696px\" \/>\t\t\t\t\t\t\t\t\t\t\t\t\t\t\t<\/div>\n\t\t\t\t<\/div>\n\t\t\t\t\t<\/div>\n\t\t<\/div>\n\t\t\t\t\t<\/div>\n\t\t<\/section>\n\t\t\t\t<section class=\"elementor-section elementor-top-section elementor-element elementor-element-e67226b elementor-section-boxed elementor-section-height-default elementor-section-height-default\" data-id=\"e67226b\" data-element_type=\"section\">\n\t\t\t\t\t\t<div class=\"elementor-container elementor-column-gap-default\">\n\t\t\t\t\t<div class=\"elementor-column elementor-col-100 elementor-top-column elementor-element elementor-element-a9fe2d5\" data-id=\"a9fe2d5\" data-element_type=\"column\">\n\t\t\t<div class=\"elementor-widget-wrap elementor-element-populated\">\n\t\t\t\t\t\t<div class=\"elementor-element elementor-element-f3a1c07 elementor-widget elementor-widget-text-editor\" data-id=\"f3a1c07\" data-element_type=\"widget\" data-widget_type=\"text-editor.default\">\n\t\t\t\t<div class=\"elementor-widget-container\">\n\t\t\t\t\t\t\t\t\t<p>Na quarta-feira (30\/05), a Pol\u00edcia Civil de Santa Catarina, por meio da equipe da Delegacia de Investiga\u00e7\u00f5es Criminais de Tubar\u00e3o, e a Ag\u00eancia de Intelig\u00eancia do 5\u00ba BPM realizaram opera\u00e7\u00e3o policial destinada a dar cumprimento a 3 mandados de pris\u00e3o tempor\u00e1ria e 6 mandados de busca e apreens\u00e3o domiciliar, referentes \u00e0 investiga\u00e7\u00e3o relacionada ao atentado praticado contra o casal de empres\u00e1rios ocorrido em 22\/04\/2025.<\/p><p>Ap\u00f3s uma semana de intensas dilig\u00eancias investigativas, os policiais conseguiram identificar os sujeitos respons\u00e1veis pelos disparos, pela condu\u00e7\u00e3o do ve\u00edculo utilizado, bem como pelo resgate da dupla na cidade de Imbituba \u2013 local utilizado para a oculta\u00e7\u00e3o do carro empregado no crime.<\/p><p>Os tr\u00eas suspeitos foram presos nas cidades de Tubar\u00e3o e Capivari de Baixo e, em seguida, encaminhados \u00e0 sede da DIC, onde foram devidamente interrogados a respeito dos fatos.<\/p><p>A DIC de Tubar\u00e3o prossegue nas investiga\u00e7\u00f5es com intuito de revelar maiores detalhes a respeito do crime praticado, podendo perdurar por mais 30 dias a partir da data de hoje.<\/p>\t\t\t\t\t\t\t\t<\/div>\n\t\t\t\t<\/div>\n\t\t\t\t\t<\/div>\n\t\t<\/div>\n\t\t\t\t\t<\/div>\n\t\t<\/section>\n\t\t\t\t<\/div>\n\t\t","protected":false},"excerpt":{"rendered":"<p>Pol\u00edcias Civil e Militar deflagram opera\u00e7\u00e3o e prendem tr\u00eas envolvidos em homic\u00eddios que vitimaram empres\u00e1rios em Tubar\u00e3o Na quarta-feira (30\/05), a Pol\u00edcia Civil de Santa Catarina, por meio da equipe da Delegacia de Investiga\u00e7\u00f5es Criminais de Tubar\u00e3o, e a Ag\u00eancia de Intelig\u00eancia do 5\u00ba BPM realizaram opera\u00e7\u00e3o policial destinada a dar cumprimento a 3 mandados [&hellip;]<\/p>\n","protected":false},"author":5,"featured_media":28365,"comment_status":"closed","ping_status":"open","sticky":false,"template":"","format":"standard","meta":{"_monsterinsights_skip_tracking":false,"_monsterinsights_sitenote_active":false,"_monsterinsights_sitenote_note":"","_monsterinsights_sitenote_category":0,"footnotes":""},"categories":[1],"tags":[],"class_list":["post-28424","post","type-post","status-publish","format-standard","has-post-thumbnail","hentry","category-sem-categoria"],"_links":{"self":[{"href":"https:\/\/pc.sc.gov.br\/index.php?rest_route=\/wp\/v2\/posts\/28424","targetHints":{"allow":["GET"]}}],"collection":[{"href":"https:\/\/pc.sc.gov.br\/index.php?rest_route=\/wp\/v2\/posts"}],"about":[{"href":"https:\/\/pc.sc.gov.br\/index.php?rest_route=\/wp\/v2\/types\/post"}],"author":[{"embeddable":true,"href":"https:\/\/pc.sc.gov.br\/index.php?rest_route=\/wp\/v2\/users\/5"}],"replies":[{"embeddable":true,"href":"https:\/\/pc.sc.gov.br\/index.php?rest_route=%2Fwp%2Fv2%2Fcomments&post=28424"}],"version-history":[{"count":4,"href":"https:\/\/pc.sc.gov.br\/index.php?rest_route=\/wp\/v2\/posts\/28424\/revisions"}],"predecessor-version":[{"id":28428,"href":"https:\/\/pc.sc.gov.br\/index.php?rest_route=\/wp\/v2\/posts\/28424\/revisions\/28428"}],"wp:featuredmedia":[{"embeddable":true,"href":"https:\/\/pc.sc.gov.br\/index.php?rest_route=\/wp\/v2\/media\/28365"}],"wp:attachment":[{"href":"https:\/\/pc.sc.gov.br\/index.php?rest_route=%2Fwp%2Fv2%2Fmedia&parent=28424"}],"wp:term":[{"taxonomy":"category","embeddable":true,"href":"https:\/\/pc.sc.gov.br\/index.php?rest_route=%2Fwp%2Fv2%2Fcategories&post=28424"},{"taxonomy":"post_tag","embeddable":true,"href":"https:\/\/pc.sc.gov.br\/index.php?rest_route=%2Fwp%2Fv2%2Ftags&post=28424"}],"curies":[{"name":"wp","href":"https:\/\/api.w.org\/{rel}","templated":true}]}}