{"id":28429,"date":"2025-05-02T15:03:40","date_gmt":"2025-05-02T18:03:40","guid":{"rendered":"https:\/\/pc.sc.gov.br\/?p=28429"},"modified":"2025-05-02T15:04:25","modified_gmt":"2025-05-02T18:04:25","slug":"dic-de-tubarao-prende-dois-suspeitos-de-participar-em-roubo-a-salao-de-beleza-do-municipio","status":"publish","type":"post","link":"https:\/\/pc.sc.gov.br\/?p=28429","title":{"rendered":"DIC de Tubar\u00e3o prende dois suspeitos de participar em roubo a sal\u00e3o de beleza do munic\u00edpio"},"content":{"rendered":"\t\t<div data-elementor-type=\"wp-post\" data-elementor-id=\"28429\" class=\"elementor elementor-28429\" data-elementor-post-type=\"post\">\n\t\t\t\t\t\t<section class=\"elementor-section elementor-top-section elementor-element elementor-element-e0ec3b4 elementor-section-boxed elementor-section-height-default elementor-section-height-default\" data-id=\"e0ec3b4\" data-element_type=\"section\">\n\t\t\t\t\t\t<div class=\"elementor-container elementor-column-gap-default\">\n\t\t\t\t\t<div class=\"elementor-column elementor-col-100 elementor-top-column elementor-element elementor-element-fd00933\" data-id=\"fd00933\" data-element_type=\"column\">\n\t\t\t<div class=\"elementor-widget-wrap elementor-element-populated\">\n\t\t\t\t\t\t<div class=\"elementor-element elementor-element-179a365 elementor-widget elementor-widget-heading\" data-id=\"179a365\" data-element_type=\"widget\" data-widget_type=\"heading.default\">\n\t\t\t\t<div class=\"elementor-widget-container\">\n\t\t\t\t\t<h2 class=\"elementor-heading-title elementor-size-default\">DIC de Tubar\u00e3o prende dois suspeitos de participar em roubo a sal\u00e3o de beleza do munic\u00edpio <\/h2>\t\t\t\t<\/div>\n\t\t\t\t<\/div>\n\t\t\t\t\t<\/div>\n\t\t<\/div>\n\t\t\t\t\t<\/div>\n\t\t<\/section>\n\t\t\t\t<section class=\"elementor-section elementor-top-section elementor-element elementor-element-a3f23fe elementor-section-boxed elementor-section-height-default elementor-section-height-default\" data-id=\"a3f23fe\" data-element_type=\"section\">\n\t\t\t\t\t\t<div class=\"elementor-container elementor-column-gap-default\">\n\t\t\t\t\t<div class=\"elementor-column elementor-col-100 elementor-top-column elementor-element elementor-element-38569db\" data-id=\"38569db\" data-element_type=\"column\">\n\t\t\t<div class=\"elementor-widget-wrap elementor-element-populated\">\n\t\t\t\t\t\t<div class=\"elementor-element elementor-element-e63b33a elementor-widget elementor-widget-image\" data-id=\"e63b33a\" data-element_type=\"widget\" data-widget_type=\"image.default\">\n\t\t\t\t<div class=\"elementor-widget-container\">\n\t\t\t\t\t\t\t\t\t\t\t\t\t\t\t<img fetchpriority=\"high\" decoding=\"async\" width=\"696\" height=\"1004\" src=\"https:\/\/pc.sc.gov.br\/\/wp-content\/uploads\/2023\/06\/VIATURA_000000000028-1-e1755803154189-710x1024.jpg\" class=\"attachment-large size-large wp-image-10113\" alt=\"\" srcset=\"https:\/\/pc.sc.gov.br\/\/wp-content\/uploads\/2023\/06\/VIATURA_000000000028-1-e1755803154189-710x1024.jpg 710w, https:\/\/pc.sc.gov.br\/\/wp-content\/uploads\/2023\/06\/VIATURA_000000000028-1-e1755803154189-208x300.jpg 208w, https:\/\/pc.sc.gov.br\/\/wp-content\/uploads\/2023\/06\/VIATURA_000000000028-1-e1755803154189.jpg 720w\" sizes=\"(max-width: 696px) 100vw, 696px\" \/>\t\t\t\t\t\t\t\t\t\t\t\t\t\t\t<\/div>\n\t\t\t\t<\/div>\n\t\t\t\t\t<\/div>\n\t\t<\/div>\n\t\t\t\t\t<\/div>\n\t\t<\/section>\n\t\t\t\t<section class=\"elementor-section elementor-top-section elementor-element elementor-element-2ac3163 elementor-section-boxed elementor-section-height-default elementor-section-height-default\" data-id=\"2ac3163\" data-element_type=\"section\">\n\t\t\t\t\t\t<div class=\"elementor-container elementor-column-gap-default\">\n\t\t\t\t\t<div class=\"elementor-column elementor-col-100 elementor-top-column elementor-element elementor-element-ad9f92a\" data-id=\"ad9f92a\" data-element_type=\"column\">\n\t\t\t<div class=\"elementor-widget-wrap elementor-element-populated\">\n\t\t\t\t\t\t<div class=\"elementor-element elementor-element-3065d2c elementor-widget elementor-widget-text-editor\" data-id=\"3065d2c\" data-element_type=\"widget\" data-widget_type=\"text-editor.default\">\n\t\t\t\t<div class=\"elementor-widget-container\">\n\t\t\t\t\t\t\t\t\t<p>A Pol\u00edcia Civil de Santa Catarina, por meio da Delegacia de Investiga\u00e7\u00e3o Criminal de Tubar\u00e3o (DIC\/PCSC), tomou conhecimento de que, no dia 12 de fevereiro de 2025, por volta das 18h30min, um indiv\u00edduo com uma faca teria ingressado em um sal\u00e3o de beleza, situado no bairro Aeroporto, em Tubar\u00e3o e, mediante grave amea\u00e7a, teria subtra\u00eddo diversos itens, notadamente Mega Hair (27 unidades).<\/p><p>Nesse mesmo dia, a Pol\u00edcia Militar logrou \u00eaxito em capturar o autor direto do roubo e recuperar os objetos subtra\u00eddos. O homem foi conduzido \u00e0 Delegacia de Pol\u00edcia e autuado em flagrante pela autoridade policial de plant\u00e3o.<\/p><p>J\u00e1 de in\u00edcio, informa\u00e7\u00f5es aportaram que um casal que atuava nesse ramo comercial (com\u00e9rcio e servi\u00e7os envolvendo mega hair) teria constrangido o autor direto a praticar o roubo como uma forma de quitar d\u00edvidas de droga que ele possu\u00eda.<\/p><p>Com isso, a DIC de Tubar\u00e3o instaurou inqu\u00e9rito policial e, ap\u00f3s a coleta de robusto conjunto probat\u00f3rio, identificou o casal. O delegado respons\u00e1vel pelo caso representou pela pris\u00e3o preventiva dos suspeitos e por outras medidas cautelares, sendo os pleitos integralmente deferidos pelo Ju\u00edzo da 1\u00aa Vara Criminal de Tubar\u00e3o.<\/p><p>De posse dos competentes mandados, no final da manh\u00e3 desta sexta (02\/05), equipes da DIC de Tubar\u00e3o se deslocaram ao bairro Santo Ant\u00f4nio de P\u00e1dua e capturaram os investigados.<\/p><p>O casal foi encaminhado \u00e0 sede da DIC de Tubar\u00e3o, permaneceram calados durante o interrogat\u00f3rio e, ap\u00f3s os procedimentos de Pol\u00edcia Judici\u00e1ria ,foram encaminhados aos respectivos pres\u00eddios, onde permanecer\u00e3o \u00e0 disposi\u00e7\u00e3o do Poder Judici\u00e1rio.<\/p>\t\t\t\t\t\t\t\t<\/div>\n\t\t\t\t<\/div>\n\t\t\t\t\t<\/div>\n\t\t<\/div>\n\t\t\t\t\t<\/div>\n\t\t<\/section>\n\t\t\t\t<\/div>\n\t\t","protected":false},"excerpt":{"rendered":"<p>DIC de Tubar\u00e3o prende dois suspeitos de participar em roubo a sal\u00e3o de beleza do munic\u00edpio A Pol\u00edcia Civil de Santa Catarina, por meio da Delegacia de Investiga\u00e7\u00e3o Criminal de Tubar\u00e3o (DIC\/PCSC), tomou conhecimento de que, no dia 12 de fevereiro de 2025, por volta das 18h30min, um indiv\u00edduo com uma faca teria ingressado em [&hellip;]<\/p>\n","protected":false},"author":5,"featured_media":9267,"comment_status":"closed","ping_status":"open","sticky":false,"template":"","format":"standard","meta":{"_monsterinsights_skip_tracking":false,"_monsterinsights_sitenote_active":false,"_monsterinsights_sitenote_note":"","_monsterinsights_sitenote_category":0,"footnotes":""},"categories":[1],"tags":[],"class_list":["post-28429","post","type-post","status-publish","format-standard","has-post-thumbnail","hentry","category-sem-categoria"],"_links":{"self":[{"href":"https:\/\/pc.sc.gov.br\/index.php?rest_route=\/wp\/v2\/posts\/28429","targetHints":{"allow":["GET"]}}],"collection":[{"href":"https:\/\/pc.sc.gov.br\/index.php?rest_route=\/wp\/v2\/posts"}],"about":[{"href":"https:\/\/pc.sc.gov.br\/index.php?rest_route=\/wp\/v2\/types\/post"}],"author":[{"embeddable":true,"href":"https:\/\/pc.sc.gov.br\/index.php?rest_route=\/wp\/v2\/users\/5"}],"replies":[{"embeddable":true,"href":"https:\/\/pc.sc.gov.br\/index.php?rest_route=%2Fwp%2Fv2%2Fcomments&post=28429"}],"version-history":[{"count":4,"href":"https:\/\/pc.sc.gov.br\/index.php?rest_route=\/wp\/v2\/posts\/28429\/revisions"}],"predecessor-version":[{"id":28433,"href":"https:\/\/pc.sc.gov.br\/index.php?rest_route=\/wp\/v2\/posts\/28429\/revisions\/28433"}],"wp:featuredmedia":[{"embeddable":true,"href":"https:\/\/pc.sc.gov.br\/index.php?rest_route=\/wp\/v2\/media\/9267"}],"wp:attachment":[{"href":"https:\/\/pc.sc.gov.br\/index.php?rest_route=%2Fwp%2Fv2%2Fmedia&parent=28429"}],"wp:term":[{"taxonomy":"category","embeddable":true,"href":"https:\/\/pc.sc.gov.br\/index.php?rest_route=%2Fwp%2Fv2%2Fcategories&post=28429"},{"taxonomy":"post_tag","embeddable":true,"href":"https:\/\/pc.sc.gov.br\/index.php?rest_route=%2Fwp%2Fv2%2Ftags&post=28429"}],"curies":[{"name":"wp","href":"https:\/\/api.w.org\/{rel}","templated":true}]}}