{"id":28435,"date":"2025-05-02T15:07:30","date_gmt":"2025-05-02T18:07:30","guid":{"rendered":"https:\/\/pc.sc.gov.br\/?p=28435"},"modified":"2025-05-02T15:08:37","modified_gmt":"2025-05-02T18:08:37","slug":"dpa-participa-do-1o-forum-catarinense-de-prevencao-a-crueldade-animal","status":"publish","type":"post","link":"https:\/\/pc.sc.gov.br\/?p=28435","title":{"rendered":"DPA participa do 1\u00ba F\u00f3rum Catarinense de Preven\u00e7\u00e3o \u00e0 Crueldade Animal"},"content":{"rendered":"\t\t<div data-elementor-type=\"wp-post\" data-elementor-id=\"28435\" class=\"elementor elementor-28435\" data-elementor-post-type=\"post\">\n\t\t\t\t\t\t<section class=\"elementor-section elementor-top-section elementor-element elementor-element-7931874 elementor-section-boxed elementor-section-height-default elementor-section-height-default\" data-id=\"7931874\" data-element_type=\"section\">\n\t\t\t\t\t\t<div class=\"elementor-container elementor-column-gap-default\">\n\t\t\t\t\t<div class=\"elementor-column elementor-col-100 elementor-top-column elementor-element elementor-element-965bc0c\" data-id=\"965bc0c\" data-element_type=\"column\">\n\t\t\t<div class=\"elementor-widget-wrap elementor-element-populated\">\n\t\t\t\t\t\t<div class=\"elementor-element elementor-element-79eaddb elementor-widget elementor-widget-heading\" data-id=\"79eaddb\" data-element_type=\"widget\" data-widget_type=\"heading.default\">\n\t\t\t\t<div class=\"elementor-widget-container\">\n\t\t\t\t\t<h2 class=\"elementor-heading-title elementor-size-default\">DPA participa do 1\u00ba F\u00f3rum Catarinense de Preven\u00e7\u00e3o \u00e0 Crueldade Animal<\/h2>\t\t\t\t<\/div>\n\t\t\t\t<\/div>\n\t\t\t\t\t<\/div>\n\t\t<\/div>\n\t\t\t\t\t<\/div>\n\t\t<\/section>\n\t\t\t\t<section class=\"elementor-section elementor-top-section elementor-element elementor-element-3838d90 elementor-section-boxed elementor-section-height-default elementor-section-height-default\" data-id=\"3838d90\" data-element_type=\"section\">\n\t\t\t\t\t\t<div class=\"elementor-container elementor-column-gap-default\">\n\t\t\t\t\t<div class=\"elementor-column elementor-col-100 elementor-top-column elementor-element elementor-element-f227ee1\" data-id=\"f227ee1\" data-element_type=\"column\">\n\t\t\t<div class=\"elementor-widget-wrap elementor-element-populated\">\n\t\t\t\t\t\t<div class=\"elementor-element elementor-element-b9c1ccb elementor-widget elementor-widget-image\" data-id=\"b9c1ccb\" data-element_type=\"widget\" data-widget_type=\"image.default\">\n\t\t\t\t<div class=\"elementor-widget-container\">\n\t\t\t\t\t\t\t\t\t\t\t\t\t\t\t<img fetchpriority=\"high\" decoding=\"async\" width=\"696\" height=\"392\" src=\"https:\/\/pc.sc.gov.br\/\/wp-content\/uploads\/2025\/05\/WhatsApp-Image-2025-05-02-at-14.15.24-1024x576.jpeg\" class=\"attachment-large size-large wp-image-28436\" alt=\"\" srcset=\"https:\/\/pc.sc.gov.br\/\/wp-content\/uploads\/2025\/05\/WhatsApp-Image-2025-05-02-at-14.15.24-1024x576.jpeg 1024w, https:\/\/pc.sc.gov.br\/\/wp-content\/uploads\/2025\/05\/WhatsApp-Image-2025-05-02-at-14.15.24-300x169.jpeg 300w, https:\/\/pc.sc.gov.br\/\/wp-content\/uploads\/2025\/05\/WhatsApp-Image-2025-05-02-at-14.15.24-768x432.jpeg 768w, https:\/\/pc.sc.gov.br\/\/wp-content\/uploads\/2025\/05\/WhatsApp-Image-2025-05-02-at-14.15.24-1536x864.jpeg 1536w, https:\/\/pc.sc.gov.br\/\/wp-content\/uploads\/2025\/05\/WhatsApp-Image-2025-05-02-at-14.15.24.jpeg 1600w\" sizes=\"(max-width: 696px) 100vw, 696px\" \/>\t\t\t\t\t\t\t\t\t\t\t\t\t\t\t<\/div>\n\t\t\t\t<\/div>\n\t\t\t\t\t<\/div>\n\t\t<\/div>\n\t\t\t\t\t<\/div>\n\t\t<\/section>\n\t\t\t\t<section class=\"elementor-section elementor-top-section elementor-element elementor-element-e8de432 elementor-section-boxed elementor-section-height-default elementor-section-height-default\" data-id=\"e8de432\" data-element_type=\"section\">\n\t\t\t\t\t\t<div class=\"elementor-container elementor-column-gap-default\">\n\t\t\t\t\t<div class=\"elementor-column elementor-col-100 elementor-top-column elementor-element elementor-element-726f645\" data-id=\"726f645\" data-element_type=\"column\">\n\t\t\t<div class=\"elementor-widget-wrap elementor-element-populated\">\n\t\t\t\t\t\t<div class=\"elementor-element elementor-element-2c1aa6b elementor-widget elementor-widget-text-editor\" data-id=\"2c1aa6b\" data-element_type=\"widget\" data-widget_type=\"text-editor.default\">\n\t\t\t\t<div class=\"elementor-widget-container\">\n\t\t\t\t\t\t\t\t\t<p>A Pol\u00edcia Civil de Santa Catarina, por meio da Delegacia de Prote\u00e7\u00e3o Animal do Departamento de Investiga\u00e7\u00e3o Criminal da Capital (DPA\/DIC), participou do 1\u00ba F\u00f3rum Catarinense de Preven\u00e7\u00e3o \u00e0 Crueldade Animal, que ocorreu no \u00faltimo dia 30, no audit\u00f3rio da Granfpolis, na Capital. Na oportunidade, a delegada de pol\u00edcia Mardjoli Adorian Valcareggi, titular da DPA da Capital, apresentou o fluxograma de atua\u00e7\u00e3o, os resultados e os desafios da primeira delegacia especializada de prote\u00e7\u00e3o animal no estado. Ainda, a pedido dos organizadores, trouxe apontamentos sobre a Teoria do Link ou Teoria do Elo, que diz respeito \u00e0 colinearidade entre a viol\u00eancia contra animais e a viol\u00eancia contra humanos.<\/p><p>Promovido pelo Governo de Santa Catarina, Secretaria de Estado do Meio Ambiente e da Economia Verde (Semae) e sua Diretoria de Bem-Estar Animal (Dibea estadual), o 1\u00ba F\u00f3rum tem o compromisso de ampliar a prote\u00e7\u00e3o, defesa e bem-estar dos animais. No evento foi lan\u00e7ado o edital do programa PET Levado a S\u00e9rio, uma iniciativa do Governo do Estado que prev\u00ea parcerias diretas com os munic\u00edpios para fomentar a\u00e7\u00f5es efetivas em prol da causa animal.<\/p>\t\t\t\t\t\t\t\t<\/div>\n\t\t\t\t<\/div>\n\t\t\t\t\t<\/div>\n\t\t<\/div>\n\t\t\t\t\t<\/div>\n\t\t<\/section>\n\t\t\t\t<\/div>\n\t\t","protected":false},"excerpt":{"rendered":"<p>DPA participa do 1\u00ba F\u00f3rum Catarinense de Preven\u00e7\u00e3o \u00e0 Crueldade Animal A Pol\u00edcia Civil de Santa Catarina, por meio da Delegacia de Prote\u00e7\u00e3o Animal do Departamento de Investiga\u00e7\u00e3o Criminal da Capital (DPA\/DIC), participou do 1\u00ba F\u00f3rum Catarinense de Preven\u00e7\u00e3o \u00e0 Crueldade Animal, que ocorreu no \u00faltimo dia 30, no audit\u00f3rio da Granfpolis, na Capital. Na [&hellip;]<\/p>\n","protected":false},"author":5,"featured_media":28436,"comment_status":"closed","ping_status":"open","sticky":false,"template":"","format":"standard","meta":{"_monsterinsights_skip_tracking":false,"_monsterinsights_sitenote_active":false,"_monsterinsights_sitenote_note":"","_monsterinsights_sitenote_category":0,"footnotes":""},"categories":[1],"tags":[],"class_list":["post-28435","post","type-post","status-publish","format-standard","has-post-thumbnail","hentry","category-sem-categoria"],"_links":{"self":[{"href":"https:\/\/pc.sc.gov.br\/index.php?rest_route=\/wp\/v2\/posts\/28435","targetHints":{"allow":["GET"]}}],"collection":[{"href":"https:\/\/pc.sc.gov.br\/index.php?rest_route=\/wp\/v2\/posts"}],"about":[{"href":"https:\/\/pc.sc.gov.br\/index.php?rest_route=\/wp\/v2\/types\/post"}],"author":[{"embeddable":true,"href":"https:\/\/pc.sc.gov.br\/index.php?rest_route=\/wp\/v2\/users\/5"}],"replies":[{"embeddable":true,"href":"https:\/\/pc.sc.gov.br\/index.php?rest_route=%2Fwp%2Fv2%2Fcomments&post=28435"}],"version-history":[{"count":4,"href":"https:\/\/pc.sc.gov.br\/index.php?rest_route=\/wp\/v2\/posts\/28435\/revisions"}],"predecessor-version":[{"id":28440,"href":"https:\/\/pc.sc.gov.br\/index.php?rest_route=\/wp\/v2\/posts\/28435\/revisions\/28440"}],"wp:featuredmedia":[{"embeddable":true,"href":"https:\/\/pc.sc.gov.br\/index.php?rest_route=\/wp\/v2\/media\/28436"}],"wp:attachment":[{"href":"https:\/\/pc.sc.gov.br\/index.php?rest_route=%2Fwp%2Fv2%2Fmedia&parent=28435"}],"wp:term":[{"taxonomy":"category","embeddable":true,"href":"https:\/\/pc.sc.gov.br\/index.php?rest_route=%2Fwp%2Fv2%2Fcategories&post=28435"},{"taxonomy":"post_tag","embeddable":true,"href":"https:\/\/pc.sc.gov.br\/index.php?rest_route=%2Fwp%2Fv2%2Ftags&post=28435"}],"curies":[{"name":"wp","href":"https:\/\/api.w.org\/{rel}","templated":true}]}}