{"id":28457,"date":"2025-05-05T17:11:39","date_gmt":"2025-05-05T20:11:39","guid":{"rendered":"https:\/\/pc.sc.gov.br\/?p=28457"},"modified":"2025-05-05T17:13:01","modified_gmt":"2025-05-05T20:13:01","slug":"operacao-da-dic-de-lages-resulta-na-prisao-de-homem-investigado-pelos-crimes-de-homicidio-tentado-e-trafico-de-drogas","status":"publish","type":"post","link":"https:\/\/pc.sc.gov.br\/?p=28457","title":{"rendered":"Opera\u00e7\u00e3o da DIC de Lages resulta na pris\u00e3o de homem investigado pelos crimes de homic\u00eddio tentado e tr\u00e1fico de drogas"},"content":{"rendered":"\t\t<div data-elementor-type=\"wp-post\" data-elementor-id=\"28457\" class=\"elementor elementor-28457\" data-elementor-post-type=\"post\">\n\t\t\t\t\t\t<section class=\"elementor-section elementor-top-section elementor-element elementor-element-2da3104 elementor-section-boxed elementor-section-height-default elementor-section-height-default\" data-id=\"2da3104\" data-element_type=\"section\">\n\t\t\t\t\t\t<div class=\"elementor-container elementor-column-gap-default\">\n\t\t\t\t\t<div class=\"elementor-column elementor-col-100 elementor-top-column elementor-element elementor-element-61ef5d6\" data-id=\"61ef5d6\" data-element_type=\"column\">\n\t\t\t<div class=\"elementor-widget-wrap elementor-element-populated\">\n\t\t\t\t\t\t<div class=\"elementor-element elementor-element-8bb08eb elementor-widget elementor-widget-heading\" data-id=\"8bb08eb\" data-element_type=\"widget\" data-widget_type=\"heading.default\">\n\t\t\t\t<div class=\"elementor-widget-container\">\n\t\t\t\t\t<h2 class=\"elementor-heading-title elementor-size-default\">Opera\u00e7\u00e3o da DIC de Lages resulta na pris\u00e3o de homem investigado pelos crimes de homic\u00eddio tentado e tr\u00e1fico de drogas<\/h2>\t\t\t\t<\/div>\n\t\t\t\t<\/div>\n\t\t\t\t\t<\/div>\n\t\t<\/div>\n\t\t\t\t\t<\/div>\n\t\t<\/section>\n\t\t\t\t<section class=\"elementor-section elementor-top-section elementor-element elementor-element-38c292d elementor-section-boxed elementor-section-height-default elementor-section-height-default\" data-id=\"38c292d\" data-element_type=\"section\">\n\t\t\t\t\t\t<div class=\"elementor-container elementor-column-gap-default\">\n\t\t\t\t\t<div class=\"elementor-column elementor-col-100 elementor-top-column elementor-element elementor-element-d2ad826\" data-id=\"d2ad826\" data-element_type=\"column\">\n\t\t\t<div class=\"elementor-widget-wrap elementor-element-populated\">\n\t\t\t\t\t\t<div class=\"elementor-element elementor-element-8c7df98 elementor-widget elementor-widget-image\" data-id=\"8c7df98\" data-element_type=\"widget\" data-widget_type=\"image.default\">\n\t\t\t\t<div class=\"elementor-widget-container\">\n\t\t\t\t\t\t\t\t\t\t\t\t\t\t\t<img fetchpriority=\"high\" decoding=\"async\" width=\"686\" height=\"589\" src=\"https:\/\/pc.sc.gov.br\/\/wp-content\/uploads\/2025\/05\/a7956661-0986-4dad-a50a-123b02187d99-fotor-2025050517931.jpg\" class=\"attachment-large size-large wp-image-28458\" alt=\"\" srcset=\"https:\/\/pc.sc.gov.br\/\/wp-content\/uploads\/2025\/05\/a7956661-0986-4dad-a50a-123b02187d99-fotor-2025050517931.jpg 686w, https:\/\/pc.sc.gov.br\/\/wp-content\/uploads\/2025\/05\/a7956661-0986-4dad-a50a-123b02187d99-fotor-2025050517931-300x258.jpg 300w\" sizes=\"(max-width: 686px) 100vw, 686px\" \/>\t\t\t\t\t\t\t\t\t\t\t\t\t\t\t<\/div>\n\t\t\t\t<\/div>\n\t\t\t\t\t<\/div>\n\t\t<\/div>\n\t\t\t\t\t<\/div>\n\t\t<\/section>\n\t\t\t\t<section class=\"elementor-section elementor-top-section elementor-element elementor-element-e4354f3 elementor-section-boxed elementor-section-height-default elementor-section-height-default\" data-id=\"e4354f3\" data-element_type=\"section\">\n\t\t\t\t\t\t<div class=\"elementor-container elementor-column-gap-default\">\n\t\t\t\t\t<div class=\"elementor-column elementor-col-100 elementor-top-column elementor-element elementor-element-45aca64\" data-id=\"45aca64\" data-element_type=\"column\">\n\t\t\t<div class=\"elementor-widget-wrap elementor-element-populated\">\n\t\t\t\t\t\t<div class=\"elementor-element elementor-element-e7dac26 elementor-widget elementor-widget-text-editor\" data-id=\"e7dac26\" data-element_type=\"widget\" data-widget_type=\"text-editor.default\">\n\t\t\t\t<div class=\"elementor-widget-container\">\n\t\t\t\t\t\t\t\t\t<p>A Pol\u00edcia Civil de Santa Catarina, por meio da Delegacia de Investiga\u00e7\u00e3o Criminal (DIC) de Lages, realizou nesta segunda-feira (5), a pris\u00e3o de investigado envolvido na pr\u00e1tica dos crimes de homic\u00eddio qualificado tentado e tr\u00e1fico de drogas, ocorrido no dia 26 de mar\u00e7o de 2025, \u00e0s 11h20, no bairro Ponte Grande, em Lages.<\/p><p>Tamb\u00e9m foram cumpridos 3 mandados de buscas e apreens\u00f5es e 1 mandado de pris\u00e3o tempor\u00e1ria, face o investigado, natural de Lages, suspeito da pr\u00e1tica delitiva.\u00a0<\/p><p>O crime contra a vida foi praticado por meio de arma de fogo, com aproximadamente 5 disparos. Ap\u00f3s a realiza\u00e7\u00e3o da pris\u00e3o e cumprimento dos mandados judiciais, o investigado foi encaminhado para Unidade Prisional de Lages.<\/p>\t\t\t\t\t\t\t\t<\/div>\n\t\t\t\t<\/div>\n\t\t\t\t\t<\/div>\n\t\t<\/div>\n\t\t\t\t\t<\/div>\n\t\t<\/section>\n\t\t\t\t<\/div>\n\t\t","protected":false},"excerpt":{"rendered":"<p>Opera\u00e7\u00e3o da DIC de Lages resulta na pris\u00e3o de homem investigado pelos crimes de homic\u00eddio tentado e tr\u00e1fico de drogas A Pol\u00edcia Civil de Santa Catarina, por meio da Delegacia de Investiga\u00e7\u00e3o Criminal (DIC) de Lages, realizou nesta segunda-feira (5), a pris\u00e3o de investigado envolvido na pr\u00e1tica dos crimes de homic\u00eddio qualificado tentado e tr\u00e1fico [&hellip;]<\/p>\n","protected":false},"author":5,"featured_media":28458,"comment_status":"closed","ping_status":"open","sticky":false,"template":"","format":"standard","meta":{"_monsterinsights_skip_tracking":false,"_monsterinsights_sitenote_active":false,"_monsterinsights_sitenote_note":"","_monsterinsights_sitenote_category":0,"footnotes":""},"categories":[1],"tags":[],"class_list":["post-28457","post","type-post","status-publish","format-standard","has-post-thumbnail","hentry","category-sem-categoria"],"_links":{"self":[{"href":"https:\/\/pc.sc.gov.br\/index.php?rest_route=\/wp\/v2\/posts\/28457","targetHints":{"allow":["GET"]}}],"collection":[{"href":"https:\/\/pc.sc.gov.br\/index.php?rest_route=\/wp\/v2\/posts"}],"about":[{"href":"https:\/\/pc.sc.gov.br\/index.php?rest_route=\/wp\/v2\/types\/post"}],"author":[{"embeddable":true,"href":"https:\/\/pc.sc.gov.br\/index.php?rest_route=\/wp\/v2\/users\/5"}],"replies":[{"embeddable":true,"href":"https:\/\/pc.sc.gov.br\/index.php?rest_route=%2Fwp%2Fv2%2Fcomments&post=28457"}],"version-history":[{"count":4,"href":"https:\/\/pc.sc.gov.br\/index.php?rest_route=\/wp\/v2\/posts\/28457\/revisions"}],"predecessor-version":[{"id":28462,"href":"https:\/\/pc.sc.gov.br\/index.php?rest_route=\/wp\/v2\/posts\/28457\/revisions\/28462"}],"wp:featuredmedia":[{"embeddable":true,"href":"https:\/\/pc.sc.gov.br\/index.php?rest_route=\/wp\/v2\/media\/28458"}],"wp:attachment":[{"href":"https:\/\/pc.sc.gov.br\/index.php?rest_route=%2Fwp%2Fv2%2Fmedia&parent=28457"}],"wp:term":[{"taxonomy":"category","embeddable":true,"href":"https:\/\/pc.sc.gov.br\/index.php?rest_route=%2Fwp%2Fv2%2Fcategories&post=28457"},{"taxonomy":"post_tag","embeddable":true,"href":"https:\/\/pc.sc.gov.br\/index.php?rest_route=%2Fwp%2Fv2%2Ftags&post=28457"}],"curies":[{"name":"wp","href":"https:\/\/api.w.org\/{rel}","templated":true}]}}