{"id":28463,"date":"2025-05-06T14:40:54","date_gmt":"2025-05-06T17:40:54","guid":{"rendered":"https:\/\/pc.sc.gov.br\/?p=28463"},"modified":"2025-05-06T14:44:36","modified_gmt":"2025-05-06T17:44:36","slug":"dic-de-joinville-apreende-aves-silvestres-em-operacao-conjunta-com-pci-e-ima","status":"publish","type":"post","link":"https:\/\/pc.sc.gov.br\/?p=28463","title":{"rendered":"DIC de Joinville apreende aves silvestres em opera\u00e7\u00e3o conjunta com PCI e IMA"},"content":{"rendered":"\t\t<div data-elementor-type=\"wp-post\" data-elementor-id=\"28463\" class=\"elementor elementor-28463\" data-elementor-post-type=\"post\">\n\t\t\t\t\t\t<section class=\"elementor-section elementor-top-section elementor-element elementor-element-4d2ecff elementor-section-boxed elementor-section-height-default elementor-section-height-default\" data-id=\"4d2ecff\" data-element_type=\"section\">\n\t\t\t\t\t\t<div class=\"elementor-container elementor-column-gap-default\">\n\t\t\t\t\t<div class=\"elementor-column elementor-col-100 elementor-top-column elementor-element elementor-element-0f3ee6e\" data-id=\"0f3ee6e\" data-element_type=\"column\">\n\t\t\t<div class=\"elementor-widget-wrap elementor-element-populated\">\n\t\t\t\t\t\t<div class=\"elementor-element elementor-element-97694ae elementor-widget elementor-widget-heading\" data-id=\"97694ae\" data-element_type=\"widget\" data-widget_type=\"heading.default\">\n\t\t\t\t<div class=\"elementor-widget-container\">\n\t\t\t\t\t<h2 class=\"elementor-heading-title elementor-size-default\">DIC de Joinville apreende aves silvestres em opera\u00e7\u00e3o conjunta com PCI e IMA<\/h2>\t\t\t\t<\/div>\n\t\t\t\t<\/div>\n\t\t\t\t\t<\/div>\n\t\t<\/div>\n\t\t\t\t\t<\/div>\n\t\t<\/section>\n\t\t\t\t<section class=\"elementor-section elementor-top-section elementor-element elementor-element-cc0e84e elementor-section-boxed elementor-section-height-default elementor-section-height-default\" data-id=\"cc0e84e\" data-element_type=\"section\">\n\t\t\t\t\t\t<div class=\"elementor-container elementor-column-gap-default\">\n\t\t\t\t\t<div class=\"elementor-column elementor-col-100 elementor-top-column elementor-element elementor-element-ebe72c1\" data-id=\"ebe72c1\" data-element_type=\"column\">\n\t\t\t<div class=\"elementor-widget-wrap elementor-element-populated\">\n\t\t\t\t\t\t<div class=\"elementor-element elementor-element-9b88baa elementor-widget elementor-widget-image\" data-id=\"9b88baa\" data-element_type=\"widget\" data-widget_type=\"image.default\">\n\t\t\t\t<div class=\"elementor-widget-container\">\n\t\t\t\t\t\t\t\t\t\t\t\t\t\t\t<img fetchpriority=\"high\" decoding=\"async\" width=\"696\" height=\"392\" src=\"https:\/\/pc.sc.gov.br\/\/wp-content\/uploads\/2025\/05\/70ffaca2-e1fd-4358-b48c-69a23acf50e9-fotor-20250506144120-1024x576.jpg\" class=\"attachment-large size-large wp-image-28469\" alt=\"\" srcset=\"https:\/\/pc.sc.gov.br\/\/wp-content\/uploads\/2025\/05\/70ffaca2-e1fd-4358-b48c-69a23acf50e9-fotor-20250506144120-1024x576.jpg 1024w, https:\/\/pc.sc.gov.br\/\/wp-content\/uploads\/2025\/05\/70ffaca2-e1fd-4358-b48c-69a23acf50e9-fotor-20250506144120-300x169.jpg 300w, https:\/\/pc.sc.gov.br\/\/wp-content\/uploads\/2025\/05\/70ffaca2-e1fd-4358-b48c-69a23acf50e9-fotor-20250506144120-768x432.jpg 768w, https:\/\/pc.sc.gov.br\/\/wp-content\/uploads\/2025\/05\/70ffaca2-e1fd-4358-b48c-69a23acf50e9-fotor-20250506144120-1536x864.jpg 1536w, https:\/\/pc.sc.gov.br\/\/wp-content\/uploads\/2025\/05\/70ffaca2-e1fd-4358-b48c-69a23acf50e9-fotor-20250506144120-2048x1152.jpg 2048w\" sizes=\"(max-width: 696px) 100vw, 696px\" \/>\t\t\t\t\t\t\t\t\t\t\t\t\t\t\t<\/div>\n\t\t\t\t<\/div>\n\t\t\t\t\t<\/div>\n\t\t<\/div>\n\t\t\t\t\t<\/div>\n\t\t<\/section>\n\t\t\t\t<section class=\"elementor-section elementor-top-section elementor-element elementor-element-545bbc2 elementor-section-boxed elementor-section-height-default elementor-section-height-default\" data-id=\"545bbc2\" data-element_type=\"section\">\n\t\t\t\t\t\t<div class=\"elementor-container elementor-column-gap-default\">\n\t\t\t\t\t<div class=\"elementor-column elementor-col-100 elementor-top-column elementor-element elementor-element-d2aa72a\" data-id=\"d2aa72a\" data-element_type=\"column\">\n\t\t\t<div class=\"elementor-widget-wrap elementor-element-populated\">\n\t\t\t\t\t\t<div class=\"elementor-element elementor-element-e057e2d elementor-widget elementor-widget-text-editor\" data-id=\"e057e2d\" data-element_type=\"widget\" data-widget_type=\"text-editor.default\">\n\t\t\t\t<div class=\"elementor-widget-container\">\n\t\t\t\t\t\t\t\t\t<p>A Pol\u00edcia Civil de Santa Catarina, por meio do Departamento de Investiga\u00e7\u00f5es Criminais (DIC) de Joinville em a\u00e7\u00e3o conjunta com a Pol\u00edcia Cient\u00edfica de Joinville (PCI) e Instituto do Meio Ambiente de Santa Catarina (IMA) realizou nesta ter\u00e7a-feira (6) a apreens\u00e3o de diversas aves silvestres mantidas ilegalmente em cativeiro, totalizando 56 p\u00e1ssaros. Entre os animais resgatados, havia esp\u00e9cie amea\u00e7ada de extin\u00e7\u00e3o, alvo de com\u00e9rcio ilegal na regi\u00e3o.<\/p>\n<p>A a\u00e7\u00e3o foi resultado de uma investiga\u00e7\u00e3o que identificou a venda clandestina de aves silvestres, incluindo exemplares de esp\u00e9cies raras e protegidas por lei. As autoridades realizaram dilig\u00eancias em endere\u00e7o previamente monitorado, onde constataram a presen\u00e7a de gaiolas com aves sem documenta\u00e7\u00e3o legal, anilhas e armadilha de ca\u00e7a.&nbsp;<\/p>\n<p>A opera\u00e7\u00e3o visa combater o tr\u00e1fico de fauna, uma pr\u00e1tica criminosa que causa s\u00e9rios impactos \u00e0 biodiversidade. As aves apreendidas foram encaminhadas ao IMA para avalia\u00e7\u00e3o veterin\u00e1ria e poss\u00edvel reintegra\u00e7\u00e3o ao habitat natural.&nbsp;<span style=\"letter-spacing: -0.2px;\">O respons\u00e1vel pela posse e comercializa\u00e7\u00e3o ilegal responder\u00e1 por crimes ambientais e recepta\u00e7\u00e3o qualificada, al\u00e9m de enfrentar penalidades administrativas, conforme prev\u00ea a Lei de Crimes Ambientais (Lei n\u00ba 9.605\/98), C\u00f3digo Penal e regulamenta\u00e7\u00f5es administrativas.<\/span><\/p>\t\t\t\t\t\t\t\t<\/div>\n\t\t\t\t<\/div>\n\t\t\t\t\t<\/div>\n\t\t<\/div>\n\t\t\t\t\t<\/div>\n\t\t<\/section>\n\t\t\t\t<\/div>\n\t\t","protected":false},"excerpt":{"rendered":"<p>DIC de Joinville apreende aves silvestres em opera\u00e7\u00e3o conjunta com PCI e IMA A Pol\u00edcia Civil de Santa Catarina, por meio do Departamento de Investiga\u00e7\u00f5es Criminais (DIC) de Joinville em a\u00e7\u00e3o conjunta com a Pol\u00edcia Cient\u00edfica de Joinville (PCI) e Instituto do Meio Ambiente de Santa Catarina (IMA) realizou nesta ter\u00e7a-feira (6) a apreens\u00e3o de [&hellip;]<\/p>\n","protected":false},"author":5,"featured_media":28466,"comment_status":"closed","ping_status":"open","sticky":false,"template":"","format":"standard","meta":{"_monsterinsights_skip_tracking":false,"_monsterinsights_sitenote_active":false,"_monsterinsights_sitenote_note":"","_monsterinsights_sitenote_category":0,"footnotes":""},"categories":[1],"tags":[],"class_list":["post-28463","post","type-post","status-publish","format-standard","has-post-thumbnail","hentry","category-sem-categoria"],"_links":{"self":[{"href":"https:\/\/pc.sc.gov.br\/index.php?rest_route=\/wp\/v2\/posts\/28463","targetHints":{"allow":["GET"]}}],"collection":[{"href":"https:\/\/pc.sc.gov.br\/index.php?rest_route=\/wp\/v2\/posts"}],"about":[{"href":"https:\/\/pc.sc.gov.br\/index.php?rest_route=\/wp\/v2\/types\/post"}],"author":[{"embeddable":true,"href":"https:\/\/pc.sc.gov.br\/index.php?rest_route=\/wp\/v2\/users\/5"}],"replies":[{"embeddable":true,"href":"https:\/\/pc.sc.gov.br\/index.php?rest_route=%2Fwp%2Fv2%2Fcomments&post=28463"}],"version-history":[{"count":3,"href":"https:\/\/pc.sc.gov.br\/index.php?rest_route=\/wp\/v2\/posts\/28463\/revisions"}],"predecessor-version":[{"id":28473,"href":"https:\/\/pc.sc.gov.br\/index.php?rest_route=\/wp\/v2\/posts\/28463\/revisions\/28473"}],"wp:featuredmedia":[{"embeddable":true,"href":"https:\/\/pc.sc.gov.br\/index.php?rest_route=\/wp\/v2\/media\/28466"}],"wp:attachment":[{"href":"https:\/\/pc.sc.gov.br\/index.php?rest_route=%2Fwp%2Fv2%2Fmedia&parent=28463"}],"wp:term":[{"taxonomy":"category","embeddable":true,"href":"https:\/\/pc.sc.gov.br\/index.php?rest_route=%2Fwp%2Fv2%2Fcategories&post=28463"},{"taxonomy":"post_tag","embeddable":true,"href":"https:\/\/pc.sc.gov.br\/index.php?rest_route=%2Fwp%2Fv2%2Ftags&post=28463"}],"curies":[{"name":"wp","href":"https:\/\/api.w.org\/{rel}","templated":true}]}}