{"id":28464,"date":"2025-05-06T14:46:25","date_gmt":"2025-05-06T17:46:25","guid":{"rendered":"https:\/\/pc.sc.gov.br\/?p=28464"},"modified":"2025-05-06T14:47:03","modified_gmt":"2025-05-06T17:47:03","slug":"operacao-queda-da-torre-policia-civil-cumpre-mandados-contra-liderancas-de-faccao-criminosa-catarinense-em-tres-estados","status":"publish","type":"post","link":"https:\/\/pc.sc.gov.br\/?p=28464","title":{"rendered":"Opera\u00e7\u00e3o \u201cQueda da Torre\u201d: Pol\u00edcia Civil cumpre mandados contra lideran\u00e7as de fac\u00e7\u00e3o criminosa catarinense em tr\u00eas estados"},"content":{"rendered":"\t\t<div data-elementor-type=\"wp-post\" data-elementor-id=\"28464\" class=\"elementor elementor-28464\" data-elementor-post-type=\"post\">\n\t\t\t\t\t\t<section class=\"elementor-section elementor-top-section elementor-element elementor-element-14576ea elementor-section-boxed elementor-section-height-default elementor-section-height-default\" data-id=\"14576ea\" data-element_type=\"section\">\n\t\t\t\t\t\t<div class=\"elementor-container elementor-column-gap-default\">\n\t\t\t\t\t<div class=\"elementor-column elementor-col-100 elementor-top-column elementor-element elementor-element-ea48ef3\" data-id=\"ea48ef3\" data-element_type=\"column\">\n\t\t\t<div class=\"elementor-widget-wrap elementor-element-populated\">\n\t\t\t\t\t\t<div class=\"elementor-element elementor-element-193753d elementor-widget elementor-widget-heading\" data-id=\"193753d\" data-element_type=\"widget\" data-widget_type=\"heading.default\">\n\t\t\t\t<div class=\"elementor-widget-container\">\n\t\t\t\t\t<h2 class=\"elementor-heading-title elementor-size-default\">Opera\u00e7\u00e3o \u201cQueda da Torre\u201d: Pol\u00edcia Civil cumpre mandados contra lideran\u00e7as de fac\u00e7\u00e3o criminosa catarinense em tr\u00eas estados<\/h2>\t\t\t\t<\/div>\n\t\t\t\t<\/div>\n\t\t\t\t\t<\/div>\n\t\t<\/div>\n\t\t\t\t\t<\/div>\n\t\t<\/section>\n\t\t\t\t<section class=\"elementor-section elementor-top-section elementor-element elementor-element-526dbca elementor-section-boxed elementor-section-height-default elementor-section-height-default\" data-id=\"526dbca\" data-element_type=\"section\">\n\t\t\t\t\t\t<div class=\"elementor-container elementor-column-gap-default\">\n\t\t\t\t\t<div class=\"elementor-column elementor-col-100 elementor-top-column elementor-element elementor-element-cedbf90\" data-id=\"cedbf90\" data-element_type=\"column\">\n\t\t\t<div class=\"elementor-widget-wrap elementor-element-populated\">\n\t\t\t\t\t\t<div class=\"elementor-element elementor-element-832cadf elementor-widget elementor-widget-image\" data-id=\"832cadf\" data-element_type=\"widget\" data-widget_type=\"image.default\">\n\t\t\t\t<div class=\"elementor-widget-container\">\n\t\t\t\t\t\t\t\t\t\t\t\t\t\t\t<img fetchpriority=\"high\" decoding=\"async\" width=\"696\" height=\"928\" src=\"https:\/\/pc.sc.gov.br\/\/wp-content\/uploads\/2025\/05\/WhatsApp-Image-2025-05-06-at-10.57.34-768x1024.jpeg\" class=\"attachment-large size-large wp-image-28467\" alt=\"\" srcset=\"https:\/\/pc.sc.gov.br\/\/wp-content\/uploads\/2025\/05\/WhatsApp-Image-2025-05-06-at-10.57.34-768x1024.jpeg 768w, https:\/\/pc.sc.gov.br\/\/wp-content\/uploads\/2025\/05\/WhatsApp-Image-2025-05-06-at-10.57.34-225x300.jpeg 225w, https:\/\/pc.sc.gov.br\/\/wp-content\/uploads\/2025\/05\/WhatsApp-Image-2025-05-06-at-10.57.34-1152x1536.jpeg 1152w, https:\/\/pc.sc.gov.br\/\/wp-content\/uploads\/2025\/05\/WhatsApp-Image-2025-05-06-at-10.57.34.jpeg 1200w\" sizes=\"(max-width: 696px) 100vw, 696px\" \/>\t\t\t\t\t\t\t\t\t\t\t\t\t\t\t<\/div>\n\t\t\t\t<\/div>\n\t\t\t\t\t<\/div>\n\t\t<\/div>\n\t\t\t\t\t<\/div>\n\t\t<\/section>\n\t\t\t\t<section class=\"elementor-section elementor-top-section elementor-element elementor-element-9f8bf35 elementor-section-boxed elementor-section-height-default elementor-section-height-default\" data-id=\"9f8bf35\" data-element_type=\"section\">\n\t\t\t\t\t\t<div class=\"elementor-container elementor-column-gap-default\">\n\t\t\t\t\t<div class=\"elementor-column elementor-col-100 elementor-top-column elementor-element elementor-element-c2aa76a\" data-id=\"c2aa76a\" data-element_type=\"column\">\n\t\t\t<div class=\"elementor-widget-wrap elementor-element-populated\">\n\t\t\t\t\t\t<div class=\"elementor-element elementor-element-9bac189 elementor-widget elementor-widget-text-editor\" data-id=\"9bac189\" data-element_type=\"widget\" data-widget_type=\"text-editor.default\">\n\t\t\t\t<div class=\"elementor-widget-container\">\n\t\t\t\t\t\t\t\t\t<p>A Pol\u00edcia Civil de Santa Catarina, por meio da Delegacia de Combate \u00e0s Drogas do Departamento de Investiga\u00e7\u00e3o Criminal de Itaja\u00ed (DECOD\/DIC de Itaja\u00ed), deflagrou na manh\u00e3 de hoje (06\/05), a opera\u00e7\u00e3o \u201cQueda da Torre\u201d.<\/p>\n<p>Trata-se de investiga\u00e7\u00e3o que identificou as principais lideran\u00e7as em n\u00edvel estadual de fac\u00e7\u00e3o criminosa catarinense. Os indiciados s\u00e3o suspeitos de compor um conselho da organiza\u00e7\u00e3o criminosa respons\u00e1vel por tomar decis\u00f5es sens\u00edveis ao grupo \u2013 como determinar \u2018decretos de morte\u2019, rebeli\u00f5es e atentados &#8211; direcionando ordens a criminosos de toda Santa Catarina.<\/p>\n<p>Foram tamb\u00e9m identificados tr\u00eas advogados suspeitos de atuar como mensageiros, transmitindo mensagens entre faccionados presos e seus comparsas em liberdade. Um dos advogados \u00e9 suspeito ainda de ter sido \u201cbatizado\u201d na fac\u00e7\u00e3o, tendo participa\u00e7\u00e3o em atividades financeiras e na guarda de armamento a servi\u00e7o do grupo criminoso.<\/p>\n<p>A opera\u00e7\u00e3o teve por objetivo o cumprimento de 36 ordens judiciais, sendo 28 mandados de busca e apreens\u00e3o e 08 mandados de pris\u00e3o preventiva. As ordens foram cumpridas simultaneamente em 3 estados (SC, PR e AL) e 13 diferentes munic\u00edpios (Florian\u00f3polis, S\u00e3o Jos\u00e9, Palho\u00e7a, Crici\u00fama, Guatambu, Joinville, Blumenau, Indaial, Itaja\u00ed, Cambori\u00fa, Cascavel\/PR, Arapiraca\/AL, Marechal Deodoro\/AL).<\/p>\n<p>Dos 8 mandados de pris\u00e3o, 7 foram cumpridos. Dois suspeitos foram presos em Joinville, com um deles foi ainda encontrada uma pistola, tendo ele sido autuado em flagrante pelo crime de posse irregular de arma de fogo de uso restrito.<\/p>\n<p>Uma advogada foi presa na cidade de Guatumbu. Outros 4 suspeitos foram presos em Marechal Deodoro\/AL, Cambori\u00fa, Itaja\u00ed e Palho\u00e7a. Um advogado segue foragido. Foram apreendidos in\u00fameros dispositivos eletr\u00f4nicos e documentos cuja an\u00e1lise permitir\u00e1 o aprofundamento das investiga\u00e7\u00f5es.<\/p>\n<p>A investiga\u00e7\u00e3o contou com ampla troca de informa\u00e7\u00f5es com a Diretoria de Intelig\u00eancia da Pol\u00edcia Civil (DIPC\/PCSC).<\/p>\n<p>A opera\u00e7\u00e3o contou com apoio de unidades da DEIC, da DPGF, da DIPC, das DRPs de S\u00e3o Jos\u00e9, Itaja\u00ed, Balne\u00e1rio Cambori\u00fa, Blumenau, Crici\u00fama, Joinville e Chapec\u00f3, da Coordenadoria de Opera\u00e7\u00f5es com C\u00e3es (COPC), da Coordenadoria de Opera\u00e7\u00f5es e Recursos Especiais (CORE) e do SAER Sul, al\u00e9m de equipes da Pol\u00edcia Penal de Santa Catarina, da Pol\u00edcia Civil do Paran\u00e1 e da Pol\u00edcia Civil de Alagoas. Foram mobilizados mais de 160 policiais.<\/p><p><b>No v\u00eddeo, o delegado Eduardo Ferraz fala mais detalhes sobre a opera\u00e7\u00e3o:&nbsp;<\/b><\/p>\t\t\t\t\t\t\t\t<\/div>\n\t\t\t\t<\/div>\n\t\t\t\t\t<\/div>\n\t\t<\/div>\n\t\t\t\t\t<\/div>\n\t\t<\/section>\n\t\t\t\t<section class=\"elementor-section elementor-top-section elementor-element elementor-element-ebbecdf elementor-section-boxed elementor-section-height-default elementor-section-height-default\" data-id=\"ebbecdf\" data-element_type=\"section\">\n\t\t\t\t\t\t<div class=\"elementor-container elementor-column-gap-default\">\n\t\t\t\t\t<div class=\"elementor-column elementor-col-100 elementor-top-column elementor-element elementor-element-c6f3cd4\" data-id=\"c6f3cd4\" data-element_type=\"column\">\n\t\t\t<div class=\"elementor-widget-wrap elementor-element-populated\">\n\t\t\t\t\t\t<div class=\"elementor-element elementor-element-732ca81 elementor-widget elementor-widget-video\" data-id=\"732ca81\" data-element_type=\"widget\" data-settings=\"{&quot;video_type&quot;:&quot;hosted&quot;,&quot;controls&quot;:&quot;yes&quot;}\" data-widget_type=\"video.default\">\n\t\t\t\t<div class=\"elementor-widget-container\">\n\t\t\t\t\t\t\t<div class=\"e-hosted-video elementor-wrapper elementor-open-inline\">\n\t\t\t\t\t<video class=\"elementor-video\" src=\"https:\/\/pc.sc.gov.br\/wp-content\/uploads\/2025\/05\/WhatsApp-Video-2025-05-06-at-10.59.11.mp4\" controls=\"\" preload=\"metadata\"><\/video>\n\t\t\t\t<\/div>\n\t\t\t\t\t\t<\/div>\n\t\t\t\t<\/div>\n\t\t\t\t\t<\/div>\n\t\t<\/div>\n\t\t\t\t\t<\/div>\n\t\t<\/section>\n\t\t\t\t<\/div>\n\t\t","protected":false},"excerpt":{"rendered":"<p>Opera\u00e7\u00e3o \u201cQueda da Torre\u201d: Pol\u00edcia Civil cumpre mandados contra lideran\u00e7as de fac\u00e7\u00e3o criminosa catarinense em tr\u00eas estados A Pol\u00edcia Civil de Santa Catarina, por meio da Delegacia de Combate \u00e0s Drogas do Departamento de Investiga\u00e7\u00e3o Criminal de Itaja\u00ed (DECOD\/DIC de Itaja\u00ed), deflagrou na manh\u00e3 de hoje (06\/05), a opera\u00e7\u00e3o \u201cQueda da Torre\u201d. Trata-se de investiga\u00e7\u00e3o [&hellip;]<\/p>\n","protected":false},"author":5,"featured_media":28468,"comment_status":"closed","ping_status":"open","sticky":false,"template":"","format":"standard","meta":{"_monsterinsights_skip_tracking":false,"_monsterinsights_sitenote_active":false,"_monsterinsights_sitenote_note":"","_monsterinsights_sitenote_category":0,"footnotes":""},"categories":[1],"tags":[],"class_list":["post-28464","post","type-post","status-publish","format-standard","has-post-thumbnail","hentry","category-sem-categoria"],"_links":{"self":[{"href":"https:\/\/pc.sc.gov.br\/index.php?rest_route=\/wp\/v2\/posts\/28464","targetHints":{"allow":["GET"]}}],"collection":[{"href":"https:\/\/pc.sc.gov.br\/index.php?rest_route=\/wp\/v2\/posts"}],"about":[{"href":"https:\/\/pc.sc.gov.br\/index.php?rest_route=\/wp\/v2\/types\/post"}],"author":[{"embeddable":true,"href":"https:\/\/pc.sc.gov.br\/index.php?rest_route=\/wp\/v2\/users\/5"}],"replies":[{"embeddable":true,"href":"https:\/\/pc.sc.gov.br\/index.php?rest_route=%2Fwp%2Fv2%2Fcomments&post=28464"}],"version-history":[{"count":4,"href":"https:\/\/pc.sc.gov.br\/index.php?rest_route=\/wp\/v2\/posts\/28464\/revisions"}],"predecessor-version":[{"id":28477,"href":"https:\/\/pc.sc.gov.br\/index.php?rest_route=\/wp\/v2\/posts\/28464\/revisions\/28477"}],"wp:featuredmedia":[{"embeddable":true,"href":"https:\/\/pc.sc.gov.br\/index.php?rest_route=\/wp\/v2\/media\/28468"}],"wp:attachment":[{"href":"https:\/\/pc.sc.gov.br\/index.php?rest_route=%2Fwp%2Fv2%2Fmedia&parent=28464"}],"wp:term":[{"taxonomy":"category","embeddable":true,"href":"https:\/\/pc.sc.gov.br\/index.php?rest_route=%2Fwp%2Fv2%2Fcategories&post=28464"},{"taxonomy":"post_tag","embeddable":true,"href":"https:\/\/pc.sc.gov.br\/index.php?rest_route=%2Fwp%2Fv2%2Ftags&post=28464"}],"curies":[{"name":"wp","href":"https:\/\/api.w.org\/{rel}","templated":true}]}}