{"id":28481,"date":"2025-05-06T15:12:47","date_gmt":"2025-05-06T18:12:47","guid":{"rendered":"https:\/\/pc.sc.gov.br\/?p=28481"},"modified":"2025-05-06T15:13:25","modified_gmt":"2025-05-06T18:13:25","slug":"policia-civil-cumpre-mandado-de-prisao-contra-condenado-por-corrupcao-passiva","status":"publish","type":"post","link":"https:\/\/pc.sc.gov.br\/?p=28481","title":{"rendered":"Pol\u00edcia Civil cumpre mandado de pris\u00e3o contra condenado por corrup\u00e7\u00e3o passiva"},"content":{"rendered":"\t\t<div data-elementor-type=\"wp-post\" data-elementor-id=\"28481\" class=\"elementor elementor-28481\" data-elementor-post-type=\"post\">\n\t\t\t\t\t\t<section class=\"elementor-section elementor-top-section elementor-element elementor-element-1bbcc66 elementor-section-boxed elementor-section-height-default elementor-section-height-default\" data-id=\"1bbcc66\" data-element_type=\"section\">\n\t\t\t\t\t\t<div class=\"elementor-container elementor-column-gap-default\">\n\t\t\t\t\t<div class=\"elementor-column elementor-col-100 elementor-top-column elementor-element elementor-element-6b20f71\" data-id=\"6b20f71\" data-element_type=\"column\">\n\t\t\t<div class=\"elementor-widget-wrap elementor-element-populated\">\n\t\t\t\t\t\t<div class=\"elementor-element elementor-element-0083e22 elementor-widget elementor-widget-heading\" data-id=\"0083e22\" data-element_type=\"widget\" data-widget_type=\"heading.default\">\n\t\t\t\t<div class=\"elementor-widget-container\">\n\t\t\t\t\t<h2 class=\"elementor-heading-title elementor-size-default\">Pol\u00edcia Civil cumpre mandado de pris\u00e3o contra condenado por corrup\u00e7\u00e3o passiva<\/h2>\t\t\t\t<\/div>\n\t\t\t\t<\/div>\n\t\t\t\t\t<\/div>\n\t\t<\/div>\n\t\t\t\t\t<\/div>\n\t\t<\/section>\n\t\t\t\t<section class=\"elementor-section elementor-top-section elementor-element elementor-element-45955cf elementor-section-boxed elementor-section-height-default elementor-section-height-default\" data-id=\"45955cf\" data-element_type=\"section\">\n\t\t\t\t\t\t<div class=\"elementor-container elementor-column-gap-default\">\n\t\t\t\t\t<div class=\"elementor-column elementor-col-100 elementor-top-column elementor-element elementor-element-019482f\" data-id=\"019482f\" data-element_type=\"column\">\n\t\t\t<div class=\"elementor-widget-wrap elementor-element-populated\">\n\t\t\t\t\t\t<div class=\"elementor-element elementor-element-0b6f502 elementor-widget elementor-widget-image\" data-id=\"0b6f502\" data-element_type=\"widget\" data-widget_type=\"image.default\">\n\t\t\t\t<div class=\"elementor-widget-container\">\n\t\t\t\t\t\t\t\t\t\t\t\t\t\t\t<img fetchpriority=\"high\" decoding=\"async\" width=\"585\" height=\"1024\" src=\"https:\/\/pc.sc.gov.br\/\/wp-content\/uploads\/2025\/05\/WhatsApp-Image-2025-05-06-at-11.39.10-585x1024.jpeg\" class=\"attachment-large size-large wp-image-28482\" alt=\"\" srcset=\"https:\/\/pc.sc.gov.br\/\/wp-content\/uploads\/2025\/05\/WhatsApp-Image-2025-05-06-at-11.39.10-585x1024.jpeg 585w, https:\/\/pc.sc.gov.br\/\/wp-content\/uploads\/2025\/05\/WhatsApp-Image-2025-05-06-at-11.39.10-171x300.jpeg 171w, https:\/\/pc.sc.gov.br\/\/wp-content\/uploads\/2025\/05\/WhatsApp-Image-2025-05-06-at-11.39.10-768x1344.jpeg 768w, https:\/\/pc.sc.gov.br\/\/wp-content\/uploads\/2025\/05\/WhatsApp-Image-2025-05-06-at-11.39.10-878x1536.jpeg 878w, https:\/\/pc.sc.gov.br\/\/wp-content\/uploads\/2025\/05\/WhatsApp-Image-2025-05-06-at-11.39.10-1170x2048.jpeg 1170w, https:\/\/pc.sc.gov.br\/\/wp-content\/uploads\/2025\/05\/WhatsApp-Image-2025-05-06-at-11.39.10-scaled.jpeg 1463w\" sizes=\"(max-width: 585px) 100vw, 585px\" \/>\t\t\t\t\t\t\t\t\t\t\t\t\t\t\t<\/div>\n\t\t\t\t<\/div>\n\t\t\t\t\t<\/div>\n\t\t<\/div>\n\t\t\t\t\t<\/div>\n\t\t<\/section>\n\t\t\t\t<section class=\"elementor-section elementor-top-section elementor-element elementor-element-a43cf28 elementor-section-boxed elementor-section-height-default elementor-section-height-default\" data-id=\"a43cf28\" data-element_type=\"section\">\n\t\t\t\t\t\t<div class=\"elementor-container elementor-column-gap-default\">\n\t\t\t\t\t<div class=\"elementor-column elementor-col-100 elementor-top-column elementor-element elementor-element-52d9e21\" data-id=\"52d9e21\" data-element_type=\"column\">\n\t\t\t<div class=\"elementor-widget-wrap elementor-element-populated\">\n\t\t\t\t\t\t<div class=\"elementor-element elementor-element-aa8772e elementor-widget elementor-widget-text-editor\" data-id=\"aa8772e\" data-element_type=\"widget\" data-widget_type=\"text-editor.default\">\n\t\t\t\t<div class=\"elementor-widget-container\">\n\t\t\t\t\t\t\t\t\t<p>A Pol\u00edcia Civil de Santa Catarina, por meio da Delegacia Especializada no Combate \u00e0 Corrup\u00e7\u00e3o \u2013 DECOR\/DEIC, com apoio da Delegacia de Furtos e Roubos de Ve\u00edculos \u2013 DFRV\/DEIC cumpriu, na manh\u00e3 de hoje (06\/05), mandado de pris\u00e3o decorrente de condena\u00e7\u00e3o transitada em julgado, em desfavor de um homem de 59 anos.<\/p><p>O r\u00e9u foi condenado pela pr\u00e1tica do delito de corrup\u00e7\u00e3o passiva e o mandado foi expedido pela Vara de Execu\u00e7\u00f5es Penais e Corregedoria dos Pres\u00eddios da Comarca de Foz do Igua\u00e7u\/PR.<\/p><p>Ap\u00f3s ser localizado e detido pelas equipes da Pol\u00edcia Civil, o condenado foi encaminhado \u00e0 Central de Plant\u00e3o Policial de S\u00e3o Jos\u00e9, onde permanecer\u00e1 \u00e0 disposi\u00e7\u00e3o do Tribunal de Justi\u00e7a do Estado do Paran\u00e1.<\/p>\t\t\t\t\t\t\t\t<\/div>\n\t\t\t\t<\/div>\n\t\t\t\t\t<\/div>\n\t\t<\/div>\n\t\t\t\t\t<\/div>\n\t\t<\/section>\n\t\t\t\t<\/div>\n\t\t","protected":false},"excerpt":{"rendered":"<p>Pol\u00edcia Civil cumpre mandado de pris\u00e3o contra condenado por corrup\u00e7\u00e3o passiva A Pol\u00edcia Civil de Santa Catarina, por meio da Delegacia Especializada no Combate \u00e0 Corrup\u00e7\u00e3o \u2013 DECOR\/DEIC, com apoio da Delegacia de Furtos e Roubos de Ve\u00edculos \u2013 DFRV\/DEIC cumpriu, na manh\u00e3 de hoje (06\/05), mandado de pris\u00e3o decorrente de condena\u00e7\u00e3o transitada em julgado, [&hellip;]<\/p>\n","protected":false},"author":5,"featured_media":28482,"comment_status":"closed","ping_status":"open","sticky":false,"template":"","format":"standard","meta":{"_monsterinsights_skip_tracking":false,"_monsterinsights_sitenote_active":false,"_monsterinsights_sitenote_note":"","_monsterinsights_sitenote_category":0,"footnotes":""},"categories":[1],"tags":[],"class_list":["post-28481","post","type-post","status-publish","format-standard","has-post-thumbnail","hentry","category-sem-categoria"],"_links":{"self":[{"href":"https:\/\/pc.sc.gov.br\/index.php?rest_route=\/wp\/v2\/posts\/28481","targetHints":{"allow":["GET"]}}],"collection":[{"href":"https:\/\/pc.sc.gov.br\/index.php?rest_route=\/wp\/v2\/posts"}],"about":[{"href":"https:\/\/pc.sc.gov.br\/index.php?rest_route=\/wp\/v2\/types\/post"}],"author":[{"embeddable":true,"href":"https:\/\/pc.sc.gov.br\/index.php?rest_route=\/wp\/v2\/users\/5"}],"replies":[{"embeddable":true,"href":"https:\/\/pc.sc.gov.br\/index.php?rest_route=%2Fwp%2Fv2%2Fcomments&post=28481"}],"version-history":[{"count":4,"href":"https:\/\/pc.sc.gov.br\/index.php?rest_route=\/wp\/v2\/posts\/28481\/revisions"}],"predecessor-version":[{"id":28486,"href":"https:\/\/pc.sc.gov.br\/index.php?rest_route=\/wp\/v2\/posts\/28481\/revisions\/28486"}],"wp:featuredmedia":[{"embeddable":true,"href":"https:\/\/pc.sc.gov.br\/index.php?rest_route=\/wp\/v2\/media\/28482"}],"wp:attachment":[{"href":"https:\/\/pc.sc.gov.br\/index.php?rest_route=%2Fwp%2Fv2%2Fmedia&parent=28481"}],"wp:term":[{"taxonomy":"category","embeddable":true,"href":"https:\/\/pc.sc.gov.br\/index.php?rest_route=%2Fwp%2Fv2%2Fcategories&post=28481"},{"taxonomy":"post_tag","embeddable":true,"href":"https:\/\/pc.sc.gov.br\/index.php?rest_route=%2Fwp%2Fv2%2Ftags&post=28481"}],"curies":[{"name":"wp","href":"https:\/\/api.w.org\/{rel}","templated":true}]}}