{"id":28490,"date":"2025-05-06T17:04:22","date_gmt":"2025-05-06T20:04:22","guid":{"rendered":"https:\/\/pc.sc.gov.br\/?p=28490"},"modified":"2025-05-06T17:06:40","modified_gmt":"2025-05-06T20:06:40","slug":"autores-de-roubo-a-banco-de-timbo-grande-sao-condenados-a-penas-que-somadas-chegam-a-230-anos-sendo-que-9-pessoas-envolvidas-no-crime-eram-da-mesma-familia","status":"publish","type":"post","link":"https:\/\/pc.sc.gov.br\/?p=28490","title":{"rendered":"Autores de roubo a banco de Timb\u00f3 Grande s\u00e3o condenados a penas que somam 230 anos de pris\u00e3o"},"content":{"rendered":"\t\t<div data-elementor-type=\"wp-post\" data-elementor-id=\"28490\" class=\"elementor elementor-28490\" data-elementor-post-type=\"post\">\n\t\t\t\t\t\t<section class=\"elementor-section elementor-top-section elementor-element elementor-element-f9d89df elementor-section-boxed elementor-section-height-default elementor-section-height-default\" data-id=\"f9d89df\" data-element_type=\"section\">\n\t\t\t\t\t\t<div class=\"elementor-container elementor-column-gap-default\">\n\t\t\t\t\t<div class=\"elementor-column elementor-col-100 elementor-top-column elementor-element elementor-element-dc1c1bc\" data-id=\"dc1c1bc\" data-element_type=\"column\">\n\t\t\t<div class=\"elementor-widget-wrap elementor-element-populated\">\n\t\t\t\t\t\t<div class=\"elementor-element elementor-element-ff12460 elementor-widget elementor-widget-heading\" data-id=\"ff12460\" data-element_type=\"widget\" data-widget_type=\"heading.default\">\n\t\t\t\t<div class=\"elementor-widget-container\">\n\t\t\t\t\t<h2 class=\"elementor-heading-title elementor-size-default\">Autores de roubo a banco de Timb\u00f3 Grande s\u00e3o condenados a penas que somam 230 anos de pris\u00e3o<\/h2>\t\t\t\t<\/div>\n\t\t\t\t<\/div>\n\t\t\t\t\t<\/div>\n\t\t<\/div>\n\t\t\t\t\t<\/div>\n\t\t<\/section>\n\t\t\t\t<section class=\"elementor-section elementor-top-section elementor-element elementor-element-bb55d71 elementor-section-boxed elementor-section-height-default elementor-section-height-default\" data-id=\"bb55d71\" data-element_type=\"section\">\n\t\t\t\t\t\t<div class=\"elementor-container elementor-column-gap-default\">\n\t\t\t\t\t<div class=\"elementor-column elementor-col-100 elementor-top-column elementor-element elementor-element-9cdde3d\" data-id=\"9cdde3d\" data-element_type=\"column\">\n\t\t\t<div class=\"elementor-widget-wrap elementor-element-populated\">\n\t\t\t\t\t\t<div class=\"elementor-element elementor-element-8895b7f elementor-widget elementor-widget-image\" data-id=\"8895b7f\" data-element_type=\"widget\" data-widget_type=\"image.default\">\n\t\t\t\t<div class=\"elementor-widget-container\">\n\t\t\t\t\t\t\t\t\t\t\t\t\t\t\t<img fetchpriority=\"high\" decoding=\"async\" width=\"696\" height=\"446\" src=\"https:\/\/pc.sc.gov.br\/\/wp-content\/uploads\/2025\/05\/WhatsApp-Image-2025-05-05-at-18.36.38.jpeg\" class=\"attachment-large size-large wp-image-28492\" alt=\"\" srcset=\"https:\/\/pc.sc.gov.br\/\/wp-content\/uploads\/2025\/05\/WhatsApp-Image-2025-05-05-at-18.36.38.jpeg 899w, https:\/\/pc.sc.gov.br\/\/wp-content\/uploads\/2025\/05\/WhatsApp-Image-2025-05-05-at-18.36.38-300x192.jpeg 300w, https:\/\/pc.sc.gov.br\/\/wp-content\/uploads\/2025\/05\/WhatsApp-Image-2025-05-05-at-18.36.38-768x492.jpeg 768w\" sizes=\"(max-width: 696px) 100vw, 696px\" \/>\t\t\t\t\t\t\t\t\t\t\t\t\t\t\t<\/div>\n\t\t\t\t<\/div>\n\t\t\t\t\t<\/div>\n\t\t<\/div>\n\t\t\t\t\t<\/div>\n\t\t<\/section>\n\t\t\t\t<section class=\"elementor-section elementor-top-section elementor-element elementor-element-7563f2b elementor-section-boxed elementor-section-height-default elementor-section-height-default\" data-id=\"7563f2b\" data-element_type=\"section\">\n\t\t\t\t\t\t<div class=\"elementor-container elementor-column-gap-default\">\n\t\t\t\t\t<div class=\"elementor-column elementor-col-100 elementor-top-column elementor-element elementor-element-f01bdef\" data-id=\"f01bdef\" data-element_type=\"column\">\n\t\t\t<div class=\"elementor-widget-wrap elementor-element-populated\">\n\t\t\t\t\t\t<div class=\"elementor-element elementor-element-401a22f elementor-widget elementor-widget-text-editor\" data-id=\"401a22f\" data-element_type=\"widget\" data-widget_type=\"text-editor.default\">\n\t\t\t\t<div class=\"elementor-widget-container\">\n\t\t\t\t\t\t\t\t\t<p>O assalto a uma ag\u00eancia banc\u00e1ria da cidade de Timb\u00f3 Grande, em junho de 2023, foi uma a\u00e7\u00e3o violenta, usando v\u00e1rias armas de fogo e at\u00e9 fuzil, onde tr\u00eas homens fizeram funcion\u00e1rios e clientes de ref\u00e9ns, e ao sa\u00edrem ainda atiraram contra policiais militares e incendiaram um ve\u00edculo.\u00a0\u00a0<\/p><p>De acordo com o delegado Anselmo Cruz, titular da Delegacia de Roubos e Antissequestro \u2013 DRAS\/DEIC, as investiga\u00e7\u00f5es identificaram os tr\u00eas criminosos que entraram na ag\u00eancia banc\u00e1ria e outras oito pessoas que apoiaram o roubo.\u00a0 Agora, a Justi\u00e7a catarinense condenou as onze pessoas indiciadas pela Pol\u00edcia Civil, a penas que somam quase 230 anos de reclus\u00e3o.\u00a0\u00a0<\/p><p>O mentor do crime, assaltante com longo hist\u00f3rico de roubos a bancos no Paran\u00e1 e em Santa Catarina, foi preso algumas semanas depois em Joinville, pela equipe da DRAS, e agora condenado a 37 anos de pris\u00e3o.\u00a0\u00a0<\/p><p>O segundo assaltante \u00e9 chileno vivia em S\u00e3o Paulo e j\u00e1 estava foragido h\u00e1 oito anos, por v\u00e1rios roubos a bancos naquele Estado, sendo preso l\u00e1 tamb\u00e9m, pela PCSC, e agora condenado a 31 anos de pris\u00e3o.\u00a0<\/p><p>O terceiro assaltante que entrou no banco, era morador da cidade vizinha de Santa Cec\u00edlia, e recebeu uma pena de 12 anos de pris\u00e3o.\u00a0\u00a0<\/p><p>Outras oito pessoas da fam\u00edlia dele, incluindo tios e primos, foram condenados cada um a 18 anos e 8 meses de reclus\u00e3o, por terem participado dando apoio ao crime, observando a chegada de carro-forte, a movimenta\u00e7\u00e3o de viaturas policiais e abrigando os criminosos de fora em suas resid\u00eancias.<\/p>\t\t\t\t\t\t\t\t<\/div>\n\t\t\t\t<\/div>\n\t\t\t\t\t<\/div>\n\t\t<\/div>\n\t\t\t\t\t<\/div>\n\t\t<\/section>\n\t\t\t\t<\/div>\n\t\t","protected":false},"excerpt":{"rendered":"<p>Autores de roubo a banco de Timb\u00f3 Grande s\u00e3o condenados a penas que somam 230 anos de pris\u00e3o O assalto a uma ag\u00eancia banc\u00e1ria da cidade de Timb\u00f3 Grande, em junho de 2023, foi uma a\u00e7\u00e3o violenta, usando v\u00e1rias armas de fogo e at\u00e9 fuzil, onde tr\u00eas homens fizeram funcion\u00e1rios e clientes de ref\u00e9ns, e [&hellip;]<\/p>\n","protected":false},"author":5,"featured_media":28492,"comment_status":"closed","ping_status":"open","sticky":false,"template":"","format":"standard","meta":{"_monsterinsights_skip_tracking":false,"_monsterinsights_sitenote_active":false,"_monsterinsights_sitenote_note":"","_monsterinsights_sitenote_category":0,"footnotes":""},"categories":[1],"tags":[],"class_list":["post-28490","post","type-post","status-publish","format-standard","has-post-thumbnail","hentry","category-sem-categoria"],"_links":{"self":[{"href":"https:\/\/pc.sc.gov.br\/index.php?rest_route=\/wp\/v2\/posts\/28490","targetHints":{"allow":["GET"]}}],"collection":[{"href":"https:\/\/pc.sc.gov.br\/index.php?rest_route=\/wp\/v2\/posts"}],"about":[{"href":"https:\/\/pc.sc.gov.br\/index.php?rest_route=\/wp\/v2\/types\/post"}],"author":[{"embeddable":true,"href":"https:\/\/pc.sc.gov.br\/index.php?rest_route=\/wp\/v2\/users\/5"}],"replies":[{"embeddable":true,"href":"https:\/\/pc.sc.gov.br\/index.php?rest_route=%2Fwp%2Fv2%2Fcomments&post=28490"}],"version-history":[{"count":4,"href":"https:\/\/pc.sc.gov.br\/index.php?rest_route=\/wp\/v2\/posts\/28490\/revisions"}],"predecessor-version":[{"id":28496,"href":"https:\/\/pc.sc.gov.br\/index.php?rest_route=\/wp\/v2\/posts\/28490\/revisions\/28496"}],"wp:featuredmedia":[{"embeddable":true,"href":"https:\/\/pc.sc.gov.br\/index.php?rest_route=\/wp\/v2\/media\/28492"}],"wp:attachment":[{"href":"https:\/\/pc.sc.gov.br\/index.php?rest_route=%2Fwp%2Fv2%2Fmedia&parent=28490"}],"wp:term":[{"taxonomy":"category","embeddable":true,"href":"https:\/\/pc.sc.gov.br\/index.php?rest_route=%2Fwp%2Fv2%2Fcategories&post=28490"},{"taxonomy":"post_tag","embeddable":true,"href":"https:\/\/pc.sc.gov.br\/index.php?rest_route=%2Fwp%2Fv2%2Ftags&post=28490"}],"curies":[{"name":"wp","href":"https:\/\/api.w.org\/{rel}","templated":true}]}}