{"id":28497,"date":"2025-05-07T12:47:26","date_gmt":"2025-05-07T15:47:26","guid":{"rendered":"https:\/\/pc.sc.gov.br\/?p=28497"},"modified":"2025-05-07T12:48:38","modified_gmt":"2025-05-07T15:48:38","slug":"em-itapema-policia-civil-de-sc-cumpre-mandados-em-apoio-a-investigacao-de-sonegacao-fiscal-no-agronegocio-da-pcmt","status":"publish","type":"post","link":"https:\/\/pc.sc.gov.br\/?p=28497","title":{"rendered":"Em Itapema, Pol\u00edcia Civil de SC cumpre mandados em apoio \u00e0 investiga\u00e7\u00e3o de sonega\u00e7\u00e3o fiscal ao agroneg\u00f3cio da PCMT"},"content":{"rendered":"\t\t<div data-elementor-type=\"wp-post\" data-elementor-id=\"28497\" class=\"elementor elementor-28497\" data-elementor-post-type=\"post\">\n\t\t\t\t\t\t<section class=\"elementor-section elementor-top-section elementor-element elementor-element-261f818 elementor-section-boxed elementor-section-height-default elementor-section-height-default\" data-id=\"261f818\" data-element_type=\"section\">\n\t\t\t\t\t\t<div class=\"elementor-container elementor-column-gap-default\">\n\t\t\t\t\t<div class=\"elementor-column elementor-col-100 elementor-top-column elementor-element elementor-element-c2e21c0\" data-id=\"c2e21c0\" data-element_type=\"column\">\n\t\t\t<div class=\"elementor-widget-wrap elementor-element-populated\">\n\t\t\t\t\t\t<div class=\"elementor-element elementor-element-114810c elementor-widget elementor-widget-heading\" data-id=\"114810c\" data-element_type=\"widget\" data-widget_type=\"heading.default\">\n\t\t\t\t<div class=\"elementor-widget-container\">\n\t\t\t\t\t<h2 class=\"elementor-heading-title elementor-size-default\">Em Itapema, Pol\u00edcia Civil de SC cumpre mandados em apoio \u00e0 investiga\u00e7\u00e3o de sonega\u00e7\u00e3o fiscal ao agroneg\u00f3cio da PCMT <\/h2>\t\t\t\t<\/div>\n\t\t\t\t<\/div>\n\t\t\t\t\t<\/div>\n\t\t<\/div>\n\t\t\t\t\t<\/div>\n\t\t<\/section>\n\t\t\t\t<section class=\"elementor-section elementor-top-section elementor-element elementor-element-0b331e5 elementor-section-boxed elementor-section-height-default elementor-section-height-default\" data-id=\"0b331e5\" data-element_type=\"section\">\n\t\t\t\t\t\t<div class=\"elementor-container elementor-column-gap-default\">\n\t\t\t\t\t<div class=\"elementor-column elementor-col-100 elementor-top-column elementor-element elementor-element-cec509e\" data-id=\"cec509e\" data-element_type=\"column\">\n\t\t\t<div class=\"elementor-widget-wrap elementor-element-populated\">\n\t\t\t\t\t\t<div class=\"elementor-element elementor-element-7976b35 elementor-widget elementor-widget-image\" data-id=\"7976b35\" data-element_type=\"widget\" data-widget_type=\"image.default\">\n\t\t\t\t<div class=\"elementor-widget-container\">\n\t\t\t\t\t\t\t\t\t\t\t\t\t\t\t<img fetchpriority=\"high\" decoding=\"async\" width=\"576\" height=\"1024\" src=\"https:\/\/pc.sc.gov.br\/\/wp-content\/uploads\/2025\/05\/WhatsApp-Image-2025-05-07-at-09.53.50-576x1024.jpeg\" class=\"attachment-large size-large wp-image-28498\" alt=\"\" srcset=\"https:\/\/pc.sc.gov.br\/\/wp-content\/uploads\/2025\/05\/WhatsApp-Image-2025-05-07-at-09.53.50-576x1024.jpeg 576w, https:\/\/pc.sc.gov.br\/\/wp-content\/uploads\/2025\/05\/WhatsApp-Image-2025-05-07-at-09.53.50-169x300.jpeg 169w, https:\/\/pc.sc.gov.br\/\/wp-content\/uploads\/2025\/05\/WhatsApp-Image-2025-05-07-at-09.53.50-768x1366.jpeg 768w, https:\/\/pc.sc.gov.br\/\/wp-content\/uploads\/2025\/05\/WhatsApp-Image-2025-05-07-at-09.53.50-864x1536.jpeg 864w, https:\/\/pc.sc.gov.br\/\/wp-content\/uploads\/2025\/05\/WhatsApp-Image-2025-05-07-at-09.53.50.jpeg 899w\" sizes=\"(max-width: 576px) 100vw, 576px\" \/>\t\t\t\t\t\t\t\t\t\t\t\t\t\t\t<\/div>\n\t\t\t\t<\/div>\n\t\t\t\t\t<\/div>\n\t\t<\/div>\n\t\t\t\t\t<\/div>\n\t\t<\/section>\n\t\t\t\t<section class=\"elementor-section elementor-top-section elementor-element elementor-element-ddd04b1 elementor-section-boxed elementor-section-height-default elementor-section-height-default\" data-id=\"ddd04b1\" data-element_type=\"section\">\n\t\t\t\t\t\t<div class=\"elementor-container elementor-column-gap-default\">\n\t\t\t\t\t<div class=\"elementor-column elementor-col-100 elementor-top-column elementor-element elementor-element-26e9038\" data-id=\"26e9038\" data-element_type=\"column\">\n\t\t\t<div class=\"elementor-widget-wrap elementor-element-populated\">\n\t\t\t\t\t\t<div class=\"elementor-element elementor-element-c0ed9d7 elementor-widget elementor-widget-text-editor\" data-id=\"c0ed9d7\" data-element_type=\"widget\" data-widget_type=\"text-editor.default\">\n\t\t\t\t<div class=\"elementor-widget-container\">\n\t\t\t\t\t\t\t\t\t<p>Na manh\u00e3 desta ter\u00e7a-feira (07\/05), a Pol\u00edcia Civil de Santa Catarina, por meio da Delegacia de Investiga\u00e7\u00e3o dos Crimes contra a Fazenda P\u00fablica (DFAZ\/DEIC), deu cumprimento a quatro mandados de busca e apreens\u00e3o, no munic\u00edpio de Itapema, em apoio \u00e0 Delegacia Fazend\u00e1ria do Estado do Mato Grosso (DFAZ\/MT).<\/p><p>A a\u00e7\u00e3o foi direcionada contra investigado por crimes de sonega\u00e7\u00e3o fiscal, relacionados ao setor do agroneg\u00f3cio. Durante o cumprimento das dilig\u00eancias, o alvo foi localizado e teve seu aparelho telef\u00f4nico apreendido, alcan\u00e7ando-se o objetivo principal da medida cautelar deferida pelo Poder Judici\u00e1rio.<\/p><p>A opera\u00e7\u00e3o contou com o apoio da Delegacia de Combate \u00e0 Corrup\u00e7\u00e3o (DECOR\/DEIC), refor\u00e7ando a atua\u00e7\u00e3o integrada das unidades especializadas da Pol\u00edcia Civil no enfrentamento aos crimes tribut\u00e1rios de car\u00e1ter interestadual. Mais informa\u00e7\u00f5es devem ser solicitadas \u00e0 PCMT.<\/p>\t\t\t\t\t\t\t\t<\/div>\n\t\t\t\t<\/div>\n\t\t\t\t\t<\/div>\n\t\t<\/div>\n\t\t\t\t\t<\/div>\n\t\t<\/section>\n\t\t\t\t<\/div>\n\t\t","protected":false},"excerpt":{"rendered":"<p>Em Itapema, Pol\u00edcia Civil de SC cumpre mandados em apoio \u00e0 investiga\u00e7\u00e3o de sonega\u00e7\u00e3o fiscal ao agroneg\u00f3cio da PCMT Na manh\u00e3 desta ter\u00e7a-feira (07\/05), a Pol\u00edcia Civil de Santa Catarina, por meio da Delegacia de Investiga\u00e7\u00e3o dos Crimes contra a Fazenda P\u00fablica (DFAZ\/DEIC), deu cumprimento a quatro mandados de busca e apreens\u00e3o, no munic\u00edpio de [&hellip;]<\/p>\n","protected":false},"author":5,"featured_media":28498,"comment_status":"closed","ping_status":"open","sticky":false,"template":"","format":"standard","meta":{"_monsterinsights_skip_tracking":false,"_monsterinsights_sitenote_active":false,"_monsterinsights_sitenote_note":"","_monsterinsights_sitenote_category":0,"footnotes":""},"categories":[1],"tags":[],"class_list":["post-28497","post","type-post","status-publish","format-standard","has-post-thumbnail","hentry","category-sem-categoria"],"_links":{"self":[{"href":"https:\/\/pc.sc.gov.br\/index.php?rest_route=\/wp\/v2\/posts\/28497","targetHints":{"allow":["GET"]}}],"collection":[{"href":"https:\/\/pc.sc.gov.br\/index.php?rest_route=\/wp\/v2\/posts"}],"about":[{"href":"https:\/\/pc.sc.gov.br\/index.php?rest_route=\/wp\/v2\/types\/post"}],"author":[{"embeddable":true,"href":"https:\/\/pc.sc.gov.br\/index.php?rest_route=\/wp\/v2\/users\/5"}],"replies":[{"embeddable":true,"href":"https:\/\/pc.sc.gov.br\/index.php?rest_route=%2Fwp%2Fv2%2Fcomments&post=28497"}],"version-history":[{"count":5,"href":"https:\/\/pc.sc.gov.br\/index.php?rest_route=\/wp\/v2\/posts\/28497\/revisions"}],"predecessor-version":[{"id":28503,"href":"https:\/\/pc.sc.gov.br\/index.php?rest_route=\/wp\/v2\/posts\/28497\/revisions\/28503"}],"wp:featuredmedia":[{"embeddable":true,"href":"https:\/\/pc.sc.gov.br\/index.php?rest_route=\/wp\/v2\/media\/28498"}],"wp:attachment":[{"href":"https:\/\/pc.sc.gov.br\/index.php?rest_route=%2Fwp%2Fv2%2Fmedia&parent=28497"}],"wp:term":[{"taxonomy":"category","embeddable":true,"href":"https:\/\/pc.sc.gov.br\/index.php?rest_route=%2Fwp%2Fv2%2Fcategories&post=28497"},{"taxonomy":"post_tag","embeddable":true,"href":"https:\/\/pc.sc.gov.br\/index.php?rest_route=%2Fwp%2Fv2%2Ftags&post=28497"}],"curies":[{"name":"wp","href":"https:\/\/api.w.org\/{rel}","templated":true}]}}