{"id":28504,"date":"2025-05-07T13:14:11","date_gmt":"2025-05-07T16:14:11","guid":{"rendered":"https:\/\/pc.sc.gov.br\/?p=28504"},"modified":"2025-05-07T13:15:01","modified_gmt":"2025-05-07T16:15:01","slug":"policiais-civis-do-extremo-oeste-de-sc-participam-de-curso-de-intervencao-contra-ameacas-em-instituicoes-de-ensino","status":"publish","type":"post","link":"https:\/\/pc.sc.gov.br\/?p=28504","title":{"rendered":"Policiais civis do Extremo Oeste de SC participam de curso de interven\u00e7\u00e3o contra amea\u00e7as em institui\u00e7\u00f5es de ensino"},"content":{"rendered":"\t\t<div data-elementor-type=\"wp-post\" data-elementor-id=\"28504\" class=\"elementor elementor-28504\" data-elementor-post-type=\"post\">\n\t\t\t\t\t\t<section class=\"elementor-section elementor-top-section elementor-element elementor-element-7464dbf elementor-section-boxed elementor-section-height-default elementor-section-height-default\" data-id=\"7464dbf\" data-element_type=\"section\">\n\t\t\t\t\t\t<div class=\"elementor-container elementor-column-gap-default\">\n\t\t\t\t\t<div class=\"elementor-column elementor-col-100 elementor-top-column elementor-element elementor-element-551d8a7\" data-id=\"551d8a7\" data-element_type=\"column\">\n\t\t\t<div class=\"elementor-widget-wrap elementor-element-populated\">\n\t\t\t\t\t\t<div class=\"elementor-element elementor-element-8d3143e elementor-widget elementor-widget-heading\" data-id=\"8d3143e\" data-element_type=\"widget\" data-widget_type=\"heading.default\">\n\t\t\t\t<div class=\"elementor-widget-container\">\n\t\t\t\t\t<h2 class=\"elementor-heading-title elementor-size-default\">Policiais civis do Extremo Oeste de SC participam de curso de interven\u00e7\u00e3o contra amea\u00e7as em institui\u00e7\u00f5es de ensino<\/h2>\t\t\t\t<\/div>\n\t\t\t\t<\/div>\n\t\t\t\t\t<\/div>\n\t\t<\/div>\n\t\t\t\t\t<\/div>\n\t\t<\/section>\n\t\t\t\t<section class=\"elementor-section elementor-top-section elementor-element elementor-element-830d0eb elementor-section-boxed elementor-section-height-default elementor-section-height-default\" data-id=\"830d0eb\" data-element_type=\"section\">\n\t\t\t\t\t\t<div class=\"elementor-container elementor-column-gap-default\">\n\t\t\t\t\t<div class=\"elementor-column elementor-col-100 elementor-top-column elementor-element elementor-element-8ad434b\" data-id=\"8ad434b\" data-element_type=\"column\">\n\t\t\t<div class=\"elementor-widget-wrap elementor-element-populated\">\n\t\t\t\t\t\t<div class=\"elementor-element elementor-element-6cc1238 elementor-widget elementor-widget-image\" data-id=\"6cc1238\" data-element_type=\"widget\" data-widget_type=\"image.default\">\n\t\t\t\t<div class=\"elementor-widget-container\">\n\t\t\t\t\t\t\t\t\t\t\t\t\t\t\t<img fetchpriority=\"high\" decoding=\"async\" width=\"696\" height=\"928\" src=\"https:\/\/pc.sc.gov.br\/\/wp-content\/uploads\/2025\/05\/WhatsApp-Image-2025-05-07-at-08.55.52-768x1024.jpeg\" class=\"attachment-large size-large wp-image-28505\" alt=\"\" srcset=\"https:\/\/pc.sc.gov.br\/\/wp-content\/uploads\/2025\/05\/WhatsApp-Image-2025-05-07-at-08.55.52-768x1024.jpeg 768w, https:\/\/pc.sc.gov.br\/\/wp-content\/uploads\/2025\/05\/WhatsApp-Image-2025-05-07-at-08.55.52-225x300.jpeg 225w, https:\/\/pc.sc.gov.br\/\/wp-content\/uploads\/2025\/05\/WhatsApp-Image-2025-05-07-at-08.55.52.jpeg 960w\" sizes=\"(max-width: 696px) 100vw, 696px\" \/>\t\t\t\t\t\t\t\t\t\t\t\t\t\t\t<\/div>\n\t\t\t\t<\/div>\n\t\t\t\t\t<\/div>\n\t\t<\/div>\n\t\t\t\t\t<\/div>\n\t\t<\/section>\n\t\t\t\t<section class=\"elementor-section elementor-top-section elementor-element elementor-element-4cc2d91 elementor-section-boxed elementor-section-height-default elementor-section-height-default\" data-id=\"4cc2d91\" data-element_type=\"section\">\n\t\t\t\t\t\t<div class=\"elementor-container elementor-column-gap-default\">\n\t\t\t\t\t<div class=\"elementor-column elementor-col-100 elementor-top-column elementor-element elementor-element-f27e1be\" data-id=\"f27e1be\" data-element_type=\"column\">\n\t\t\t<div class=\"elementor-widget-wrap elementor-element-populated\">\n\t\t\t\t\t\t<div class=\"elementor-element elementor-element-87deabf elementor-widget elementor-widget-text-editor\" data-id=\"87deabf\" data-element_type=\"widget\" data-widget_type=\"text-editor.default\">\n\t\t\t\t<div class=\"elementor-widget-container\">\n\t\t\t\t\t\t\t\t\t<p>A Pol\u00edcia Civil de Santa Catarina, por meio de sua Academia de Pol\u00edcia, est\u00e1 promovendo o Curso Agressor Ativo, voltado \u00e0 capacita\u00e7\u00e3o de policiais civis para atuarem como primeiros interventores em situa\u00e7\u00f5es de amea\u00e7a em escolas e institui\u00e7\u00f5es similares.<\/p><p>Ao longo desta semana, 16 policiais civis das Delegacias Regionais de S\u00e3o Miguel do Oeste, S\u00e3o Louren\u00e7o do Oeste e Maravilha participam da forma\u00e7\u00e3o. Entre as unidades representadas est\u00e1 a Delegacia de Pol\u00edcia do Munic\u00edpio de Saudades, marcada por um ataque tr\u00e1gico ocorrido em 4 de maio de 2021, que resultou na morte de tr\u00eas crian\u00e7as e duas funcion\u00e1rias de uma creche local.<\/p><p>Com 32 horas de dura\u00e7\u00e3o, o curso combina instru\u00e7\u00f5es te\u00f3ricas e pr\u00e1ticas, seguindo um protocolo pr\u00f3prio da Pol\u00edcia Civil de SC. Esse protocolo foi desenvolvido com base em estudos e treinamentos realizados em parceria com a S.W.A.T. de Utah, nos Estados Unidos, buscando excel\u00eancia na resposta a situa\u00e7\u00f5es cr\u00edticas.<\/p>\t\t\t\t\t\t\t\t<\/div>\n\t\t\t\t<\/div>\n\t\t\t\t\t<\/div>\n\t\t<\/div>\n\t\t\t\t\t<\/div>\n\t\t<\/section>\n\t\t\t\t<\/div>\n\t\t","protected":false},"excerpt":{"rendered":"<p>Policiais civis do Extremo Oeste de SC participam de curso de interven\u00e7\u00e3o contra amea\u00e7as em institui\u00e7\u00f5es de ensino A Pol\u00edcia Civil de Santa Catarina, por meio de sua Academia de Pol\u00edcia, est\u00e1 promovendo o Curso Agressor Ativo, voltado \u00e0 capacita\u00e7\u00e3o de policiais civis para atuarem como primeiros interventores em situa\u00e7\u00f5es de amea\u00e7a em escolas e [&hellip;]<\/p>\n","protected":false},"author":5,"featured_media":28505,"comment_status":"closed","ping_status":"open","sticky":false,"template":"","format":"standard","meta":{"_monsterinsights_skip_tracking":false,"_monsterinsights_sitenote_active":false,"_monsterinsights_sitenote_note":"","_monsterinsights_sitenote_category":0,"footnotes":""},"categories":[1],"tags":[],"class_list":["post-28504","post","type-post","status-publish","format-standard","has-post-thumbnail","hentry","category-sem-categoria"],"_links":{"self":[{"href":"https:\/\/pc.sc.gov.br\/index.php?rest_route=\/wp\/v2\/posts\/28504","targetHints":{"allow":["GET"]}}],"collection":[{"href":"https:\/\/pc.sc.gov.br\/index.php?rest_route=\/wp\/v2\/posts"}],"about":[{"href":"https:\/\/pc.sc.gov.br\/index.php?rest_route=\/wp\/v2\/types\/post"}],"author":[{"embeddable":true,"href":"https:\/\/pc.sc.gov.br\/index.php?rest_route=\/wp\/v2\/users\/5"}],"replies":[{"embeddable":true,"href":"https:\/\/pc.sc.gov.br\/index.php?rest_route=%2Fwp%2Fv2%2Fcomments&post=28504"}],"version-history":[{"count":4,"href":"https:\/\/pc.sc.gov.br\/index.php?rest_route=\/wp\/v2\/posts\/28504\/revisions"}],"predecessor-version":[{"id":28509,"href":"https:\/\/pc.sc.gov.br\/index.php?rest_route=\/wp\/v2\/posts\/28504\/revisions\/28509"}],"wp:featuredmedia":[{"embeddable":true,"href":"https:\/\/pc.sc.gov.br\/index.php?rest_route=\/wp\/v2\/media\/28505"}],"wp:attachment":[{"href":"https:\/\/pc.sc.gov.br\/index.php?rest_route=%2Fwp%2Fv2%2Fmedia&parent=28504"}],"wp:term":[{"taxonomy":"category","embeddable":true,"href":"https:\/\/pc.sc.gov.br\/index.php?rest_route=%2Fwp%2Fv2%2Fcategories&post=28504"},{"taxonomy":"post_tag","embeddable":true,"href":"https:\/\/pc.sc.gov.br\/index.php?rest_route=%2Fwp%2Fv2%2Ftags&post=28504"}],"curies":[{"name":"wp","href":"https:\/\/api.w.org\/{rel}","templated":true}]}}