{"id":28522,"date":"2025-05-07T16:36:44","date_gmt":"2025-05-07T19:36:44","guid":{"rendered":"https:\/\/pc.sc.gov.br\/?p=28522"},"modified":"2025-05-07T16:37:25","modified_gmt":"2025-05-07T19:37:25","slug":"policia-civil-prende-suspeito-por-violencia-domestica-apos-descumprir-medidas-protetivas-em-laguna","status":"publish","type":"post","link":"https:\/\/pc.sc.gov.br\/?p=28522","title":{"rendered":"Pol\u00edcia Civil prende suspeito por viol\u00eancia dom\u00e9stica ap\u00f3s descumprir medidas protetivas em Laguna"},"content":{"rendered":"\t\t<div data-elementor-type=\"wp-post\" data-elementor-id=\"28522\" class=\"elementor elementor-28522\" data-elementor-post-type=\"post\">\n\t\t\t\t\t\t<section class=\"elementor-section elementor-top-section elementor-element elementor-element-a48d475 elementor-section-boxed elementor-section-height-default elementor-section-height-default\" data-id=\"a48d475\" data-element_type=\"section\">\n\t\t\t\t\t\t<div class=\"elementor-container elementor-column-gap-default\">\n\t\t\t\t\t<div class=\"elementor-column elementor-col-100 elementor-top-column elementor-element elementor-element-e683c68\" data-id=\"e683c68\" data-element_type=\"column\">\n\t\t\t<div class=\"elementor-widget-wrap elementor-element-populated\">\n\t\t\t\t\t\t<div class=\"elementor-element elementor-element-f2f3d78 elementor-widget elementor-widget-heading\" data-id=\"f2f3d78\" data-element_type=\"widget\" data-widget_type=\"heading.default\">\n\t\t\t\t<div class=\"elementor-widget-container\">\n\t\t\t\t\t<h2 class=\"elementor-heading-title elementor-size-default\">Pol\u00edcia Civil prende suspeito por viol\u00eancia dom\u00e9stica ap\u00f3s descumprir medidas protetivas em Laguna<\/h2>\t\t\t\t<\/div>\n\t\t\t\t<\/div>\n\t\t\t\t\t<\/div>\n\t\t<\/div>\n\t\t\t\t\t<\/div>\n\t\t<\/section>\n\t\t\t\t<section class=\"elementor-section elementor-top-section elementor-element elementor-element-d0fac2c elementor-section-boxed elementor-section-height-default elementor-section-height-default\" data-id=\"d0fac2c\" data-element_type=\"section\">\n\t\t\t\t\t\t<div class=\"elementor-container elementor-column-gap-default\">\n\t\t\t\t\t<div class=\"elementor-column elementor-col-100 elementor-top-column elementor-element elementor-element-19ce151\" data-id=\"19ce151\" data-element_type=\"column\">\n\t\t\t<div class=\"elementor-widget-wrap elementor-element-populated\">\n\t\t\t\t\t\t<div class=\"elementor-element elementor-element-1e80295 elementor-widget elementor-widget-image\" data-id=\"1e80295\" data-element_type=\"widget\" data-widget_type=\"image.default\">\n\t\t\t\t<div class=\"elementor-widget-container\">\n\t\t\t\t\t\t\t\t\t\t\t\t\t\t\t<img fetchpriority=\"high\" decoding=\"async\" width=\"696\" height=\"464\" src=\"https:\/\/pc.sc.gov.br\/\/wp-content\/uploads\/2025\/05\/LEO_6506-1024x683.jpg\" class=\"attachment-large size-large wp-image-28443\" alt=\"\" srcset=\"https:\/\/pc.sc.gov.br\/\/wp-content\/uploads\/2025\/05\/LEO_6506-1024x683.jpg 1024w, https:\/\/pc.sc.gov.br\/\/wp-content\/uploads\/2025\/05\/LEO_6506-300x200.jpg 300w, https:\/\/pc.sc.gov.br\/\/wp-content\/uploads\/2025\/05\/LEO_6506-768x512.jpg 768w, https:\/\/pc.sc.gov.br\/\/wp-content\/uploads\/2025\/05\/LEO_6506-1536x1024.jpg 1536w, https:\/\/pc.sc.gov.br\/\/wp-content\/uploads\/2025\/05\/LEO_6506-2048x1365.jpg 2048w\" sizes=\"(max-width: 696px) 100vw, 696px\" \/>\t\t\t\t\t\t\t\t\t\t\t\t\t\t\t<\/div>\n\t\t\t\t<\/div>\n\t\t\t\t\t<\/div>\n\t\t<\/div>\n\t\t\t\t\t<\/div>\n\t\t<\/section>\n\t\t\t\t<section class=\"elementor-section elementor-top-section elementor-element elementor-element-18ac5ec elementor-section-boxed elementor-section-height-default elementor-section-height-default\" data-id=\"18ac5ec\" data-element_type=\"section\">\n\t\t\t\t\t\t<div class=\"elementor-container elementor-column-gap-default\">\n\t\t\t\t\t<div class=\"elementor-column elementor-col-100 elementor-top-column elementor-element elementor-element-c37306a\" data-id=\"c37306a\" data-element_type=\"column\">\n\t\t\t<div class=\"elementor-widget-wrap elementor-element-populated\">\n\t\t\t\t\t\t<div class=\"elementor-element elementor-element-5ad0715 elementor-widget elementor-widget-text-editor\" data-id=\"5ad0715\" data-element_type=\"widget\" data-widget_type=\"text-editor.default\">\n\t\t\t\t<div class=\"elementor-widget-container\">\n\t\t\t\t\t\t\t\t\t<p>A Pol\u00edcia Civil de Santa Catarina, por meio da Delegacia de Prote\u00e7\u00e3o \u00e0 Crian\u00e7a, ao Adolescente, \u00e0 Mulher e ao Idoso (DPCAMI) de Laguna, prendeu um homem investigado por praticar viol\u00eancia dom\u00e9stica contra sua companheira. Ap\u00f3s a solicita\u00e7\u00e3o da v\u00edtima, medidas protetivas de urg\u00eancia foram deferidas pelo Poder Judici\u00e1rio. No entanto, o suspeito descumpriu reiteradamente as determina\u00e7\u00f5es judiciais.<\/p><p>Diante da gravidade da situa\u00e7\u00e3o, foi decretada a pris\u00e3o preventiva do investigado. Ap\u00f3s diversas dilig\u00eancias realizadas pela DPCAMI de Laguna, com apoio da Divis\u00e3o de Investiga\u00e7\u00e3o Criminal (DIC), os policiais identificaram que o homem encontrava-se escondido no munic\u00edpio de Bra\u00e7o do Norte.<\/p><p>No dia 05 de maio de 2025, com o apoio do setor de intelig\u00eancia da Pol\u00edcia Militar local, os policiais militares conseguiram localizar e prender o suspeito, que agora est\u00e1 \u00e0 disposi\u00e7\u00e3o da Justi\u00e7a.<\/p><p>A a\u00e7\u00e3o conjunta refor\u00e7a o compromisso das for\u00e7as de seguran\u00e7a com o enfrentamento \u00e0 viol\u00eancia dom\u00e9stica e o cumprimento das medidas legais de prote\u00e7\u00e3o \u00e0s v\u00edtimas<\/p>\t\t\t\t\t\t\t\t<\/div>\n\t\t\t\t<\/div>\n\t\t\t\t\t<\/div>\n\t\t<\/div>\n\t\t\t\t\t<\/div>\n\t\t<\/section>\n\t\t\t\t<\/div>\n\t\t","protected":false},"excerpt":{"rendered":"<p>Pol\u00edcia Civil prende suspeito por viol\u00eancia dom\u00e9stica ap\u00f3s descumprir medidas protetivas em Laguna A Pol\u00edcia Civil de Santa Catarina, por meio da Delegacia de Prote\u00e7\u00e3o \u00e0 Crian\u00e7a, ao Adolescente, \u00e0 Mulher e ao Idoso (DPCAMI) de Laguna, prendeu um homem investigado por praticar viol\u00eancia dom\u00e9stica contra sua companheira. Ap\u00f3s a solicita\u00e7\u00e3o da v\u00edtima, medidas protetivas [&hellip;]<\/p>\n","protected":false},"author":5,"featured_media":28443,"comment_status":"closed","ping_status":"open","sticky":false,"template":"","format":"standard","meta":{"_monsterinsights_skip_tracking":false,"_monsterinsights_sitenote_active":false,"_monsterinsights_sitenote_note":"","_monsterinsights_sitenote_category":0,"footnotes":""},"categories":[1],"tags":[],"class_list":["post-28522","post","type-post","status-publish","format-standard","has-post-thumbnail","hentry","category-sem-categoria"],"_links":{"self":[{"href":"https:\/\/pc.sc.gov.br\/index.php?rest_route=\/wp\/v2\/posts\/28522","targetHints":{"allow":["GET"]}}],"collection":[{"href":"https:\/\/pc.sc.gov.br\/index.php?rest_route=\/wp\/v2\/posts"}],"about":[{"href":"https:\/\/pc.sc.gov.br\/index.php?rest_route=\/wp\/v2\/types\/post"}],"author":[{"embeddable":true,"href":"https:\/\/pc.sc.gov.br\/index.php?rest_route=\/wp\/v2\/users\/5"}],"replies":[{"embeddable":true,"href":"https:\/\/pc.sc.gov.br\/index.php?rest_route=%2Fwp%2Fv2%2Fcomments&post=28522"}],"version-history":[{"count":4,"href":"https:\/\/pc.sc.gov.br\/index.php?rest_route=\/wp\/v2\/posts\/28522\/revisions"}],"predecessor-version":[{"id":28526,"href":"https:\/\/pc.sc.gov.br\/index.php?rest_route=\/wp\/v2\/posts\/28522\/revisions\/28526"}],"wp:featuredmedia":[{"embeddable":true,"href":"https:\/\/pc.sc.gov.br\/index.php?rest_route=\/wp\/v2\/media\/28443"}],"wp:attachment":[{"href":"https:\/\/pc.sc.gov.br\/index.php?rest_route=%2Fwp%2Fv2%2Fmedia&parent=28522"}],"wp:term":[{"taxonomy":"category","embeddable":true,"href":"https:\/\/pc.sc.gov.br\/index.php?rest_route=%2Fwp%2Fv2%2Fcategories&post=28522"},{"taxonomy":"post_tag","embeddable":true,"href":"https:\/\/pc.sc.gov.br\/index.php?rest_route=%2Fwp%2Fv2%2Ftags&post=28522"}],"curies":[{"name":"wp","href":"https:\/\/api.w.org\/{rel}","templated":true}]}}