{"id":28567,"date":"2025-05-08T18:27:24","date_gmt":"2025-05-08T21:27:24","guid":{"rendered":"https:\/\/pc.sc.gov.br\/?p=28567"},"modified":"2025-05-08T18:28:03","modified_gmt":"2025-05-08T21:28:03","slug":"policia-civil-prende-dois-homens-no-ambito-da-operacao-pega-ladrao-em-palhoca","status":"publish","type":"post","link":"https:\/\/pc.sc.gov.br\/?p=28567","title":{"rendered":"Pol\u00edcia Civil prende dois homens no \u00e2mbito da opera\u00e7\u00e3o \u201cPega Ladr\u00e3o\u201d em Palho\u00e7a"},"content":{"rendered":"\t\t<div data-elementor-type=\"wp-post\" data-elementor-id=\"28567\" class=\"elementor elementor-28567\" data-elementor-post-type=\"post\">\n\t\t\t\t\t\t<section class=\"elementor-section elementor-top-section elementor-element elementor-element-8802b00 elementor-section-boxed elementor-section-height-default elementor-section-height-default\" data-id=\"8802b00\" data-element_type=\"section\">\n\t\t\t\t\t\t<div class=\"elementor-container elementor-column-gap-default\">\n\t\t\t\t\t<div class=\"elementor-column elementor-col-100 elementor-top-column elementor-element elementor-element-b6edb88\" data-id=\"b6edb88\" data-element_type=\"column\">\n\t\t\t<div class=\"elementor-widget-wrap elementor-element-populated\">\n\t\t\t\t\t\t<div class=\"elementor-element elementor-element-42cc1fa elementor-widget elementor-widget-heading\" data-id=\"42cc1fa\" data-element_type=\"widget\" data-widget_type=\"heading.default\">\n\t\t\t\t<div class=\"elementor-widget-container\">\n\t\t\t\t\t<h2 class=\"elementor-heading-title elementor-size-default\">Pol\u00edcia Civil prende dois homens no \u00e2mbito da opera\u00e7\u00e3o \u201cPega Ladr\u00e3o\u201d em Palho\u00e7a<\/h2>\t\t\t\t<\/div>\n\t\t\t\t<\/div>\n\t\t\t\t\t<\/div>\n\t\t<\/div>\n\t\t\t\t\t<\/div>\n\t\t<\/section>\n\t\t\t\t<section class=\"elementor-section elementor-top-section elementor-element elementor-element-373b76c elementor-section-boxed elementor-section-height-default elementor-section-height-default\" data-id=\"373b76c\" data-element_type=\"section\">\n\t\t\t\t\t\t<div class=\"elementor-container elementor-column-gap-default\">\n\t\t\t\t\t<div class=\"elementor-column elementor-col-100 elementor-top-column elementor-element elementor-element-9c92bb7\" data-id=\"9c92bb7\" data-element_type=\"column\">\n\t\t\t<div class=\"elementor-widget-wrap elementor-element-populated\">\n\t\t\t\t\t\t<div class=\"elementor-element elementor-element-f225375 elementor-widget elementor-widget-image\" data-id=\"f225375\" data-element_type=\"widget\" data-widget_type=\"image.default\">\n\t\t\t\t<div class=\"elementor-widget-container\">\n\t\t\t\t\t\t\t\t\t\t\t\t\t\t\t<img fetchpriority=\"high\" decoding=\"async\" width=\"696\" height=\"329\" src=\"https:\/\/pc.sc.gov.br\/\/wp-content\/uploads\/2025\/04\/videira2_51467587006_o-fotor-20241129134120.jpg\" class=\"attachment-large size-large wp-image-28365\" alt=\"\" srcset=\"https:\/\/pc.sc.gov.br\/\/wp-content\/uploads\/2025\/04\/videira2_51467587006_o-fotor-20241129134120.jpg 807w, https:\/\/pc.sc.gov.br\/\/wp-content\/uploads\/2025\/04\/videira2_51467587006_o-fotor-20241129134120-300x142.jpg 300w, https:\/\/pc.sc.gov.br\/\/wp-content\/uploads\/2025\/04\/videira2_51467587006_o-fotor-20241129134120-768x364.jpg 768w\" sizes=\"(max-width: 696px) 100vw, 696px\" \/>\t\t\t\t\t\t\t\t\t\t\t\t\t\t\t<\/div>\n\t\t\t\t<\/div>\n\t\t\t\t\t<\/div>\n\t\t<\/div>\n\t\t\t\t\t<\/div>\n\t\t<\/section>\n\t\t\t\t<section class=\"elementor-section elementor-top-section elementor-element elementor-element-aae59d0 elementor-section-boxed elementor-section-height-default elementor-section-height-default\" data-id=\"aae59d0\" data-element_type=\"section\">\n\t\t\t\t\t\t<div class=\"elementor-container elementor-column-gap-default\">\n\t\t\t\t\t<div class=\"elementor-column elementor-col-100 elementor-top-column elementor-element elementor-element-7aa8f0c\" data-id=\"7aa8f0c\" data-element_type=\"column\">\n\t\t\t<div class=\"elementor-widget-wrap elementor-element-populated\">\n\t\t\t\t\t\t<div class=\"elementor-element elementor-element-ec0b8d8 elementor-widget elementor-widget-text-editor\" data-id=\"ec0b8d8\" data-element_type=\"widget\" data-widget_type=\"text-editor.default\">\n\t\t\t\t<div class=\"elementor-widget-container\">\n\t\t\t\t\t\t\t\t\t<p>A Pol\u00edcia Civil de Santa Catarina, por meio da Delegacia de Pol\u00edcia da Comarca de Palho\u00e7a, no \u00e2mbito da opera\u00e7\u00e3o \u201cPega Ladr\u00e3o\u201d, realizou, nesta quarta-feira (07\/05), a pris\u00e3o de dois homens em decorr\u00eancia de senten\u00e7a transitada em julgado.<\/p><p>Um homem foi preso no bairro Centro, em Palho\u00e7a. Ele era condenado pelo crime de furto (Art. 155 do C\u00f3digo Penal). O mandado de pris\u00e3o foi expedido pela Vara Regional de Execu\u00e7\u00f5es Penais da Comarca de S\u00e3o Jos\u00e9, SC.<\/p><p>J\u00e1 o outro foragido foi preso no bairro Rio Grande, em Palho\u00e7a. Ele foi condenado pelos crimes de estelionato (Art. 171 do C\u00f3digo Penal), falsifica\u00e7\u00e3o de documento p\u00fablico (Art. 297, \u00a73\u00ba, do C\u00f3digo Penal) e associa\u00e7\u00e3o criminosa (Art. 288 do C\u00f3digo Penal). O mandado de pris\u00e3o foi expedido pela 7\u00aa Vara Federal de Florian\u00f3polis, SC.<\/p><p>A pris\u00e3o foi poss\u00edvel gra\u00e7as \u00e0 troca de informa\u00e7\u00f5es entre os setores de intelig\u00eancia da Pol\u00edcia Civil de Santa Catarina. Os conduzidos foram encaminhados \u00e0 Central de Pol\u00edcia Civil de Palho\u00e7a para os procedimentos cab\u00edveis e permanecem \u00e0 disposi\u00e7\u00e3o do Poder Judici\u00e1rio.<\/p><p>Ap\u00f3s os procedimentos, ambos ser\u00e3o encaminhados ao Sistema Prisional, onde cumprir\u00e3o suas penas sob a cust\u00f3dia da Justi\u00e7a.<\/p><p>A opera\u00e7\u00e3o \u201cPega Ladr\u00e3o\u201d tem como objetivo o combate a diversos tipos de crimes e representa uma a\u00e7\u00e3o importante da Pol\u00edcia Civil no enfrentamento \u00e0 criminalidade em Santa Catarina.<\/p>\t\t\t\t\t\t\t\t<\/div>\n\t\t\t\t<\/div>\n\t\t\t\t\t<\/div>\n\t\t<\/div>\n\t\t\t\t\t<\/div>\n\t\t<\/section>\n\t\t\t\t<\/div>\n\t\t","protected":false},"excerpt":{"rendered":"<p>Pol\u00edcia Civil prende dois homens no \u00e2mbito da opera\u00e7\u00e3o \u201cPega Ladr\u00e3o\u201d em Palho\u00e7a A Pol\u00edcia Civil de Santa Catarina, por meio da Delegacia de Pol\u00edcia da Comarca de Palho\u00e7a, no \u00e2mbito da opera\u00e7\u00e3o \u201cPega Ladr\u00e3o\u201d, realizou, nesta quarta-feira (07\/05), a pris\u00e3o de dois homens em decorr\u00eancia de senten\u00e7a transitada em julgado. Um homem foi preso [&hellip;]<\/p>\n","protected":false},"author":5,"featured_media":28365,"comment_status":"closed","ping_status":"open","sticky":false,"template":"","format":"standard","meta":{"_monsterinsights_skip_tracking":false,"_monsterinsights_sitenote_active":false,"_monsterinsights_sitenote_note":"","_monsterinsights_sitenote_category":0,"footnotes":""},"categories":[1],"tags":[],"class_list":["post-28567","post","type-post","status-publish","format-standard","has-post-thumbnail","hentry","category-sem-categoria"],"_links":{"self":[{"href":"https:\/\/pc.sc.gov.br\/index.php?rest_route=\/wp\/v2\/posts\/28567","targetHints":{"allow":["GET"]}}],"collection":[{"href":"https:\/\/pc.sc.gov.br\/index.php?rest_route=\/wp\/v2\/posts"}],"about":[{"href":"https:\/\/pc.sc.gov.br\/index.php?rest_route=\/wp\/v2\/types\/post"}],"author":[{"embeddable":true,"href":"https:\/\/pc.sc.gov.br\/index.php?rest_route=\/wp\/v2\/users\/5"}],"replies":[{"embeddable":true,"href":"https:\/\/pc.sc.gov.br\/index.php?rest_route=%2Fwp%2Fv2%2Fcomments&post=28567"}],"version-history":[{"count":4,"href":"https:\/\/pc.sc.gov.br\/index.php?rest_route=\/wp\/v2\/posts\/28567\/revisions"}],"predecessor-version":[{"id":28571,"href":"https:\/\/pc.sc.gov.br\/index.php?rest_route=\/wp\/v2\/posts\/28567\/revisions\/28571"}],"wp:featuredmedia":[{"embeddable":true,"href":"https:\/\/pc.sc.gov.br\/index.php?rest_route=\/wp\/v2\/media\/28365"}],"wp:attachment":[{"href":"https:\/\/pc.sc.gov.br\/index.php?rest_route=%2Fwp%2Fv2%2Fmedia&parent=28567"}],"wp:term":[{"taxonomy":"category","embeddable":true,"href":"https:\/\/pc.sc.gov.br\/index.php?rest_route=%2Fwp%2Fv2%2Fcategories&post=28567"},{"taxonomy":"post_tag","embeddable":true,"href":"https:\/\/pc.sc.gov.br\/index.php?rest_route=%2Fwp%2Fv2%2Ftags&post=28567"}],"curies":[{"name":"wp","href":"https:\/\/api.w.org\/{rel}","templated":true}]}}