{"id":2858,"date":"2022-12-20T10:43:10","date_gmt":"2022-12-20T13:43:10","guid":{"rendered":"https:\/\/pc.sc.gov.br\/?p=2858"},"modified":"2022-12-20T10:52:21","modified_gmt":"2022-12-20T13:52:21","slug":"policia-civil-elucida-homicidio-ocorrido-em-irineopolis-e-suspeito-e-preso","status":"publish","type":"post","link":"https:\/\/pc.sc.gov.br\/?p=2858","title":{"rendered":"Pol\u00edcia Civil elucida homic\u00eddio ocorrido em Irine\u00f3polis e suspeito \u00e9 preso"},"content":{"rendered":"\t\t<div data-elementor-type=\"wp-post\" data-elementor-id=\"2858\" class=\"elementor elementor-2858\" data-elementor-post-type=\"post\">\n\t\t\t\t\t\t<section class=\"elementor-section elementor-top-section elementor-element elementor-element-a5fc9b0 elementor-section-boxed elementor-section-height-default elementor-section-height-default\" data-id=\"a5fc9b0\" data-element_type=\"section\">\n\t\t\t\t\t\t<div class=\"elementor-container elementor-column-gap-default\">\n\t\t\t\t\t<div class=\"elementor-column elementor-col-100 elementor-top-column elementor-element elementor-element-1625137\" data-id=\"1625137\" data-element_type=\"column\">\n\t\t\t<div class=\"elementor-widget-wrap elementor-element-populated\">\n\t\t\t\t\t\t<div class=\"elementor-element elementor-element-17ca964 elementor-widget elementor-widget-heading\" data-id=\"17ca964\" data-element_type=\"widget\" data-widget_type=\"heading.default\">\n\t\t\t\t<div class=\"elementor-widget-container\">\n\t\t\t\t\t<h2 class=\"elementor-heading-title elementor-size-default\">Pol\u00edcia Civil elucida homic\u00eddio ocorrido em Irine\u00f3polis e suspeito \u00e9 preso<\/h2>\t\t\t\t<\/div>\n\t\t\t\t<\/div>\n\t\t\t\t\t<\/div>\n\t\t<\/div>\n\t\t\t\t\t<\/div>\n\t\t<\/section>\n\t\t\t\t<section class=\"elementor-section elementor-top-section elementor-element elementor-element-19bd5d6 elementor-section-boxed elementor-section-height-default elementor-section-height-default\" data-id=\"19bd5d6\" data-element_type=\"section\">\n\t\t\t\t\t\t<div class=\"elementor-container elementor-column-gap-default\">\n\t\t\t\t\t<div class=\"elementor-column elementor-col-100 elementor-top-column elementor-element elementor-element-a8145a1\" data-id=\"a8145a1\" data-element_type=\"column\">\n\t\t\t<div class=\"elementor-widget-wrap elementor-element-populated\">\n\t\t\t\t\t\t<div class=\"elementor-element elementor-element-adf104f elementor-widget elementor-widget-image\" data-id=\"adf104f\" data-element_type=\"widget\" data-widget_type=\"image.default\">\n\t\t\t\t<div class=\"elementor-widget-container\">\n\t\t\t\t\t\t\t\t\t\t\t\t\t\t\t<img fetchpriority=\"high\" decoding=\"async\" width=\"696\" height=\"696\" src=\"https:\/\/pc.sc.gov.br\/\/wp-content\/uploads\/2022\/12\/WhatsApp-Image-2022-12-20-at-10.44.36-2.jpeg\" class=\"attachment-large size-large wp-image-2864\" alt=\"\" srcset=\"https:\/\/pc.sc.gov.br\/\/wp-content\/uploads\/2022\/12\/WhatsApp-Image-2022-12-20-at-10.44.36-2.jpeg 960w, https:\/\/pc.sc.gov.br\/\/wp-content\/uploads\/2022\/12\/WhatsApp-Image-2022-12-20-at-10.44.36-2-300x300.jpeg 300w, https:\/\/pc.sc.gov.br\/\/wp-content\/uploads\/2022\/12\/WhatsApp-Image-2022-12-20-at-10.44.36-2-150x150.jpeg 150w, https:\/\/pc.sc.gov.br\/\/wp-content\/uploads\/2022\/12\/WhatsApp-Image-2022-12-20-at-10.44.36-2-768x768.jpeg 768w\" sizes=\"(max-width: 696px) 100vw, 696px\" \/>\t\t\t\t\t\t\t\t\t\t\t\t\t\t\t<\/div>\n\t\t\t\t<\/div>\n\t\t\t\t<div class=\"elementor-element elementor-element-931ebad elementor-widget elementor-widget-text-editor\" data-id=\"931ebad\" data-element_type=\"widget\" data-widget_type=\"text-editor.default\">\n\t\t\t\t<div class=\"elementor-widget-container\">\n\t\t\t\t\t\t\t\t\t<p>A Pol\u00edcia Civil de Porto Uni\u00e3o, atrav\u00e9s da Divis\u00e3o de Investiga\u00e7\u00e3o Criminal (DIC\/PCSC), em conjunto com policiais civis de Irine\u00f3polis, elucidou o homic\u00eddio de um homem ocorrido em Irine\u00f3polis no dia 19\/11, v\u00edtima de golpes de arma branca.<\/p>\n<p>Ap\u00f3s tomar conhecimento dos fatos, os policiais civis realizaram as investiga\u00e7\u00f5es e conseguiram angariar material probat\u00f3rio para representar pela pris\u00e3o preventiva do suspeito. De posse do mandado de pris\u00e3o, os policiais civis iniciaram novas dilig\u00eancias e descobriram que o suspeito fugiu da cidade e estaria escondido no interior do munic\u00edpio de Paulo Frontin\/PR.<\/p>\n<p>Os policiais diligenciaram at\u00e9 o referido munic\u00edpio, entretanto, o suspeito n\u00e3o foi localizado, sendo deixada uma c\u00f3pia do mandado com policiais militares daquele munic\u00edpio, os quais no domingo (18\/12), localizaram e prenderam o suspeito. Ap\u00f3s os procedimentos cartor\u00e1rios, ele foi encaminhado ao sistema prisional, onde permanecer\u00e1 \u00e0 disposi\u00e7\u00e3o da Justi\u00e7a.&nbsp;<\/p>\n<p>Com a pris\u00e3o do suspeito, a Pol\u00edcia Civil informa que todos os homic\u00eddios ocorridos no munic\u00edpio de Irine\u00f3polis neste ano foram esclarecidos e os suspeitos presos.&nbsp;<\/p>\n<div>&nbsp;<\/div>\t\t\t\t\t\t\t\t<\/div>\n\t\t\t\t<\/div>\n\t\t\t\t\t<\/div>\n\t\t<\/div>\n\t\t\t\t\t<\/div>\n\t\t<\/section>\n\t\t\t\t<\/div>\n\t\t","protected":false},"excerpt":{"rendered":"<p>Pol\u00edcia Civil elucida homic\u00eddio ocorrido em Irine\u00f3polis e suspeito \u00e9 preso A Pol\u00edcia Civil de Porto Uni\u00e3o, atrav\u00e9s da Divis\u00e3o de Investiga\u00e7\u00e3o Criminal (DIC\/PCSC), em conjunto com policiais civis de Irine\u00f3polis, elucidou o homic\u00eddio de um homem ocorrido em Irine\u00f3polis no dia 19\/11, v\u00edtima de golpes de arma branca. Ap\u00f3s tomar conhecimento dos fatos, os [&hellip;]<\/p>\n","protected":false},"author":10,"featured_media":2860,"comment_status":"closed","ping_status":"open","sticky":false,"template":"","format":"standard","meta":{"_monsterinsights_skip_tracking":false,"_monsterinsights_sitenote_active":false,"_monsterinsights_sitenote_note":"","_monsterinsights_sitenote_category":0,"footnotes":""},"categories":[1],"tags":[],"class_list":["post-2858","post","type-post","status-publish","format-standard","has-post-thumbnail","hentry","category-sem-categoria"],"_links":{"self":[{"href":"https:\/\/pc.sc.gov.br\/index.php?rest_route=\/wp\/v2\/posts\/2858","targetHints":{"allow":["GET"]}}],"collection":[{"href":"https:\/\/pc.sc.gov.br\/index.php?rest_route=\/wp\/v2\/posts"}],"about":[{"href":"https:\/\/pc.sc.gov.br\/index.php?rest_route=\/wp\/v2\/types\/post"}],"author":[{"embeddable":true,"href":"https:\/\/pc.sc.gov.br\/index.php?rest_route=\/wp\/v2\/users\/10"}],"replies":[{"embeddable":true,"href":"https:\/\/pc.sc.gov.br\/index.php?rest_route=%2Fwp%2Fv2%2Fcomments&post=2858"}],"version-history":[{"count":10,"href":"https:\/\/pc.sc.gov.br\/index.php?rest_route=\/wp\/v2\/posts\/2858\/revisions"}],"predecessor-version":[{"id":2871,"href":"https:\/\/pc.sc.gov.br\/index.php?rest_route=\/wp\/v2\/posts\/2858\/revisions\/2871"}],"wp:featuredmedia":[{"embeddable":true,"href":"https:\/\/pc.sc.gov.br\/index.php?rest_route=\/wp\/v2\/media\/2860"}],"wp:attachment":[{"href":"https:\/\/pc.sc.gov.br\/index.php?rest_route=%2Fwp%2Fv2%2Fmedia&parent=2858"}],"wp:term":[{"taxonomy":"category","embeddable":true,"href":"https:\/\/pc.sc.gov.br\/index.php?rest_route=%2Fwp%2Fv2%2Fcategories&post=2858"},{"taxonomy":"post_tag","embeddable":true,"href":"https:\/\/pc.sc.gov.br\/index.php?rest_route=%2Fwp%2Fv2%2Ftags&post=2858"}],"curies":[{"name":"wp","href":"https:\/\/api.w.org\/{rel}","templated":true}]}}