{"id":28617,"date":"2025-05-09T17:14:32","date_gmt":"2025-05-09T20:14:32","guid":{"rendered":"https:\/\/pc.sc.gov.br\/?p=28617"},"modified":"2025-05-09T17:16:23","modified_gmt":"2025-05-09T20:16:23","slug":"pcsc-prende-homem-por-descumprimento-de-medidas-protetivas-de-urgencia-e-ameaca-em-sao-domingos-2","status":"publish","type":"post","link":"https:\/\/pc.sc.gov.br\/?p=28617","title":{"rendered":"PCSC prende homem por descumprimento de medidas protetivas de urg\u00eancia e amea\u00e7a, em S\u00e3o Domingos"},"content":{"rendered":"\t\t<div data-elementor-type=\"wp-post\" data-elementor-id=\"28617\" class=\"elementor elementor-28617\" data-elementor-post-type=\"post\">\n\t\t\t\t\t\t<section class=\"elementor-section elementor-top-section elementor-element elementor-element-d6c0152 elementor-section-boxed elementor-section-height-default elementor-section-height-default\" data-id=\"d6c0152\" data-element_type=\"section\">\n\t\t\t\t\t\t<div class=\"elementor-container elementor-column-gap-default\">\n\t\t\t\t\t<div class=\"elementor-column elementor-col-100 elementor-top-column elementor-element elementor-element-5446ab9\" data-id=\"5446ab9\" data-element_type=\"column\">\n\t\t\t<div class=\"elementor-widget-wrap elementor-element-populated\">\n\t\t\t\t\t\t<div class=\"elementor-element elementor-element-8a7e477 elementor-widget elementor-widget-heading\" data-id=\"8a7e477\" data-element_type=\"widget\" data-widget_type=\"heading.default\">\n\t\t\t\t<div class=\"elementor-widget-container\">\n\t\t\t\t\t<h2 class=\"elementor-heading-title elementor-size-default\">PCSC prende homem por descumprimento de medidas protetivas de urg\u00eancia e amea\u00e7a, em S\u00e3o Domingos<\/h2>\t\t\t\t<\/div>\n\t\t\t\t<\/div>\n\t\t\t\t\t<\/div>\n\t\t<\/div>\n\t\t\t\t\t<\/div>\n\t\t<\/section>\n\t\t\t\t<section class=\"elementor-section elementor-top-section elementor-element elementor-element-6ee4de5 elementor-section-boxed elementor-section-height-default elementor-section-height-default\" data-id=\"6ee4de5\" data-element_type=\"section\">\n\t\t\t\t\t\t<div class=\"elementor-container elementor-column-gap-default\">\n\t\t\t\t\t<div class=\"elementor-column elementor-col-100 elementor-top-column elementor-element elementor-element-3985813\" data-id=\"3985813\" data-element_type=\"column\">\n\t\t\t<div class=\"elementor-widget-wrap elementor-element-populated\">\n\t\t\t\t\t\t<div class=\"elementor-element elementor-element-e309b38 elementor-widget elementor-widget-image\" data-id=\"e309b38\" data-element_type=\"widget\" data-widget_type=\"image.default\">\n\t\t\t\t<div class=\"elementor-widget-container\">\n\t\t\t\t\t\t\t\t\t\t\t\t\t\t\t<img fetchpriority=\"high\" decoding=\"async\" width=\"696\" height=\"743\" src=\"https:\/\/pc.sc.gov.br\/\/wp-content\/uploads\/2025\/03\/WhatsApp-Image-2025-03-17-at-14.04.41-959x1024.jpeg\" class=\"attachment-large size-large wp-image-27401\" alt=\"\" srcset=\"https:\/\/pc.sc.gov.br\/\/wp-content\/uploads\/2025\/03\/WhatsApp-Image-2025-03-17-at-14.04.41-959x1024.jpeg 959w, https:\/\/pc.sc.gov.br\/\/wp-content\/uploads\/2025\/03\/WhatsApp-Image-2025-03-17-at-14.04.41-281x300.jpeg 281w, https:\/\/pc.sc.gov.br\/\/wp-content\/uploads\/2025\/03\/WhatsApp-Image-2025-03-17-at-14.04.41-768x820.jpeg 768w, https:\/\/pc.sc.gov.br\/\/wp-content\/uploads\/2025\/03\/WhatsApp-Image-2025-03-17-at-14.04.41.jpeg 1199w\" sizes=\"(max-width: 696px) 100vw, 696px\" \/>\t\t\t\t\t\t\t\t\t\t\t\t\t\t\t<\/div>\n\t\t\t\t<\/div>\n\t\t\t\t\t<\/div>\n\t\t<\/div>\n\t\t\t\t\t<\/div>\n\t\t<\/section>\n\t\t\t\t<section class=\"elementor-section elementor-top-section elementor-element elementor-element-2f1bb5c elementor-section-boxed elementor-section-height-default elementor-section-height-default\" data-id=\"2f1bb5c\" data-element_type=\"section\">\n\t\t\t\t\t\t<div class=\"elementor-container elementor-column-gap-default\">\n\t\t\t\t\t<div class=\"elementor-column elementor-col-100 elementor-top-column elementor-element elementor-element-6fb3cd7\" data-id=\"6fb3cd7\" data-element_type=\"column\">\n\t\t\t<div class=\"elementor-widget-wrap elementor-element-populated\">\n\t\t\t\t\t\t<div class=\"elementor-element elementor-element-7771e78 elementor-widget elementor-widget-text-editor\" data-id=\"7771e78\" data-element_type=\"widget\" data-widget_type=\"text-editor.default\">\n\t\t\t\t<div class=\"elementor-widget-container\">\n\t\t\t\t\t\t\t\t\t<p>A Pol\u00edcia Civil de Santa Catarina (PCSC), por meio da Delegacia de Pol\u00edcia de Fronteira de S\u00e3o Domingos deu cumprimento nesta sexta-feira (9) a um mandado de pris\u00e3o preventiva contra um homem investigado pelos crimes de descumprimento de medidas protetivas de urg\u00eancia e amea\u00e7a (sob o \u00e2mbito da viol\u00eancia dom\u00e9stica).<\/p><p>De acordo com o apurado, na data 28.04.2025, por volta das 14h10min, no bairro Esperan\u00e7a, na cidade de S\u00e3o Domingos, o autor teria descumprido decis\u00e3o judicial que deferiu medidas protetivas de urg\u00eancia em favor de sua ex-companheira, al\u00e9m de, neste contexto, t\u00ea-la amea\u00e7ado na frente do filho, menor de idade, do ex-casal.<\/p><p>Importante ressaltar que o autor j\u00e1 teria descumprido decis\u00f5es judiciais de igual calibre em outras oportunidades, que inclusive resultaram na instaura\u00e7\u00e3o de outros tr\u00eas Inqu\u00e9ritos Policiais.<\/p><p>A tudo, soma-se, ainda, o fato de que a aus\u00eancia de uma atua\u00e7\u00e3o mais en\u00e9rgica abriria precedente perigoso para todo o sistema de prote\u00e7\u00e3o cautelar \u00e0 mulher,\u00a0 pois permitiria enraizar a praxe de que o descumprimento do comando judicial n\u00e3o teria consequ\u00eancias, o que al\u00e9m de afetar a imagem da Justi\u00e7a, traria a certeza da insufici\u00eancia do Estado, propagando o sentimento de impunidade.<\/p><p>O preso foi encaminhado para o Pres\u00eddio Regional de Xanxer\u00ea\/SC, onde se encontra \u00e0 disposi\u00e7\u00e3o da Justi\u00e7a.<\/p>\t\t\t\t\t\t\t\t<\/div>\n\t\t\t\t<\/div>\n\t\t\t\t\t<\/div>\n\t\t<\/div>\n\t\t\t\t\t<\/div>\n\t\t<\/section>\n\t\t\t\t<\/div>\n\t\t","protected":false},"excerpt":{"rendered":"<p>PCSC prende homem por descumprimento de medidas protetivas de urg\u00eancia e amea\u00e7a, em S\u00e3o Domingos A Pol\u00edcia Civil de Santa Catarina (PCSC), por meio da Delegacia de Pol\u00edcia de Fronteira de S\u00e3o Domingos deu cumprimento nesta sexta-feira (9) a um mandado de pris\u00e3o preventiva contra um homem investigado pelos crimes de descumprimento de medidas protetivas [&hellip;]<\/p>\n","protected":false},"author":5,"featured_media":26581,"comment_status":"closed","ping_status":"open","sticky":false,"template":"","format":"standard","meta":{"_monsterinsights_skip_tracking":false,"_monsterinsights_sitenote_active":false,"_monsterinsights_sitenote_note":"","_monsterinsights_sitenote_category":0,"footnotes":""},"categories":[1],"tags":[],"class_list":["post-28617","post","type-post","status-publish","format-standard","has-post-thumbnail","hentry","category-sem-categoria"],"_links":{"self":[{"href":"https:\/\/pc.sc.gov.br\/index.php?rest_route=\/wp\/v2\/posts\/28617","targetHints":{"allow":["GET"]}}],"collection":[{"href":"https:\/\/pc.sc.gov.br\/index.php?rest_route=\/wp\/v2\/posts"}],"about":[{"href":"https:\/\/pc.sc.gov.br\/index.php?rest_route=\/wp\/v2\/types\/post"}],"author":[{"embeddable":true,"href":"https:\/\/pc.sc.gov.br\/index.php?rest_route=\/wp\/v2\/users\/5"}],"replies":[{"embeddable":true,"href":"https:\/\/pc.sc.gov.br\/index.php?rest_route=%2Fwp%2Fv2%2Fcomments&post=28617"}],"version-history":[{"count":4,"href":"https:\/\/pc.sc.gov.br\/index.php?rest_route=\/wp\/v2\/posts\/28617\/revisions"}],"predecessor-version":[{"id":28621,"href":"https:\/\/pc.sc.gov.br\/index.php?rest_route=\/wp\/v2\/posts\/28617\/revisions\/28621"}],"wp:featuredmedia":[{"embeddable":true,"href":"https:\/\/pc.sc.gov.br\/index.php?rest_route=\/wp\/v2\/media\/26581"}],"wp:attachment":[{"href":"https:\/\/pc.sc.gov.br\/index.php?rest_route=%2Fwp%2Fv2%2Fmedia&parent=28617"}],"wp:term":[{"taxonomy":"category","embeddable":true,"href":"https:\/\/pc.sc.gov.br\/index.php?rest_route=%2Fwp%2Fv2%2Fcategories&post=28617"},{"taxonomy":"post_tag","embeddable":true,"href":"https:\/\/pc.sc.gov.br\/index.php?rest_route=%2Fwp%2Fv2%2Ftags&post=28617"}],"curies":[{"name":"wp","href":"https:\/\/api.w.org\/{rel}","templated":true}]}}