{"id":28633,"date":"2025-05-12T13:18:07","date_gmt":"2025-05-12T16:18:07","guid":{"rendered":"https:\/\/pc.sc.gov.br\/?p=28633"},"modified":"2025-05-12T13:18:49","modified_gmt":"2025-05-12T16:18:49","slug":"coordenadoria-de-valorizacao-profissional-da-pcsc-participa-da-12a-semana-nacional-de-educacao-financeira","status":"publish","type":"post","link":"https:\/\/pc.sc.gov.br\/?p=28633","title":{"rendered":"Coordenadoria de Valoriza\u00e7\u00e3o Profissional da PCSC participa da 12\u00aa Semana Nacional de Educa\u00e7\u00e3o Financeira"},"content":{"rendered":"\t\t<div data-elementor-type=\"wp-post\" data-elementor-id=\"28633\" class=\"elementor elementor-28633\" data-elementor-post-type=\"post\">\n\t\t\t\t\t\t<section class=\"elementor-section elementor-top-section elementor-element elementor-element-81634c7 elementor-section-boxed elementor-section-height-default elementor-section-height-default\" data-id=\"81634c7\" data-element_type=\"section\">\n\t\t\t\t\t\t<div class=\"elementor-container elementor-column-gap-default\">\n\t\t\t\t\t<div class=\"elementor-column elementor-col-100 elementor-top-column elementor-element elementor-element-d04fcd5\" data-id=\"d04fcd5\" data-element_type=\"column\">\n\t\t\t<div class=\"elementor-widget-wrap elementor-element-populated\">\n\t\t\t\t\t\t<div class=\"elementor-element elementor-element-e3b2e37 elementor-widget elementor-widget-heading\" data-id=\"e3b2e37\" data-element_type=\"widget\" data-widget_type=\"heading.default\">\n\t\t\t\t<div class=\"elementor-widget-container\">\n\t\t\t\t\t<h2 class=\"elementor-heading-title elementor-size-default\">Coordenadoria de Valoriza\u00e7\u00e3o Profissional da PCSC participa da 12\u00aa Semana Nacional de Educa\u00e7\u00e3o Financeira<\/h2>\t\t\t\t<\/div>\n\t\t\t\t<\/div>\n\t\t\t\t\t<\/div>\n\t\t<\/div>\n\t\t\t\t\t<\/div>\n\t\t<\/section>\n\t\t\t\t<section class=\"elementor-section elementor-top-section elementor-element elementor-element-88d7c63 elementor-section-boxed elementor-section-height-default elementor-section-height-default\" data-id=\"88d7c63\" data-element_type=\"section\">\n\t\t\t\t\t\t<div class=\"elementor-container elementor-column-gap-default\">\n\t\t\t\t\t<div class=\"elementor-column elementor-col-100 elementor-top-column elementor-element elementor-element-40c9a17\" data-id=\"40c9a17\" data-element_type=\"column\">\n\t\t\t<div class=\"elementor-widget-wrap elementor-element-populated\">\n\t\t\t\t\t\t<div class=\"elementor-element elementor-element-4be79d0 elementor-widget elementor-widget-image\" data-id=\"4be79d0\" data-element_type=\"widget\" data-widget_type=\"image.default\">\n\t\t\t\t<div class=\"elementor-widget-container\">\n\t\t\t\t\t\t\t\t\t\t\t\t\t\t\t<img fetchpriority=\"high\" decoding=\"async\" width=\"696\" height=\"870\" src=\"https:\/\/pc.sc.gov.br\/\/wp-content\/uploads\/2025\/05\/WhatsApp-Image-2025-05-09-at-15.32.22-819x1024.jpeg\" class=\"attachment-large size-large wp-image-28634\" alt=\"\" srcset=\"https:\/\/pc.sc.gov.br\/\/wp-content\/uploads\/2025\/05\/WhatsApp-Image-2025-05-09-at-15.32.22-819x1024.jpeg 819w, https:\/\/pc.sc.gov.br\/\/wp-content\/uploads\/2025\/05\/WhatsApp-Image-2025-05-09-at-15.32.22-240x300.jpeg 240w, https:\/\/pc.sc.gov.br\/\/wp-content\/uploads\/2025\/05\/WhatsApp-Image-2025-05-09-at-15.32.22-768x960.jpeg 768w, https:\/\/pc.sc.gov.br\/\/wp-content\/uploads\/2025\/05\/WhatsApp-Image-2025-05-09-at-15.32.22.jpeg 1080w\" sizes=\"(max-width: 696px) 100vw, 696px\" \/>\t\t\t\t\t\t\t\t\t\t\t\t\t\t\t<\/div>\n\t\t\t\t<\/div>\n\t\t\t\t\t<\/div>\n\t\t<\/div>\n\t\t\t\t\t<\/div>\n\t\t<\/section>\n\t\t\t\t<section class=\"elementor-section elementor-top-section elementor-element elementor-element-f32b378 elementor-section-boxed elementor-section-height-default elementor-section-height-default\" data-id=\"f32b378\" data-element_type=\"section\">\n\t\t\t\t\t\t<div class=\"elementor-container elementor-column-gap-default\">\n\t\t\t\t\t<div class=\"elementor-column elementor-col-100 elementor-top-column elementor-element elementor-element-95ec812\" data-id=\"95ec812\" data-element_type=\"column\">\n\t\t\t<div class=\"elementor-widget-wrap elementor-element-populated\">\n\t\t\t\t\t\t<div class=\"elementor-element elementor-element-e2c5ac2 elementor-widget elementor-widget-text-editor\" data-id=\"e2c5ac2\" data-element_type=\"widget\" data-widget_type=\"text-editor.default\">\n\t\t\t\t<div class=\"elementor-widget-container\">\n\t\t\t\t\t\t\t\t\t<p>A Pol\u00edcia Civil de Santa Catarina, por interm\u00e9dio da Coordenadoria de Valoriza\u00e7\u00e3o Profissional, participar\u00e1 da 12\u00aa Semana Nacional de Educa\u00e7\u00e3o Financeira (Semana ENEF), que ocorre entre os dias 12 e 18 de maio de 2025.\u00a0\u00a0<\/p><p>A semana \u00e9 organizada pelo F\u00f3rum Brasileiro de Educa\u00e7\u00e3o Financeira (FBEF) e representa um esfor\u00e7o coletivo pela educa\u00e7\u00e3o financeira, securit\u00e1ria, previdenci\u00e1ria e fiscal. A iniciativa conta com a participa\u00e7\u00e3o de institui\u00e7\u00f5es p\u00fablicas, privadas e da comunidade escolar, com o objetivo de compartilhar conhecimentos e estimular atitudes conscientes relacionadas ao planejamento financeiro.<\/p><p>Ao longo da semana, a Coordenadoria de Valoriza\u00e7\u00e3o Profissional da PCSC ir\u00e1 divulgar uma s\u00e9rie de conte\u00fados sobre educa\u00e7\u00e3o financeira para auxiliar o servidor a compreender melhor a sua rela\u00e7\u00e3o com o dinheiro e manter as finan\u00e7as em equil\u00edbrio.\u00a0<\/p><p>O objetivo da semana de 12\u00aa edi\u00e7\u00e3o da Semana Nacional de Educa\u00e7\u00e3o Financeira (Semana ENEF) \u00e9 refor\u00e7ar a import\u00e2ncia do planejamento dos gastos evitando a necessidade de cr\u00e9dito, o que gera mais qualidade de vida, na medida em que a estabilidade financeira tem conex\u00e3o com a sa\u00fade emocional. Mais informa\u00e7\u00f5es sobre a semana no link: https:\/\/www.agendasemanaenef.com.br\/<\/p>\t\t\t\t\t\t\t\t<\/div>\n\t\t\t\t<\/div>\n\t\t\t\t\t<\/div>\n\t\t<\/div>\n\t\t\t\t\t<\/div>\n\t\t<\/section>\n\t\t\t\t<\/div>\n\t\t","protected":false},"excerpt":{"rendered":"<p>Coordenadoria de Valoriza\u00e7\u00e3o Profissional da PCSC participa da 12\u00aa Semana Nacional de Educa\u00e7\u00e3o Financeira A Pol\u00edcia Civil de Santa Catarina, por interm\u00e9dio da Coordenadoria de Valoriza\u00e7\u00e3o Profissional, participar\u00e1 da 12\u00aa Semana Nacional de Educa\u00e7\u00e3o Financeira (Semana ENEF), que ocorre entre os dias 12 e 18 de maio de 2025.\u00a0\u00a0 A semana \u00e9 organizada pelo F\u00f3rum [&hellip;]<\/p>\n","protected":false},"author":5,"featured_media":28634,"comment_status":"closed","ping_status":"open","sticky":false,"template":"","format":"standard","meta":{"_monsterinsights_skip_tracking":false,"_monsterinsights_sitenote_active":false,"_monsterinsights_sitenote_note":"","_monsterinsights_sitenote_category":0,"footnotes":""},"categories":[1],"tags":[],"class_list":["post-28633","post","type-post","status-publish","format-standard","has-post-thumbnail","hentry","category-sem-categoria"],"_links":{"self":[{"href":"https:\/\/pc.sc.gov.br\/index.php?rest_route=\/wp\/v2\/posts\/28633","targetHints":{"allow":["GET"]}}],"collection":[{"href":"https:\/\/pc.sc.gov.br\/index.php?rest_route=\/wp\/v2\/posts"}],"about":[{"href":"https:\/\/pc.sc.gov.br\/index.php?rest_route=\/wp\/v2\/types\/post"}],"author":[{"embeddable":true,"href":"https:\/\/pc.sc.gov.br\/index.php?rest_route=\/wp\/v2\/users\/5"}],"replies":[{"embeddable":true,"href":"https:\/\/pc.sc.gov.br\/index.php?rest_route=%2Fwp%2Fv2%2Fcomments&post=28633"}],"version-history":[{"count":4,"href":"https:\/\/pc.sc.gov.br\/index.php?rest_route=\/wp\/v2\/posts\/28633\/revisions"}],"predecessor-version":[{"id":28638,"href":"https:\/\/pc.sc.gov.br\/index.php?rest_route=\/wp\/v2\/posts\/28633\/revisions\/28638"}],"wp:featuredmedia":[{"embeddable":true,"href":"https:\/\/pc.sc.gov.br\/index.php?rest_route=\/wp\/v2\/media\/28634"}],"wp:attachment":[{"href":"https:\/\/pc.sc.gov.br\/index.php?rest_route=%2Fwp%2Fv2%2Fmedia&parent=28633"}],"wp:term":[{"taxonomy":"category","embeddable":true,"href":"https:\/\/pc.sc.gov.br\/index.php?rest_route=%2Fwp%2Fv2%2Fcategories&post=28633"},{"taxonomy":"post_tag","embeddable":true,"href":"https:\/\/pc.sc.gov.br\/index.php?rest_route=%2Fwp%2Fv2%2Ftags&post=28633"}],"curies":[{"name":"wp","href":"https:\/\/api.w.org\/{rel}","templated":true}]}}