{"id":28639,"date":"2025-05-12T13:34:44","date_gmt":"2025-05-12T16:34:44","guid":{"rendered":"https:\/\/pc.sc.gov.br\/?p=28639"},"modified":"2025-05-12T13:43:14","modified_gmt":"2025-05-12T16:43:14","slug":"policia-civil-apreende-armas-e-municoes-em-investigacao-de-comercio-ilegal-de-carne-e-abigeato-na-regiao-de-sao-joaquim","status":"publish","type":"post","link":"https:\/\/pc.sc.gov.br\/?p=28639","title":{"rendered":"Pol\u00edcia Civil apreende armas e muni\u00e7\u00f5es em investiga\u00e7\u00e3o de com\u00e9rcio ilegal de carne e abigeato na regi\u00e3o de S\u00e3o Joaquim"},"content":{"rendered":"\t\t<div data-elementor-type=\"wp-post\" data-elementor-id=\"28639\" class=\"elementor elementor-28639\" data-elementor-post-type=\"post\">\n\t\t\t\t\t\t<section class=\"elementor-section elementor-top-section elementor-element elementor-element-eebca79 elementor-section-boxed elementor-section-height-default elementor-section-height-default\" data-id=\"eebca79\" data-element_type=\"section\">\n\t\t\t\t\t\t<div class=\"elementor-container elementor-column-gap-default\">\n\t\t\t\t\t<div class=\"elementor-column elementor-col-100 elementor-top-column elementor-element elementor-element-a612497\" data-id=\"a612497\" data-element_type=\"column\">\n\t\t\t<div class=\"elementor-widget-wrap elementor-element-populated\">\n\t\t\t\t\t\t<div class=\"elementor-element elementor-element-3bbf0c6 elementor-widget elementor-widget-heading\" data-id=\"3bbf0c6\" data-element_type=\"widget\" data-widget_type=\"heading.default\">\n\t\t\t\t<div class=\"elementor-widget-container\">\n\t\t\t\t\t<h2 class=\"elementor-heading-title elementor-size-default\">Pol\u00edcia Civil apreende armas e muni\u00e7\u00f5es em investiga\u00e7\u00e3o de com\u00e9rcio ilegal de carne e abigeato na regi\u00e3o de S\u00e3o Joaquim <\/h2>\t\t\t\t<\/div>\n\t\t\t\t<\/div>\n\t\t\t\t\t<\/div>\n\t\t<\/div>\n\t\t\t\t\t<\/div>\n\t\t<\/section>\n\t\t\t\t<section class=\"elementor-section elementor-top-section elementor-element elementor-element-44d887b elementor-section-boxed elementor-section-height-default elementor-section-height-default\" data-id=\"44d887b\" data-element_type=\"section\">\n\t\t\t\t\t\t<div class=\"elementor-container elementor-column-gap-default\">\n\t\t\t\t\t<div class=\"elementor-column elementor-col-100 elementor-top-column elementor-element elementor-element-31232ba\" data-id=\"31232ba\" data-element_type=\"column\">\n\t\t\t<div class=\"elementor-widget-wrap elementor-element-populated\">\n\t\t\t\t\t\t<div class=\"elementor-element elementor-element-34afa41 elementor-widget elementor-widget-image\" data-id=\"34afa41\" data-element_type=\"widget\" data-widget_type=\"image.default\">\n\t\t\t\t<div class=\"elementor-widget-container\">\n\t\t\t\t\t\t\t\t\t\t\t\t\t\t\t<img fetchpriority=\"high\" decoding=\"async\" width=\"696\" height=\"522\" src=\"https:\/\/pc.sc.gov.br\/\/wp-content\/uploads\/2025\/05\/WhatsApp-Image-2025-05-09-at-18.49.44-1024x768.jpeg\" class=\"attachment-large size-large wp-image-28640\" alt=\"\" srcset=\"https:\/\/pc.sc.gov.br\/\/wp-content\/uploads\/2025\/05\/WhatsApp-Image-2025-05-09-at-18.49.44-1024x768.jpeg 1024w, https:\/\/pc.sc.gov.br\/\/wp-content\/uploads\/2025\/05\/WhatsApp-Image-2025-05-09-at-18.49.44-300x225.jpeg 300w, https:\/\/pc.sc.gov.br\/\/wp-content\/uploads\/2025\/05\/WhatsApp-Image-2025-05-09-at-18.49.44-768x576.jpeg 768w, https:\/\/pc.sc.gov.br\/\/wp-content\/uploads\/2025\/05\/WhatsApp-Image-2025-05-09-at-18.49.44-1536x1152.jpeg 1536w, https:\/\/pc.sc.gov.br\/\/wp-content\/uploads\/2025\/05\/WhatsApp-Image-2025-05-09-at-18.49.44.jpeg 1600w\" sizes=\"(max-width: 696px) 100vw, 696px\" \/>\t\t\t\t\t\t\t\t\t\t\t\t\t\t\t<\/div>\n\t\t\t\t<\/div>\n\t\t\t\t\t<\/div>\n\t\t<\/div>\n\t\t\t\t\t<\/div>\n\t\t<\/section>\n\t\t\t\t<section class=\"elementor-section elementor-top-section elementor-element elementor-element-c128a90 elementor-section-boxed elementor-section-height-default elementor-section-height-default\" data-id=\"c128a90\" data-element_type=\"section\">\n\t\t\t\t\t\t<div class=\"elementor-container elementor-column-gap-default\">\n\t\t\t\t\t<div class=\"elementor-column elementor-col-100 elementor-top-column elementor-element elementor-element-1b04f3c\" data-id=\"1b04f3c\" data-element_type=\"column\">\n\t\t\t<div class=\"elementor-widget-wrap elementor-element-populated\">\n\t\t\t\t\t\t<div class=\"elementor-element elementor-element-4675707 elementor-widget elementor-widget-text-editor\" data-id=\"4675707\" data-element_type=\"widget\" data-widget_type=\"text-editor.default\">\n\t\t\t\t<div class=\"elementor-widget-container\">\n\t\t\t\t\t\t\t\t\t<p>Na sexta-feira (09\/05\/2025), a Pol\u00edcia Civil de Santa Catarina, por meio da Delegacia da Comarca de S\u00e3o Joaquim, com apoio da DIC e da DPCAMI de S\u00e3o Joaquim, deu cumprimento a mandado de busca e apreens\u00e3o no interior do estado.<\/p>\n<p>A opera\u00e7\u00e3o integra investiga\u00e7\u00e3o voltada \u00e0 repress\u00e3o de pr\u00e1ticas criminosas relacionadas ao com\u00e9rcio clandestino de carne e \u00e0 ocorr\u00eancia de crimes de abigeato na regi\u00e3o de S\u00e3o Joaquim. Durante o cumprimento da ordem judicial, foram apreendidas armas de fogo, muni\u00e7\u00f5es e diversos materiais de interesse para o inqu\u00e9rito.<\/p>\n<p>A a\u00e7\u00e3o contou ainda com o apoio de \u00f3rg\u00e3os municipais e da Vigil\u00e2ncia Sanit\u00e1ria, refor\u00e7ando a atua\u00e7\u00e3o conjunta no combate a crimes que afetam a sa\u00fade p\u00fablica e o patrim\u00f4nio.<\/p>\t\t\t\t\t\t\t\t<\/div>\n\t\t\t\t<\/div>\n\t\t\t\t\t<\/div>\n\t\t<\/div>\n\t\t\t\t\t<\/div>\n\t\t<\/section>\n\t\t\t\t<section class=\"elementor-section elementor-top-section elementor-element elementor-element-601bfed elementor-section-boxed elementor-section-height-default elementor-section-height-default\" data-id=\"601bfed\" data-element_type=\"section\">\n\t\t\t\t\t\t<div class=\"elementor-container elementor-column-gap-default\">\n\t\t\t\t\t<div class=\"elementor-column elementor-col-100 elementor-top-column elementor-element elementor-element-0ad8d68\" data-id=\"0ad8d68\" data-element_type=\"column\">\n\t\t\t<div class=\"elementor-widget-wrap elementor-element-populated\">\n\t\t\t\t\t\t<div class=\"elementor-element elementor-element-c6a5299 elementor-widget elementor-widget-image\" data-id=\"c6a5299\" data-element_type=\"widget\" data-widget_type=\"image.default\">\n\t\t\t\t<div class=\"elementor-widget-container\">\n\t\t\t\t\t\t\t\t\t\t\t\t\t\t\t<img decoding=\"async\" width=\"696\" height=\"522\" src=\"https:\/\/pc.sc.gov.br\/\/wp-content\/uploads\/2025\/05\/WhatsApp-Image-2025-05-09-at-18.49.45-1024x768.jpeg\" class=\"attachment-large size-large wp-image-28642\" alt=\"\" srcset=\"https:\/\/pc.sc.gov.br\/\/wp-content\/uploads\/2025\/05\/WhatsApp-Image-2025-05-09-at-18.49.45-1024x768.jpeg 1024w, https:\/\/pc.sc.gov.br\/\/wp-content\/uploads\/2025\/05\/WhatsApp-Image-2025-05-09-at-18.49.45-300x225.jpeg 300w, https:\/\/pc.sc.gov.br\/\/wp-content\/uploads\/2025\/05\/WhatsApp-Image-2025-05-09-at-18.49.45-768x576.jpeg 768w, https:\/\/pc.sc.gov.br\/\/wp-content\/uploads\/2025\/05\/WhatsApp-Image-2025-05-09-at-18.49.45-1536x1152.jpeg 1536w, https:\/\/pc.sc.gov.br\/\/wp-content\/uploads\/2025\/05\/WhatsApp-Image-2025-05-09-at-18.49.45.jpeg 1600w\" sizes=\"(max-width: 696px) 100vw, 696px\" \/>\t\t\t\t\t\t\t\t\t\t\t\t\t\t\t<\/div>\n\t\t\t\t<\/div>\n\t\t\t\t\t<\/div>\n\t\t<\/div>\n\t\t\t\t\t<\/div>\n\t\t<\/section>\n\t\t\t\t<\/div>\n\t\t","protected":false},"excerpt":{"rendered":"<p>Pol\u00edcia Civil apreende armas e muni\u00e7\u00f5es em investiga\u00e7\u00e3o de com\u00e9rcio ilegal de carne e abigeato na regi\u00e3o de S\u00e3o Joaquim Na sexta-feira (09\/05\/2025), a Pol\u00edcia Civil de Santa Catarina, por meio da Delegacia da Comarca de S\u00e3o Joaquim, com apoio da DIC e da DPCAMI de S\u00e3o Joaquim, deu cumprimento a mandado de busca e [&hellip;]<\/p>\n","protected":false},"author":5,"featured_media":28640,"comment_status":"closed","ping_status":"open","sticky":false,"template":"","format":"standard","meta":{"_monsterinsights_skip_tracking":false,"_monsterinsights_sitenote_active":false,"_monsterinsights_sitenote_note":"","_monsterinsights_sitenote_category":0,"footnotes":""},"categories":[1],"tags":[],"class_list":["post-28639","post","type-post","status-publish","format-standard","has-post-thumbnail","hentry","category-sem-categoria"],"_links":{"self":[{"href":"https:\/\/pc.sc.gov.br\/index.php?rest_route=\/wp\/v2\/posts\/28639","targetHints":{"allow":["GET"]}}],"collection":[{"href":"https:\/\/pc.sc.gov.br\/index.php?rest_route=\/wp\/v2\/posts"}],"about":[{"href":"https:\/\/pc.sc.gov.br\/index.php?rest_route=\/wp\/v2\/types\/post"}],"author":[{"embeddable":true,"href":"https:\/\/pc.sc.gov.br\/index.php?rest_route=\/wp\/v2\/users\/5"}],"replies":[{"embeddable":true,"href":"https:\/\/pc.sc.gov.br\/index.php?rest_route=%2Fwp%2Fv2%2Fcomments&post=28639"}],"version-history":[{"count":8,"href":"https:\/\/pc.sc.gov.br\/index.php?rest_route=\/wp\/v2\/posts\/28639\/revisions"}],"predecessor-version":[{"id":28653,"href":"https:\/\/pc.sc.gov.br\/index.php?rest_route=\/wp\/v2\/posts\/28639\/revisions\/28653"}],"wp:featuredmedia":[{"embeddable":true,"href":"https:\/\/pc.sc.gov.br\/index.php?rest_route=\/wp\/v2\/media\/28640"}],"wp:attachment":[{"href":"https:\/\/pc.sc.gov.br\/index.php?rest_route=%2Fwp%2Fv2%2Fmedia&parent=28639"}],"wp:term":[{"taxonomy":"category","embeddable":true,"href":"https:\/\/pc.sc.gov.br\/index.php?rest_route=%2Fwp%2Fv2%2Fcategories&post=28639"},{"taxonomy":"post_tag","embeddable":true,"href":"https:\/\/pc.sc.gov.br\/index.php?rest_route=%2Fwp%2Fv2%2Ftags&post=28639"}],"curies":[{"name":"wp","href":"https:\/\/api.w.org\/{rel}","templated":true}]}}