{"id":28672,"date":"2025-05-13T15:03:10","date_gmt":"2025-05-13T18:03:10","guid":{"rendered":"https:\/\/pc.sc.gov.br\/?p=28672"},"modified":"2025-05-13T15:18:29","modified_gmt":"2025-05-13T18:18:29","slug":"delegado-geral-destaca-os-resultados-da-pcsc-e-seu-impacto-na-seguranca-publica-em-santa-catarina","status":"publish","type":"post","link":"https:\/\/pc.sc.gov.br\/?p=28672","title":{"rendered":"Delegado-Geral destaca os resultados da PCSC e o impacto na seguran\u00e7a P\u00fablica em Santa Catarina"},"content":{"rendered":"\t\t<div data-elementor-type=\"wp-post\" data-elementor-id=\"28672\" class=\"elementor elementor-28672\" data-elementor-post-type=\"post\">\n\t\t\t\t\t\t<section class=\"elementor-section elementor-top-section elementor-element elementor-element-967a677 elementor-section-boxed elementor-section-height-default elementor-section-height-default\" data-id=\"967a677\" data-element_type=\"section\">\n\t\t\t\t\t\t<div class=\"elementor-container elementor-column-gap-default\">\n\t\t\t\t\t<div class=\"elementor-column elementor-col-100 elementor-top-column elementor-element elementor-element-a3da643\" data-id=\"a3da643\" data-element_type=\"column\">\n\t\t\t<div class=\"elementor-widget-wrap elementor-element-populated\">\n\t\t\t\t\t\t<div class=\"elementor-element elementor-element-1ef711f elementor-widget elementor-widget-heading\" data-id=\"1ef711f\" data-element_type=\"widget\" data-widget_type=\"heading.default\">\n\t\t\t\t<div class=\"elementor-widget-container\">\n\t\t\t\t\t<h2 class=\"elementor-heading-title elementor-size-default\">Delegado-Geral destaca os resultados da PCSC e o impacto na seguran\u00e7a p\u00fablica em Santa Catarina<\/h2>\t\t\t\t<\/div>\n\t\t\t\t<\/div>\n\t\t\t\t\t<\/div>\n\t\t<\/div>\n\t\t\t\t\t<\/div>\n\t\t<\/section>\n\t\t\t\t<section class=\"elementor-section elementor-top-section elementor-element elementor-element-9cb6437 elementor-section-boxed elementor-section-height-default elementor-section-height-default\" data-id=\"9cb6437\" data-element_type=\"section\">\n\t\t\t\t\t\t<div class=\"elementor-container elementor-column-gap-default\">\n\t\t\t\t\t<div class=\"elementor-column elementor-col-100 elementor-top-column elementor-element elementor-element-56f3a5e\" data-id=\"56f3a5e\" data-element_type=\"column\">\n\t\t\t<div class=\"elementor-widget-wrap elementor-element-populated\">\n\t\t\t\t\t\t<div class=\"elementor-element elementor-element-640fbc2 elementor-widget elementor-widget-image\" data-id=\"640fbc2\" data-element_type=\"widget\" data-widget_type=\"image.default\">\n\t\t\t\t<div class=\"elementor-widget-container\">\n\t\t\t\t\t\t\t\t\t\t\t\t\t\t\t<img fetchpriority=\"high\" decoding=\"async\" width=\"696\" height=\"522\" src=\"https:\/\/pc.sc.gov.br\/\/wp-content\/uploads\/2025\/05\/WhatsApp-Image-2025-05-13-at-14.33.49-1024x768.jpeg\" class=\"attachment-large size-large wp-image-28673\" alt=\"\" srcset=\"https:\/\/pc.sc.gov.br\/\/wp-content\/uploads\/2025\/05\/WhatsApp-Image-2025-05-13-at-14.33.49-1024x768.jpeg 1024w, https:\/\/pc.sc.gov.br\/\/wp-content\/uploads\/2025\/05\/WhatsApp-Image-2025-05-13-at-14.33.49-300x225.jpeg 300w, https:\/\/pc.sc.gov.br\/\/wp-content\/uploads\/2025\/05\/WhatsApp-Image-2025-05-13-at-14.33.49-768x576.jpeg 768w, https:\/\/pc.sc.gov.br\/\/wp-content\/uploads\/2025\/05\/WhatsApp-Image-2025-05-13-at-14.33.49-1536x1152.jpeg 1536w, https:\/\/pc.sc.gov.br\/\/wp-content\/uploads\/2025\/05\/WhatsApp-Image-2025-05-13-at-14.33.49.jpeg 1600w\" sizes=\"(max-width: 696px) 100vw, 696px\" \/>\t\t\t\t\t\t\t\t\t\t\t\t\t\t\t<\/div>\n\t\t\t\t<\/div>\n\t\t\t\t\t<\/div>\n\t\t<\/div>\n\t\t\t\t\t<\/div>\n\t\t<\/section>\n\t\t\t\t<section class=\"elementor-section elementor-top-section elementor-element elementor-element-0ef943e elementor-section-boxed elementor-section-height-default elementor-section-height-default\" data-id=\"0ef943e\" data-element_type=\"section\">\n\t\t\t\t\t\t<div class=\"elementor-container elementor-column-gap-default\">\n\t\t\t\t\t<div class=\"elementor-column elementor-col-100 elementor-top-column elementor-element elementor-element-e79658a\" data-id=\"e79658a\" data-element_type=\"column\">\n\t\t\t<div class=\"elementor-widget-wrap elementor-element-populated\">\n\t\t\t\t\t\t<div class=\"elementor-element elementor-element-1261de3 elementor-widget elementor-widget-text-editor\" data-id=\"1261de3\" data-element_type=\"widget\" data-widget_type=\"text-editor.default\">\n\t\t\t\t<div class=\"elementor-widget-container\">\n\t\t\t\t\t\t\t\t\t<p>O Delegado-Geral da Pol\u00edcia Civil de Santa Catarina, Ulisses Gabriel, concedeu uma entrevista exclusiva ao programa \u201cP\u00e2nico\u201d da Jovem Pan na \u00faltima quinta-feira (7), realizada no est\u00fadio da emissora em S\u00e3o Paulo. O programa contou ainda com a participa\u00e7\u00e3o do escritor Pedro Poncio, autor do livro \u201cA Face Oculta do MST\u201d.<\/p><p>Na abertura da entrevista, Ulisses Gabriel destacou a produtividade da PCSC, que tem alcan\u00e7ado recordes significativos em 2023 e 2024. \u201cNestes dois anos, aumentamos em 65% o n\u00famero de mandados de pris\u00e3o e em 59% o n\u00famero de mandados de busca e apreens\u00e3o. Essa \u00e9 a nossa linha dura contra o crime\u201d, afirmou o delegado-geral. \u00c9 importante ressaltar que a PCSC j\u00e1 atingiu um \u00edndice de 80% de resolu\u00e7\u00e3o de crimes em 2023, consolidando Santa Catarina como o estado mais seguro do Brasil.<\/p><p>Outro ponto de destaque foi a cria\u00e7\u00e3o da lei contra a invas\u00e3o de terras e pequenas propriedades, proposta pelo governador Jorginho Mello. \u201cA lei institui o Abril Amarelo, em defesa da propriedade e dos pequenos produtores. Temos nosso cyberlab, que nos permite monitorar e identificar a\u00e7\u00f5es que possam amea\u00e7ar a seguran\u00e7a da popula\u00e7\u00e3o\u201d, explicou Ulisses Gabriel.<\/p><p>O delegado tamb\u00e9m enfatizou a import\u00e2ncia de combater tanto pequenos quanto grandes delitos como uma estrat\u00e9gia vital para garantir a seguran\u00e7a p\u00fablica. \u201cO estado deve ser mais forte que os criminosos, e, nesse contexto, investir em educa\u00e7\u00e3o \u00e9 fundamental\u201d, destacou. Ele mencionou ainda uma iniciativa do governador Jorginho Mello que possibilita o acesso \u00e0 educa\u00e7\u00e3o superior por meio do Programa Universidade Gratuita. \u201cSem seguran\u00e7a, n\u00e3o temos presente; sem educa\u00e7\u00e3o, n\u00e3o teremos futuro \u2013 esse \u00e9 o mantra do governador Jorginho Mello\u201d.<\/p><p>Em rela\u00e7\u00e3o ao combate aos estelionatos, um crime em ascens\u00e3o no Brasil, Ulisses Gabriel assegurou que a PCSC est\u00e1 bem equipada, com policiais altamente qualificados para enfrentar esse desafio. Ele tamb\u00e9m lembrou a cria\u00e7\u00e3o de delegacias especiais dedicadas a este tipo de crime.<\/p>\t\t\t\t\t\t\t\t<\/div>\n\t\t\t\t<\/div>\n\t\t\t\t\t<\/div>\n\t\t<\/div>\n\t\t\t\t\t<\/div>\n\t\t<\/section>\n\t\t\t\t<\/div>\n\t\t","protected":false},"excerpt":{"rendered":"<p>Delegado-Geral destaca os resultados da PCSC e o impacto na seguran\u00e7a p\u00fablica em Santa Catarina O Delegado-Geral da Pol\u00edcia Civil de Santa Catarina, Ulisses Gabriel, concedeu uma entrevista exclusiva ao programa \u201cP\u00e2nico\u201d da Jovem Pan na \u00faltima quinta-feira (7), realizada no est\u00fadio da emissora em S\u00e3o Paulo. O programa contou ainda com a participa\u00e7\u00e3o do [&hellip;]<\/p>\n","protected":false},"author":5,"featured_media":28673,"comment_status":"closed","ping_status":"open","sticky":false,"template":"","format":"standard","meta":{"_monsterinsights_skip_tracking":false,"_monsterinsights_sitenote_active":false,"_monsterinsights_sitenote_note":"","_monsterinsights_sitenote_category":0,"footnotes":""},"categories":[1],"tags":[],"class_list":["post-28672","post","type-post","status-publish","format-standard","has-post-thumbnail","hentry","category-sem-categoria"],"_links":{"self":[{"href":"https:\/\/pc.sc.gov.br\/index.php?rest_route=\/wp\/v2\/posts\/28672","targetHints":{"allow":["GET"]}}],"collection":[{"href":"https:\/\/pc.sc.gov.br\/index.php?rest_route=\/wp\/v2\/posts"}],"about":[{"href":"https:\/\/pc.sc.gov.br\/index.php?rest_route=\/wp\/v2\/types\/post"}],"author":[{"embeddable":true,"href":"https:\/\/pc.sc.gov.br\/index.php?rest_route=\/wp\/v2\/users\/5"}],"replies":[{"embeddable":true,"href":"https:\/\/pc.sc.gov.br\/index.php?rest_route=%2Fwp%2Fv2%2Fcomments&post=28672"}],"version-history":[{"count":5,"href":"https:\/\/pc.sc.gov.br\/index.php?rest_route=\/wp\/v2\/posts\/28672\/revisions"}],"predecessor-version":[{"id":28678,"href":"https:\/\/pc.sc.gov.br\/index.php?rest_route=\/wp\/v2\/posts\/28672\/revisions\/28678"}],"wp:featuredmedia":[{"embeddable":true,"href":"https:\/\/pc.sc.gov.br\/index.php?rest_route=\/wp\/v2\/media\/28673"}],"wp:attachment":[{"href":"https:\/\/pc.sc.gov.br\/index.php?rest_route=%2Fwp%2Fv2%2Fmedia&parent=28672"}],"wp:term":[{"taxonomy":"category","embeddable":true,"href":"https:\/\/pc.sc.gov.br\/index.php?rest_route=%2Fwp%2Fv2%2Fcategories&post=28672"},{"taxonomy":"post_tag","embeddable":true,"href":"https:\/\/pc.sc.gov.br\/index.php?rest_route=%2Fwp%2Fv2%2Ftags&post=28672"}],"curies":[{"name":"wp","href":"https:\/\/api.w.org\/{rel}","templated":true}]}}