{"id":28679,"date":"2025-05-13T15:47:42","date_gmt":"2025-05-13T18:47:42","guid":{"rendered":"https:\/\/pc.sc.gov.br\/?p=28679"},"modified":"2025-05-13T15:51:11","modified_gmt":"2025-05-13T18:51:11","slug":"policia-civil-encontra-cadaver-enterrado-em-cemiterio-clandestino-em-sao-jose","status":"publish","type":"post","link":"https:\/\/pc.sc.gov.br\/?p=28679","title":{"rendered":"Pol\u00edcia Civil encontra cad\u00e1ver em cemit\u00e9rio clandestino em S\u00e3o Jos\u00e9"},"content":{"rendered":"\t\t<div data-elementor-type=\"wp-post\" data-elementor-id=\"28679\" class=\"elementor elementor-28679\" data-elementor-post-type=\"post\">\n\t\t\t\t\t\t<section class=\"elementor-section elementor-top-section elementor-element elementor-element-fe6cd0e elementor-section-boxed elementor-section-height-default elementor-section-height-default\" data-id=\"fe6cd0e\" data-element_type=\"section\">\n\t\t\t\t\t\t<div class=\"elementor-container elementor-column-gap-default\">\n\t\t\t\t\t<div class=\"elementor-column elementor-col-100 elementor-top-column elementor-element elementor-element-bea58d3\" data-id=\"bea58d3\" data-element_type=\"column\">\n\t\t\t<div class=\"elementor-widget-wrap elementor-element-populated\">\n\t\t\t\t\t\t<div class=\"elementor-element elementor-element-cba1e7a elementor-widget elementor-widget-heading\" data-id=\"cba1e7a\" data-element_type=\"widget\" data-widget_type=\"heading.default\">\n\t\t\t\t<div class=\"elementor-widget-container\">\n\t\t\t\t\t<h2 class=\"elementor-heading-title elementor-size-default\">Pol\u00edcia Civil encontra cad\u00e1ver em cemit\u00e9rio clandestino em S\u00e3o Jos\u00e9<\/h2>\t\t\t\t<\/div>\n\t\t\t\t<\/div>\n\t\t\t\t\t<\/div>\n\t\t<\/div>\n\t\t\t\t\t<\/div>\n\t\t<\/section>\n\t\t\t\t<section class=\"elementor-section elementor-top-section elementor-element elementor-element-6d16027 elementor-section-boxed elementor-section-height-default elementor-section-height-default\" data-id=\"6d16027\" data-element_type=\"section\">\n\t\t\t\t\t\t<div class=\"elementor-container elementor-column-gap-default\">\n\t\t\t\t\t<div class=\"elementor-column elementor-col-100 elementor-top-column elementor-element elementor-element-4161e16\" data-id=\"4161e16\" data-element_type=\"column\">\n\t\t\t<div class=\"elementor-widget-wrap elementor-element-populated\">\n\t\t\t\t\t\t<div class=\"elementor-element elementor-element-1d361fd elementor-widget elementor-widget-image\" data-id=\"1d361fd\" data-element_type=\"widget\" data-widget_type=\"image.default\">\n\t\t\t\t<div class=\"elementor-widget-container\">\n\t\t\t\t\t\t\t\t\t\t\t\t\t\t\t<img fetchpriority=\"high\" decoding=\"async\" width=\"696\" height=\"540\" src=\"https:\/\/pc.sc.gov.br\/\/wp-content\/uploads\/2025\/05\/a48790b7-c6ff-4990-a352-f841ab92309b-fotor-20250513154615-1024x794.jpg\" class=\"attachment-large size-large wp-image-28680\" alt=\"\" srcset=\"https:\/\/pc.sc.gov.br\/\/wp-content\/uploads\/2025\/05\/a48790b7-c6ff-4990-a352-f841ab92309b-fotor-20250513154615-1024x794.jpg 1024w, https:\/\/pc.sc.gov.br\/\/wp-content\/uploads\/2025\/05\/a48790b7-c6ff-4990-a352-f841ab92309b-fotor-20250513154615-300x233.jpg 300w, https:\/\/pc.sc.gov.br\/\/wp-content\/uploads\/2025\/05\/a48790b7-c6ff-4990-a352-f841ab92309b-fotor-20250513154615-768x596.jpg 768w, https:\/\/pc.sc.gov.br\/\/wp-content\/uploads\/2025\/05\/a48790b7-c6ff-4990-a352-f841ab92309b-fotor-20250513154615.jpg 1199w\" sizes=\"(max-width: 696px) 100vw, 696px\" \/>\t\t\t\t\t\t\t\t\t\t\t\t\t\t\t<\/div>\n\t\t\t\t<\/div>\n\t\t\t\t\t<\/div>\n\t\t<\/div>\n\t\t\t\t\t<\/div>\n\t\t<\/section>\n\t\t\t\t<section class=\"elementor-section elementor-top-section elementor-element elementor-element-1c89c6e elementor-section-boxed elementor-section-height-default elementor-section-height-default\" data-id=\"1c89c6e\" data-element_type=\"section\">\n\t\t\t\t\t\t<div class=\"elementor-container elementor-column-gap-default\">\n\t\t\t\t\t<div class=\"elementor-column elementor-col-100 elementor-top-column elementor-element elementor-element-23a5f3c\" data-id=\"23a5f3c\" data-element_type=\"column\">\n\t\t\t<div class=\"elementor-widget-wrap elementor-element-populated\">\n\t\t\t\t\t\t<div class=\"elementor-element elementor-element-fd0a453 elementor-widget elementor-widget-text-editor\" data-id=\"fd0a453\" data-element_type=\"widget\" data-widget_type=\"text-editor.default\">\n\t\t\t\t<div class=\"elementor-widget-container\">\n\t\t\t\t\t\t\t\t\t<p>Uma opera\u00e7\u00e3o da Pol\u00edcia Civil de Santa Catarina deflagrada nesta ter\u00e7a-feira (13) localizou um cad\u00e1ver enterrado em uma cova profunda, em regi\u00e3o de mata do bairro Dona Wanda, em S\u00e3o Jos\u00e9.<\/p>\n<p>A investiga\u00e7\u00e3o, conduzida pela Delegacia de Homic\u00eddios da DIC de S\u00e3o Jos\u00e9, aponta que o local foi onde a v\u00edtima \u2014 ainda sem identifica\u00e7\u00e3o oficial \u2014 teria sido torturada antes de ser morta e enterrada em espa\u00e7o semelhante a um cemit\u00e9rio clandestino. Novas dilig\u00eancias est\u00e3o previstas para os pr\u00f3ximos dias.<\/p>\n<p>A opera\u00e7\u00e3o contou com o apoio de outras unidades especializadas como o NOC, CORE, DECOD e a DRR de S\u00e3o Jos\u00e9, refor\u00e7ando o compromisso conjunto em prol da sociedade catarinense. Denuncie no telefone 181. Sigilo absoluto.<span style=\"color: rgb(122, 122, 122); letter-spacing: -0.2px;\">&nbsp;<\/span><\/p>\t\t\t\t\t\t\t\t<\/div>\n\t\t\t\t<\/div>\n\t\t\t\t\t<\/div>\n\t\t<\/div>\n\t\t\t\t\t<\/div>\n\t\t<\/section>\n\t\t\t\t<section class=\"elementor-section elementor-top-section elementor-element elementor-element-6ac7dfd elementor-section-boxed elementor-section-height-default elementor-section-height-default\" data-id=\"6ac7dfd\" data-element_type=\"section\">\n\t\t\t\t\t\t<div class=\"elementor-container elementor-column-gap-default\">\n\t\t\t\t\t<div class=\"elementor-column elementor-col-100 elementor-top-column elementor-element elementor-element-3b00b25\" data-id=\"3b00b25\" data-element_type=\"column\">\n\t\t\t<div class=\"elementor-widget-wrap elementor-element-populated\">\n\t\t\t\t\t\t<div class=\"elementor-element elementor-element-0c37573 elementor-widget elementor-widget-image\" data-id=\"0c37573\" data-element_type=\"widget\" data-widget_type=\"image.default\">\n\t\t\t\t<div class=\"elementor-widget-container\">\n\t\t\t\t\t\t\t\t\t\t\t\t\t\t\t<img decoding=\"async\" width=\"696\" height=\"699\" src=\"https:\/\/pc.sc.gov.br\/\/wp-content\/uploads\/2025\/05\/WhatsApp-Image-2025-05-13-at-15.33.08-2-1020x1024.jpeg\" class=\"attachment-large size-large wp-image-28682\" alt=\"\" srcset=\"https:\/\/pc.sc.gov.br\/\/wp-content\/uploads\/2025\/05\/WhatsApp-Image-2025-05-13-at-15.33.08-2-1020x1024.jpeg 1020w, https:\/\/pc.sc.gov.br\/\/wp-content\/uploads\/2025\/05\/WhatsApp-Image-2025-05-13-at-15.33.08-2-300x300.jpeg 300w, https:\/\/pc.sc.gov.br\/\/wp-content\/uploads\/2025\/05\/WhatsApp-Image-2025-05-13-at-15.33.08-2-150x150.jpeg 150w, https:\/\/pc.sc.gov.br\/\/wp-content\/uploads\/2025\/05\/WhatsApp-Image-2025-05-13-at-15.33.08-2-768x771.jpeg 768w, https:\/\/pc.sc.gov.br\/\/wp-content\/uploads\/2025\/05\/WhatsApp-Image-2025-05-13-at-15.33.08-2-1529x1536.jpeg 1529w, https:\/\/pc.sc.gov.br\/\/wp-content\/uploads\/2025\/05\/WhatsApp-Image-2025-05-13-at-15.33.08-2.jpeg 1593w\" sizes=\"(max-width: 696px) 100vw, 696px\" \/>\t\t\t\t\t\t\t\t\t\t\t\t\t\t\t<\/div>\n\t\t\t\t<\/div>\n\t\t\t\t\t<\/div>\n\t\t<\/div>\n\t\t\t\t\t<\/div>\n\t\t<\/section>\n\t\t\t\t<\/div>\n\t\t","protected":false},"excerpt":{"rendered":"<p>Pol\u00edcia Civil encontra cad\u00e1ver em cemit\u00e9rio clandestino em S\u00e3o Jos\u00e9 Uma opera\u00e7\u00e3o da Pol\u00edcia Civil de Santa Catarina deflagrada nesta ter\u00e7a-feira (13) localizou um cad\u00e1ver enterrado em uma cova profunda, em regi\u00e3o de mata do bairro Dona Wanda, em S\u00e3o Jos\u00e9. A investiga\u00e7\u00e3o, conduzida pela Delegacia de Homic\u00eddios da DIC de S\u00e3o Jos\u00e9, aponta que [&hellip;]<\/p>\n","protected":false},"author":5,"featured_media":28680,"comment_status":"closed","ping_status":"open","sticky":false,"template":"","format":"standard","meta":{"_monsterinsights_skip_tracking":false,"_monsterinsights_sitenote_active":false,"_monsterinsights_sitenote_note":"","_monsterinsights_sitenote_category":0,"footnotes":""},"categories":[1],"tags":[],"class_list":["post-28679","post","type-post","status-publish","format-standard","has-post-thumbnail","hentry","category-sem-categoria"],"_links":{"self":[{"href":"https:\/\/pc.sc.gov.br\/index.php?rest_route=\/wp\/v2\/posts\/28679","targetHints":{"allow":["GET"]}}],"collection":[{"href":"https:\/\/pc.sc.gov.br\/index.php?rest_route=\/wp\/v2\/posts"}],"about":[{"href":"https:\/\/pc.sc.gov.br\/index.php?rest_route=\/wp\/v2\/types\/post"}],"author":[{"embeddable":true,"href":"https:\/\/pc.sc.gov.br\/index.php?rest_route=\/wp\/v2\/users\/5"}],"replies":[{"embeddable":true,"href":"https:\/\/pc.sc.gov.br\/index.php?rest_route=%2Fwp%2Fv2%2Fcomments&post=28679"}],"version-history":[{"count":8,"href":"https:\/\/pc.sc.gov.br\/index.php?rest_route=\/wp\/v2\/posts\/28679\/revisions"}],"predecessor-version":[{"id":28689,"href":"https:\/\/pc.sc.gov.br\/index.php?rest_route=\/wp\/v2\/posts\/28679\/revisions\/28689"}],"wp:featuredmedia":[{"embeddable":true,"href":"https:\/\/pc.sc.gov.br\/index.php?rest_route=\/wp\/v2\/media\/28680"}],"wp:attachment":[{"href":"https:\/\/pc.sc.gov.br\/index.php?rest_route=%2Fwp%2Fv2%2Fmedia&parent=28679"}],"wp:term":[{"taxonomy":"category","embeddable":true,"href":"https:\/\/pc.sc.gov.br\/index.php?rest_route=%2Fwp%2Fv2%2Fcategories&post=28679"},{"taxonomy":"post_tag","embeddable":true,"href":"https:\/\/pc.sc.gov.br\/index.php?rest_route=%2Fwp%2Fv2%2Ftags&post=28679"}],"curies":[{"name":"wp","href":"https:\/\/api.w.org\/{rel}","templated":true}]}}