{"id":28690,"date":"2025-05-13T16:43:07","date_gmt":"2025-05-13T19:43:07","guid":{"rendered":"https:\/\/pc.sc.gov.br\/?p=28690"},"modified":"2025-05-13T16:44:14","modified_gmt":"2025-05-13T19:44:14","slug":"pcsc-cumpre-mandado-de-prisao-de-condenado-a-mais-de-30-anos-por-estupro-de-vulneravel-e-importunacao-sexual-em-iraceminha","status":"publish","type":"post","link":"https:\/\/pc.sc.gov.br\/?p=28690","title":{"rendered":"PCSC cumpre mandado de pris\u00e3o de condenado a mais de 30 anos por estupro de vulner\u00e1vel e importuna\u00e7\u00e3o sexual em Iraceminha"},"content":{"rendered":"\t\t<div data-elementor-type=\"wp-post\" data-elementor-id=\"28690\" class=\"elementor elementor-28690\" data-elementor-post-type=\"post\">\n\t\t\t\t\t\t<section class=\"elementor-section elementor-top-section elementor-element elementor-element-c582db5 elementor-section-boxed elementor-section-height-default elementor-section-height-default\" data-id=\"c582db5\" data-element_type=\"section\">\n\t\t\t\t\t\t<div class=\"elementor-container elementor-column-gap-default\">\n\t\t\t\t\t<div class=\"elementor-column elementor-col-100 elementor-top-column elementor-element elementor-element-e1b893d\" data-id=\"e1b893d\" data-element_type=\"column\">\n\t\t\t<div class=\"elementor-widget-wrap elementor-element-populated\">\n\t\t\t\t\t\t<div class=\"elementor-element elementor-element-c4a5dbd elementor-widget elementor-widget-heading\" data-id=\"c4a5dbd\" data-element_type=\"widget\" data-widget_type=\"heading.default\">\n\t\t\t\t<div class=\"elementor-widget-container\">\n\t\t\t\t\t<h2 class=\"elementor-heading-title elementor-size-default\">PCSC cumpre mandado de pris\u00e3o de condenado a mais de 30 anos por estupro de vulner\u00e1vel e importuna\u00e7\u00e3o sexual em Iraceminha<\/h2>\t\t\t\t<\/div>\n\t\t\t\t<\/div>\n\t\t\t\t\t<\/div>\n\t\t<\/div>\n\t\t\t\t\t<\/div>\n\t\t<\/section>\n\t\t\t\t<section class=\"elementor-section elementor-top-section elementor-element elementor-element-bbff49a elementor-section-boxed elementor-section-height-default elementor-section-height-default\" data-id=\"bbff49a\" data-element_type=\"section\">\n\t\t\t\t\t\t<div class=\"elementor-container elementor-column-gap-default\">\n\t\t\t\t\t<div class=\"elementor-column elementor-col-100 elementor-top-column elementor-element elementor-element-40f4e6a\" data-id=\"40f4e6a\" data-element_type=\"column\">\n\t\t\t<div class=\"elementor-widget-wrap elementor-element-populated\">\n\t\t\t\t\t\t<div class=\"elementor-element elementor-element-ef71e36 elementor-widget elementor-widget-image\" data-id=\"ef71e36\" data-element_type=\"widget\" data-widget_type=\"image.default\">\n\t\t\t\t<div class=\"elementor-widget-container\">\n\t\t\t\t\t\t\t\t\t\t\t\t\t\t\t<img fetchpriority=\"high\" decoding=\"async\" width=\"696\" height=\"329\" src=\"https:\/\/pc.sc.gov.br\/\/wp-content\/uploads\/2025\/04\/videira2_51467587006_o-fotor-20241129134120.jpg\" class=\"attachment-large size-large wp-image-28365\" alt=\"\" srcset=\"https:\/\/pc.sc.gov.br\/\/wp-content\/uploads\/2025\/04\/videira2_51467587006_o-fotor-20241129134120.jpg 807w, https:\/\/pc.sc.gov.br\/\/wp-content\/uploads\/2025\/04\/videira2_51467587006_o-fotor-20241129134120-300x142.jpg 300w, https:\/\/pc.sc.gov.br\/\/wp-content\/uploads\/2025\/04\/videira2_51467587006_o-fotor-20241129134120-768x364.jpg 768w\" sizes=\"(max-width: 696px) 100vw, 696px\" \/>\t\t\t\t\t\t\t\t\t\t\t\t\t\t\t<\/div>\n\t\t\t\t<\/div>\n\t\t\t\t\t<\/div>\n\t\t<\/div>\n\t\t\t\t\t<\/div>\n\t\t<\/section>\n\t\t\t\t<section class=\"elementor-section elementor-top-section elementor-element elementor-element-92a49f3 elementor-section-boxed elementor-section-height-default elementor-section-height-default\" data-id=\"92a49f3\" data-element_type=\"section\">\n\t\t\t\t\t\t<div class=\"elementor-container elementor-column-gap-default\">\n\t\t\t\t\t<div class=\"elementor-column elementor-col-100 elementor-top-column elementor-element elementor-element-2ed7e49\" data-id=\"2ed7e49\" data-element_type=\"column\">\n\t\t\t<div class=\"elementor-widget-wrap elementor-element-populated\">\n\t\t\t\t\t\t<div class=\"elementor-element elementor-element-d694d3d elementor-widget elementor-widget-text-editor\" data-id=\"d694d3d\" data-element_type=\"widget\" data-widget_type=\"text-editor.default\">\n\t\t\t\t<div class=\"elementor-widget-container\">\n\t\t\t\t\t\t\t\t\t<p>A Pol\u00edcia Civil de Santa Catarina, por meio da Delegacia de Pol\u00edcia de Iraceminha, com o apoio da Delegacia de Pol\u00edcia de Maravilha, deu cumprimento nesta ter\u00e7a-feira (13) a um mandado de pris\u00e3o contra um homem, condenado pelos crimes de estupro de vulner\u00e1vel e importuna\u00e7\u00e3o sexual.<\/p>\n<p>De acordo com o delegado Jo\u00e3o Luiz Miotto o homem foi localizado no munic\u00edpio de Monda\u00ed, onde foi abordado pelos policiais civis e preso. Ap\u00f3s os procedimentos legais na unidade policial, ele foi encaminhado ao Pres\u00eddio de Maravilha, onde iniciar\u00e1 o cumprimento da pena em regime fechado.<\/p>\n<p>A condena\u00e7\u00e3o, que soma 30 anos, 11 meses e 13 dias de reclus\u00e3o, refere-se a fatos ocorridos no ano de 2022. A pris\u00e3o \u00e9 decorrente de senten\u00e7a definitiva, com tr\u00e2nsito em julgado, n\u00e3o cabendo mais recurso.<\/p>\n<p>A pris\u00e3o do condenado demonstra o compromisso da Pol\u00edcia Civil com a prote\u00e7\u00e3o das v\u00edtimas e o enfrentamento firme aos crimes sexuais, especialmente quando envolvem pessoas em situa\u00e7\u00e3o de vulnerabilidade.<\/p>\n<p><b>Denuncie pelo 181. Colabore com a Pol\u00edcia Civil. Sigilo absoluto.<\/b><\/p>\n<div>&nbsp;<\/div>\t\t\t\t\t\t\t\t<\/div>\n\t\t\t\t<\/div>\n\t\t\t\t\t<\/div>\n\t\t<\/div>\n\t\t\t\t\t<\/div>\n\t\t<\/section>\n\t\t\t\t<\/div>\n\t\t","protected":false},"excerpt":{"rendered":"<p>PCSC cumpre mandado de pris\u00e3o de condenado a mais de 30 anos por estupro de vulner\u00e1vel e importuna\u00e7\u00e3o sexual em Iraceminha A Pol\u00edcia Civil de Santa Catarina, por meio da Delegacia de Pol\u00edcia de Iraceminha, com o apoio da Delegacia de Pol\u00edcia de Maravilha, deu cumprimento nesta ter\u00e7a-feira (13) a um mandado de pris\u00e3o contra [&hellip;]<\/p>\n","protected":false},"author":5,"featured_media":28468,"comment_status":"closed","ping_status":"open","sticky":false,"template":"","format":"standard","meta":{"_monsterinsights_skip_tracking":false,"_monsterinsights_sitenote_active":false,"_monsterinsights_sitenote_note":"","_monsterinsights_sitenote_category":0,"footnotes":""},"categories":[1],"tags":[],"class_list":["post-28690","post","type-post","status-publish","format-standard","has-post-thumbnail","hentry","category-sem-categoria"],"_links":{"self":[{"href":"https:\/\/pc.sc.gov.br\/index.php?rest_route=\/wp\/v2\/posts\/28690","targetHints":{"allow":["GET"]}}],"collection":[{"href":"https:\/\/pc.sc.gov.br\/index.php?rest_route=\/wp\/v2\/posts"}],"about":[{"href":"https:\/\/pc.sc.gov.br\/index.php?rest_route=\/wp\/v2\/types\/post"}],"author":[{"embeddable":true,"href":"https:\/\/pc.sc.gov.br\/index.php?rest_route=\/wp\/v2\/users\/5"}],"replies":[{"embeddable":true,"href":"https:\/\/pc.sc.gov.br\/index.php?rest_route=%2Fwp%2Fv2%2Fcomments&post=28690"}],"version-history":[{"count":7,"href":"https:\/\/pc.sc.gov.br\/index.php?rest_route=\/wp\/v2\/posts\/28690\/revisions"}],"predecessor-version":[{"id":28697,"href":"https:\/\/pc.sc.gov.br\/index.php?rest_route=\/wp\/v2\/posts\/28690\/revisions\/28697"}],"wp:featuredmedia":[{"embeddable":true,"href":"https:\/\/pc.sc.gov.br\/index.php?rest_route=\/wp\/v2\/media\/28468"}],"wp:attachment":[{"href":"https:\/\/pc.sc.gov.br\/index.php?rest_route=%2Fwp%2Fv2%2Fmedia&parent=28690"}],"wp:term":[{"taxonomy":"category","embeddable":true,"href":"https:\/\/pc.sc.gov.br\/index.php?rest_route=%2Fwp%2Fv2%2Fcategories&post=28690"},{"taxonomy":"post_tag","embeddable":true,"href":"https:\/\/pc.sc.gov.br\/index.php?rest_route=%2Fwp%2Fv2%2Ftags&post=28690"}],"curies":[{"name":"wp","href":"https:\/\/api.w.org\/{rel}","templated":true}]}}