{"id":28698,"date":"2025-05-13T18:22:09","date_gmt":"2025-05-13T21:22:09","guid":{"rendered":"https:\/\/pc.sc.gov.br\/?p=28698"},"modified":"2025-05-13T18:23:14","modified_gmt":"2025-05-13T21:23:14","slug":"pcsc-cumpre-mandado-de-prisao-preventiva-por-investigacoes-que-apuram-o-crime-de-trafico-de-drogas-em-xanxere","status":"publish","type":"post","link":"https:\/\/pc.sc.gov.br\/?p=28698","title":{"rendered":"PCSC cumpre mandado de pris\u00e3o preventiva por investiga\u00e7\u00f5es que apuram o crime de tr\u00e1fico de drogas em Xanxer\u00ea"},"content":{"rendered":"\t\t<div data-elementor-type=\"wp-post\" data-elementor-id=\"28698\" class=\"elementor elementor-28698\" data-elementor-post-type=\"post\">\n\t\t\t\t\t\t<section class=\"elementor-section elementor-top-section elementor-element elementor-element-11a14db elementor-section-boxed elementor-section-height-default elementor-section-height-default\" data-id=\"11a14db\" data-element_type=\"section\">\n\t\t\t\t\t\t<div class=\"elementor-container elementor-column-gap-default\">\n\t\t\t\t\t<div class=\"elementor-column elementor-col-100 elementor-top-column elementor-element elementor-element-f3a37c4\" data-id=\"f3a37c4\" data-element_type=\"column\">\n\t\t\t<div class=\"elementor-widget-wrap elementor-element-populated\">\n\t\t\t\t\t\t<div class=\"elementor-element elementor-element-6dbd438 elementor-widget elementor-widget-heading\" data-id=\"6dbd438\" data-element_type=\"widget\" data-widget_type=\"heading.default\">\n\t\t\t\t<div class=\"elementor-widget-container\">\n\t\t\t\t\t<h2 class=\"elementor-heading-title elementor-size-default\">PCSC cumpre mandado de pris\u00e3o preventiva por investiga\u00e7\u00f5es que apuram o crime de tr\u00e1fico de drogas em Xanxer\u00ea<\/h2>\t\t\t\t<\/div>\n\t\t\t\t<\/div>\n\t\t\t\t\t<\/div>\n\t\t<\/div>\n\t\t\t\t\t<\/div>\n\t\t<\/section>\n\t\t\t\t<section class=\"elementor-section elementor-top-section elementor-element elementor-element-a2bbbfb elementor-section-boxed elementor-section-height-default elementor-section-height-default\" data-id=\"a2bbbfb\" data-element_type=\"section\">\n\t\t\t\t\t\t<div class=\"elementor-container elementor-column-gap-default\">\n\t\t\t\t\t<div class=\"elementor-column elementor-col-100 elementor-top-column elementor-element elementor-element-c76afce\" data-id=\"c76afce\" data-element_type=\"column\">\n\t\t\t<div class=\"elementor-widget-wrap elementor-element-populated\">\n\t\t\t\t\t\t<div class=\"elementor-element elementor-element-82dde7a elementor-widget elementor-widget-image\" data-id=\"82dde7a\" data-element_type=\"widget\" data-widget_type=\"image.default\">\n\t\t\t\t<div class=\"elementor-widget-container\">\n\t\t\t\t\t\t\t\t\t\t\t\t\t\t\t<img fetchpriority=\"high\" decoding=\"async\" width=\"696\" height=\"395\" src=\"https:\/\/pc.sc.gov.br\/\/wp-content\/uploads\/2025\/05\/16ec3afa-a904-4853-8ae4-beda64b0500a-fotor-20250513181544-1024x581.jpg\" class=\"attachment-large size-large wp-image-28699\" alt=\"\" srcset=\"https:\/\/pc.sc.gov.br\/\/wp-content\/uploads\/2025\/05\/16ec3afa-a904-4853-8ae4-beda64b0500a-fotor-20250513181544-1024x581.jpg 1024w, https:\/\/pc.sc.gov.br\/\/wp-content\/uploads\/2025\/05\/16ec3afa-a904-4853-8ae4-beda64b0500a-fotor-20250513181544-300x170.jpg 300w, https:\/\/pc.sc.gov.br\/\/wp-content\/uploads\/2025\/05\/16ec3afa-a904-4853-8ae4-beda64b0500a-fotor-20250513181544-768x436.jpg 768w, https:\/\/pc.sc.gov.br\/\/wp-content\/uploads\/2025\/05\/16ec3afa-a904-4853-8ae4-beda64b0500a-fotor-20250513181544.jpg 1026w\" sizes=\"(max-width: 696px) 100vw, 696px\" \/>\t\t\t\t\t\t\t\t\t\t\t\t\t\t\t<\/div>\n\t\t\t\t<\/div>\n\t\t\t\t\t<\/div>\n\t\t<\/div>\n\t\t\t\t\t<\/div>\n\t\t<\/section>\n\t\t\t\t<section class=\"elementor-section elementor-top-section elementor-element elementor-element-82b0fad elementor-section-boxed elementor-section-height-default elementor-section-height-default\" data-id=\"82b0fad\" data-element_type=\"section\">\n\t\t\t\t\t\t<div class=\"elementor-container elementor-column-gap-default\">\n\t\t\t\t\t<div class=\"elementor-column elementor-col-100 elementor-top-column elementor-element elementor-element-60a2f17\" data-id=\"60a2f17\" data-element_type=\"column\">\n\t\t\t<div class=\"elementor-widget-wrap elementor-element-populated\">\n\t\t\t\t\t\t<div class=\"elementor-element elementor-element-d849745 elementor-widget elementor-widget-text-editor\" data-id=\"d849745\" data-element_type=\"widget\" data-widget_type=\"text-editor.default\">\n\t\t\t\t<div class=\"elementor-widget-container\">\n\t\t\t\t\t\t\t\t\t<p>A Pol\u00edcia Civil de Santa Catarina, por meio da Delegacia de Investiga\u00e7\u00e3o Criminal de Xanxer\u00ea (DIC), prendeu, na tarde desta ter\u00e7a-feira (13) no bairro Pinheiro, um homem em raz\u00e3o de investiga\u00e7\u00f5es que apuram o crime de tr\u00e1fico de drogas.<\/p><p>Ainda no m\u00eas de dezembro, a Pol\u00edcia Civil havia cumprido mandado de busca e apreens\u00e3o na resid\u00eancia do investigado, resultando na apreens\u00e3o de entorpecentes como maconha e coca\u00edna, dinheiro e um aparelho celular.\u00a0<\/p><p>A equipe da DIC deu continuidade \u00e0s investiga\u00e7\u00f5es, constatando a pr\u00e1tica reiterada da venda de drogas, principalmente coca\u00edna, no munic\u00edpio de Xanxer\u00ea, o que embasou a representa\u00e7\u00e3o da Autoridade Policial pela pris\u00e3o preventiva do indiv\u00edduo, que at\u00e9 ent\u00e3o estava em local incerto.<\/p><p>Ap\u00f3s o deferimento do Poder Judici\u00e1rio, com manifesta\u00e7\u00e3o favor\u00e1vel do Minist\u00e9rio P\u00fablico, os policiais civis lograram \u00eaxito em localizar o investigado e dar cumprimento a ordem judicial. Com ele, na tarde de hoje, foram apreendidos cinco por\u00e7\u00f5es de subst\u00e2ncia an\u00e1loga \u00e0 coca\u00edna, prontas para venda, uma balan\u00e7a de precis\u00e3o, um aparelho celular e um fac\u00e3o.\u00a0<\/p><p>O investigado foi encaminhado ao Pres\u00eddio Regional de Xanxer\u00ea, ap\u00f3s procedimentos legais na Delegacia de Pol\u00edcia, as investiga\u00e7\u00f5es sobre o caso prosseguem na DIC de Xanxer\u00ea.\u00a0<\/p>\t\t\t\t\t\t\t\t<\/div>\n\t\t\t\t<\/div>\n\t\t\t\t\t<\/div>\n\t\t<\/div>\n\t\t\t\t\t<\/div>\n\t\t<\/section>\n\t\t\t\t<\/div>\n\t\t","protected":false},"excerpt":{"rendered":"<p>PCSC cumpre mandado de pris\u00e3o preventiva por investiga\u00e7\u00f5es que apuram o crime de tr\u00e1fico de drogas em Xanxer\u00ea A Pol\u00edcia Civil de Santa Catarina, por meio da Delegacia de Investiga\u00e7\u00e3o Criminal de Xanxer\u00ea (DIC), prendeu, na tarde desta ter\u00e7a-feira (13) no bairro Pinheiro, um homem em raz\u00e3o de investiga\u00e7\u00f5es que apuram o crime de tr\u00e1fico [&hellip;]<\/p>\n","protected":false},"author":5,"featured_media":28699,"comment_status":"closed","ping_status":"open","sticky":false,"template":"","format":"standard","meta":{"_monsterinsights_skip_tracking":false,"_monsterinsights_sitenote_active":false,"_monsterinsights_sitenote_note":"","_monsterinsights_sitenote_category":0,"footnotes":""},"categories":[1],"tags":[],"class_list":["post-28698","post","type-post","status-publish","format-standard","has-post-thumbnail","hentry","category-sem-categoria"],"_links":{"self":[{"href":"https:\/\/pc.sc.gov.br\/index.php?rest_route=\/wp\/v2\/posts\/28698","targetHints":{"allow":["GET"]}}],"collection":[{"href":"https:\/\/pc.sc.gov.br\/index.php?rest_route=\/wp\/v2\/posts"}],"about":[{"href":"https:\/\/pc.sc.gov.br\/index.php?rest_route=\/wp\/v2\/types\/post"}],"author":[{"embeddable":true,"href":"https:\/\/pc.sc.gov.br\/index.php?rest_route=\/wp\/v2\/users\/5"}],"replies":[{"embeddable":true,"href":"https:\/\/pc.sc.gov.br\/index.php?rest_route=%2Fwp%2Fv2%2Fcomments&post=28698"}],"version-history":[{"count":4,"href":"https:\/\/pc.sc.gov.br\/index.php?rest_route=\/wp\/v2\/posts\/28698\/revisions"}],"predecessor-version":[{"id":28703,"href":"https:\/\/pc.sc.gov.br\/index.php?rest_route=\/wp\/v2\/posts\/28698\/revisions\/28703"}],"wp:featuredmedia":[{"embeddable":true,"href":"https:\/\/pc.sc.gov.br\/index.php?rest_route=\/wp\/v2\/media\/28699"}],"wp:attachment":[{"href":"https:\/\/pc.sc.gov.br\/index.php?rest_route=%2Fwp%2Fv2%2Fmedia&parent=28698"}],"wp:term":[{"taxonomy":"category","embeddable":true,"href":"https:\/\/pc.sc.gov.br\/index.php?rest_route=%2Fwp%2Fv2%2Fcategories&post=28698"},{"taxonomy":"post_tag","embeddable":true,"href":"https:\/\/pc.sc.gov.br\/index.php?rest_route=%2Fwp%2Fv2%2Ftags&post=28698"}],"curies":[{"name":"wp","href":"https:\/\/api.w.org\/{rel}","templated":true}]}}