{"id":28704,"date":"2025-05-14T13:51:57","date_gmt":"2025-05-14T16:51:57","guid":{"rendered":"https:\/\/pc.sc.gov.br\/?p=28704"},"modified":"2025-05-14T14:59:27","modified_gmt":"2025-05-14T17:59:27","slug":"dic-de-ararangua-elucida-crime-de-latrocinio-ocorrido-em-marco-no-municipio","status":"publish","type":"post","link":"https:\/\/pc.sc.gov.br\/?p=28704","title":{"rendered":"DIC de Ararangu\u00e1 elucida crime de latroc\u00ednio ocorrido em mar\u00e7o no munic\u00edpio"},"content":{"rendered":"\t\t<div data-elementor-type=\"wp-post\" data-elementor-id=\"28704\" class=\"elementor elementor-28704\" data-elementor-post-type=\"post\">\n\t\t\t\t\t\t<section class=\"elementor-section elementor-top-section elementor-element elementor-element-11ae443 elementor-section-boxed elementor-section-height-default elementor-section-height-default\" data-id=\"11ae443\" data-element_type=\"section\">\n\t\t\t\t\t\t<div class=\"elementor-container elementor-column-gap-default\">\n\t\t\t\t\t<div class=\"elementor-column elementor-col-100 elementor-top-column elementor-element elementor-element-4ba5868\" data-id=\"4ba5868\" data-element_type=\"column\">\n\t\t\t<div class=\"elementor-widget-wrap elementor-element-populated\">\n\t\t\t\t\t\t<div class=\"elementor-element elementor-element-391d820 elementor-widget elementor-widget-heading\" data-id=\"391d820\" data-element_type=\"widget\" data-widget_type=\"heading.default\">\n\t\t\t\t<div class=\"elementor-widget-container\">\n\t\t\t\t\t<h2 class=\"elementor-heading-title elementor-size-default\">DIC de Ararangu\u00e1 elucida crime de latroc\u00ednio ocorrido em mar\u00e7o no munic\u00edpio<\/h2>\t\t\t\t<\/div>\n\t\t\t\t<\/div>\n\t\t\t\t\t<\/div>\n\t\t<\/div>\n\t\t\t\t\t<\/div>\n\t\t<\/section>\n\t\t\t\t<section class=\"elementor-section elementor-top-section elementor-element elementor-element-29d50f4 elementor-section-boxed elementor-section-height-default elementor-section-height-default\" data-id=\"29d50f4\" data-element_type=\"section\">\n\t\t\t\t\t\t<div class=\"elementor-container elementor-column-gap-default\">\n\t\t\t\t\t<div class=\"elementor-column elementor-col-100 elementor-top-column elementor-element elementor-element-31650f5\" data-id=\"31650f5\" data-element_type=\"column\">\n\t\t\t<div class=\"elementor-widget-wrap elementor-element-populated\">\n\t\t\t\t\t\t<div class=\"elementor-element elementor-element-6f5dd71 elementor-widget elementor-widget-image\" data-id=\"6f5dd71\" data-element_type=\"widget\" data-widget_type=\"image.default\">\n\t\t\t\t<div class=\"elementor-widget-container\">\n\t\t\t\t\t\t\t\t\t\t\t\t\t\t\t<img fetchpriority=\"high\" decoding=\"async\" width=\"696\" height=\"329\" src=\"https:\/\/pc.sc.gov.br\/\/wp-content\/uploads\/2025\/04\/videira2_51467587006_o-fotor-20241129134120.jpg\" class=\"attachment-large size-large wp-image-28365\" alt=\"\" srcset=\"https:\/\/pc.sc.gov.br\/\/wp-content\/uploads\/2025\/04\/videira2_51467587006_o-fotor-20241129134120.jpg 807w, https:\/\/pc.sc.gov.br\/\/wp-content\/uploads\/2025\/04\/videira2_51467587006_o-fotor-20241129134120-300x142.jpg 300w, https:\/\/pc.sc.gov.br\/\/wp-content\/uploads\/2025\/04\/videira2_51467587006_o-fotor-20241129134120-768x364.jpg 768w\" sizes=\"(max-width: 696px) 100vw, 696px\" \/>\t\t\t\t\t\t\t\t\t\t\t\t\t\t\t<\/div>\n\t\t\t\t<\/div>\n\t\t\t\t\t<\/div>\n\t\t<\/div>\n\t\t\t\t\t<\/div>\n\t\t<\/section>\n\t\t\t\t<section class=\"elementor-section elementor-top-section elementor-element elementor-element-a6bdbc0 elementor-section-boxed elementor-section-height-default elementor-section-height-default\" data-id=\"a6bdbc0\" data-element_type=\"section\">\n\t\t\t\t\t\t<div class=\"elementor-container elementor-column-gap-default\">\n\t\t\t\t\t<div class=\"elementor-column elementor-col-100 elementor-top-column elementor-element elementor-element-c8bba31\" data-id=\"c8bba31\" data-element_type=\"column\">\n\t\t\t<div class=\"elementor-widget-wrap elementor-element-populated\">\n\t\t\t\t\t\t<div class=\"elementor-element elementor-element-d87edd8 elementor-widget elementor-widget-text-editor\" data-id=\"d87edd8\" data-element_type=\"widget\" data-widget_type=\"text-editor.default\">\n\t\t\t\t<div class=\"elementor-widget-container\">\n\t\t\t\t\t\t\t\t\t<p>A Pol\u00edcia Civil de Santa Catarina, por meio da DIC Ararangu\u00e1, elucidou o latroc\u00ednio de um homem, que foi morto na madrugada\/manh\u00e3 do dia 14\/MAR\/2025, no Loteamento Solaris, Bairro Divin\u00e9ia, em Ararangu\u00e1.<\/p>\n<p>De acordo com o delegado Luis Polhmann, titular da DIC de Ararangua, a v\u00edtima na ocasi\u00e3o foi atingida por disparos de arma de fogo, e os autores subtra\u00edram o ve\u00edculo, aparelho celular e dinheiro de Willian. O ve\u00edculo foi recuperado no dia 16\/MAR\/2025.<\/p>\n<p>O trabalho de investiga\u00e7\u00e3o apontou a participa\u00e7\u00e3o de 03 autores, sendo 02 adultos e 01 adolescente, este respons\u00e1vel por atrair a v\u00edtima e tamb\u00e9m pela realiza\u00e7\u00e3o dos disparos de arma de fogo que ocasionaram a morte. Os adultos foram presos preventivamente no dia 09\/mai\/2025.<\/p>\n<p>O adolescente foi internado provisoriamente no dia 13\/mai\/2025, em dilig\u00eancias entre a DRAS\/DEIC e a DIC Ararangu\u00e1. Um quarto indiv\u00edduo foi indiciado por recepta\u00e7\u00e3o, j\u00e1 que guardou o carro para os executores no dia seguinte ao crime e auxiliou na desova do ve\u00edculo.<\/p><p>Del Lu\u00eds Pohlmann &#8211; titular da DIC de Ararangu\u00e1<\/p>\t\t\t\t\t\t\t\t<\/div>\n\t\t\t\t<\/div>\n\t\t\t\t\t<\/div>\n\t\t<\/div>\n\t\t\t\t\t<\/div>\n\t\t<\/section>\n\t\t\t\t<section class=\"elementor-section elementor-top-section elementor-element elementor-element-576958b elementor-section-boxed elementor-section-height-default elementor-section-height-default\" data-id=\"576958b\" data-element_type=\"section\">\n\t\t\t\t\t\t<div class=\"elementor-container elementor-column-gap-default\">\n\t\t\t\t\t<div class=\"elementor-column elementor-col-100 elementor-top-column elementor-element elementor-element-cd1ba29\" data-id=\"cd1ba29\" data-element_type=\"column\">\n\t\t\t<div class=\"elementor-widget-wrap elementor-element-populated\">\n\t\t\t\t\t\t<div class=\"elementor-element elementor-element-6fcfb38 elementor-widget elementor-widget-video\" data-id=\"6fcfb38\" data-element_type=\"widget\" data-settings=\"{&quot;video_type&quot;:&quot;hosted&quot;,&quot;controls&quot;:&quot;yes&quot;}\" data-widget_type=\"video.default\">\n\t\t\t\t<div class=\"elementor-widget-container\">\n\t\t\t\t\t\t\t<div class=\"e-hosted-video elementor-wrapper elementor-open-inline\">\n\t\t\t\t\t<video class=\"elementor-video\" src=\"https:\/\/pc.sc.gov.br\/wp-content\/uploads\/2025\/05\/WhatsApp-Video-2025-05-13-at-19.38.33.mp4\" controls=\"\" preload=\"metadata\"><\/video>\n\t\t\t\t<\/div>\n\t\t\t\t\t\t<\/div>\n\t\t\t\t<\/div>\n\t\t\t\t\t<\/div>\n\t\t<\/div>\n\t\t\t\t\t<\/div>\n\t\t<\/section>\n\t\t\t\t<\/div>\n\t\t","protected":false},"excerpt":{"rendered":"<p>DIC de Ararangu\u00e1 elucida crime de latroc\u00ednio ocorrido em mar\u00e7o no munic\u00edpio A Pol\u00edcia Civil de Santa Catarina, por meio da DIC Ararangu\u00e1, elucidou o latroc\u00ednio de um homem, que foi morto na madrugada\/manh\u00e3 do dia 14\/MAR\/2025, no Loteamento Solaris, Bairro Divin\u00e9ia, em Ararangu\u00e1. De acordo com o delegado Luis Polhmann, titular da DIC de [&hellip;]<\/p>\n","protected":false},"author":5,"featured_media":27963,"comment_status":"closed","ping_status":"open","sticky":false,"template":"","format":"standard","meta":{"_monsterinsights_skip_tracking":false,"_monsterinsights_sitenote_active":false,"_monsterinsights_sitenote_note":"","_monsterinsights_sitenote_category":0,"footnotes":""},"categories":[1],"tags":[],"class_list":["post-28704","post","type-post","status-publish","format-standard","has-post-thumbnail","hentry","category-sem-categoria"],"_links":{"self":[{"href":"https:\/\/pc.sc.gov.br\/index.php?rest_route=\/wp\/v2\/posts\/28704","targetHints":{"allow":["GET"]}}],"collection":[{"href":"https:\/\/pc.sc.gov.br\/index.php?rest_route=\/wp\/v2\/posts"}],"about":[{"href":"https:\/\/pc.sc.gov.br\/index.php?rest_route=\/wp\/v2\/types\/post"}],"author":[{"embeddable":true,"href":"https:\/\/pc.sc.gov.br\/index.php?rest_route=\/wp\/v2\/users\/5"}],"replies":[{"embeddable":true,"href":"https:\/\/pc.sc.gov.br\/index.php?rest_route=%2Fwp%2Fv2%2Fcomments&post=28704"}],"version-history":[{"count":13,"href":"https:\/\/pc.sc.gov.br\/index.php?rest_route=\/wp\/v2\/posts\/28704\/revisions"}],"predecessor-version":[{"id":28730,"href":"https:\/\/pc.sc.gov.br\/index.php?rest_route=\/wp\/v2\/posts\/28704\/revisions\/28730"}],"wp:featuredmedia":[{"embeddable":true,"href":"https:\/\/pc.sc.gov.br\/index.php?rest_route=\/wp\/v2\/media\/27963"}],"wp:attachment":[{"href":"https:\/\/pc.sc.gov.br\/index.php?rest_route=%2Fwp%2Fv2%2Fmedia&parent=28704"}],"wp:term":[{"taxonomy":"category","embeddable":true,"href":"https:\/\/pc.sc.gov.br\/index.php?rest_route=%2Fwp%2Fv2%2Fcategories&post=28704"},{"taxonomy":"post_tag","embeddable":true,"href":"https:\/\/pc.sc.gov.br\/index.php?rest_route=%2Fwp%2Fv2%2Ftags&post=28704"}],"curies":[{"name":"wp","href":"https:\/\/api.w.org\/{rel}","templated":true}]}}