{"id":28716,"date":"2025-05-14T14:21:33","date_gmt":"2025-05-14T17:21:33","guid":{"rendered":"https:\/\/pc.sc.gov.br\/?p=28716"},"modified":"2025-05-14T14:22:22","modified_gmt":"2025-05-14T17:22:22","slug":"pcsc-realiza-prisao-em-flagrante-e-cumpre-mandado-de-prisao-preventiva-pelo-crime-de-trafico-de-drogas","status":"publish","type":"post","link":"https:\/\/pc.sc.gov.br\/?p=28716","title":{"rendered":"PCSC realiza pris\u00e3o em flagrante e cumpre mandado de pris\u00e3o preventiva pelo crime de tr\u00e1fico de drogas"},"content":{"rendered":"\t\t<div data-elementor-type=\"wp-post\" data-elementor-id=\"28716\" class=\"elementor elementor-28716\" data-elementor-post-type=\"post\">\n\t\t\t\t\t\t<section class=\"elementor-section elementor-top-section elementor-element elementor-element-a7718bf elementor-section-boxed elementor-section-height-default elementor-section-height-default\" data-id=\"a7718bf\" data-element_type=\"section\">\n\t\t\t\t\t\t<div class=\"elementor-container elementor-column-gap-default\">\n\t\t\t\t\t<div class=\"elementor-column elementor-col-100 elementor-top-column elementor-element elementor-element-f86b8b1\" data-id=\"f86b8b1\" data-element_type=\"column\">\n\t\t\t<div class=\"elementor-widget-wrap elementor-element-populated\">\n\t\t\t\t\t\t<div class=\"elementor-element elementor-element-9d85d46 elementor-widget elementor-widget-heading\" data-id=\"9d85d46\" data-element_type=\"widget\" data-widget_type=\"heading.default\">\n\t\t\t\t<div class=\"elementor-widget-container\">\n\t\t\t\t\t<h2 class=\"elementor-heading-title elementor-size-default\">PCSC realiza pris\u00e3o em flagrante e cumpre mandado de pris\u00e3o preventiva pelo crime de tr\u00e1fico de drogas<\/h2>\t\t\t\t<\/div>\n\t\t\t\t<\/div>\n\t\t\t\t\t<\/div>\n\t\t<\/div>\n\t\t\t\t\t<\/div>\n\t\t<\/section>\n\t\t\t\t<section class=\"elementor-section elementor-top-section elementor-element elementor-element-6dad971 elementor-section-boxed elementor-section-height-default elementor-section-height-default\" data-id=\"6dad971\" data-element_type=\"section\">\n\t\t\t\t\t\t<div class=\"elementor-container elementor-column-gap-default\">\n\t\t\t\t\t<div class=\"elementor-column elementor-col-100 elementor-top-column elementor-element elementor-element-e2a4e7e\" data-id=\"e2a4e7e\" data-element_type=\"column\">\n\t\t\t<div class=\"elementor-widget-wrap elementor-element-populated\">\n\t\t\t\t\t\t<div class=\"elementor-element elementor-element-51cff6c elementor-widget elementor-widget-image\" data-id=\"51cff6c\" data-element_type=\"widget\" data-widget_type=\"image.default\">\n\t\t\t\t<div class=\"elementor-widget-container\">\n\t\t\t\t\t\t\t\t\t\t\t\t\t\t\t<img fetchpriority=\"high\" decoding=\"async\" width=\"696\" height=\"373\" src=\"https:\/\/pc.sc.gov.br\/\/wp-content\/uploads\/2025\/05\/2fbc5a98-e499-40a9-a937-18df0abb270c-fotor-20250514142037-1024x549.jpg\" class=\"attachment-large size-large wp-image-28717\" alt=\"\" srcset=\"https:\/\/pc.sc.gov.br\/\/wp-content\/uploads\/2025\/05\/2fbc5a98-e499-40a9-a937-18df0abb270c-fotor-20250514142037-1024x549.jpg 1024w, https:\/\/pc.sc.gov.br\/\/wp-content\/uploads\/2025\/05\/2fbc5a98-e499-40a9-a937-18df0abb270c-fotor-20250514142037-300x161.jpg 300w, https:\/\/pc.sc.gov.br\/\/wp-content\/uploads\/2025\/05\/2fbc5a98-e499-40a9-a937-18df0abb270c-fotor-20250514142037-768x412.jpg 768w, https:\/\/pc.sc.gov.br\/\/wp-content\/uploads\/2025\/05\/2fbc5a98-e499-40a9-a937-18df0abb270c-fotor-20250514142037.jpg 1200w\" sizes=\"(max-width: 696px) 100vw, 696px\" \/>\t\t\t\t\t\t\t\t\t\t\t\t\t\t\t<\/div>\n\t\t\t\t<\/div>\n\t\t\t\t\t<\/div>\n\t\t<\/div>\n\t\t\t\t\t<\/div>\n\t\t<\/section>\n\t\t\t\t<section class=\"elementor-section elementor-top-section elementor-element elementor-element-749e4be elementor-section-boxed elementor-section-height-default elementor-section-height-default\" data-id=\"749e4be\" data-element_type=\"section\">\n\t\t\t\t\t\t<div class=\"elementor-container elementor-column-gap-default\">\n\t\t\t\t\t<div class=\"elementor-column elementor-col-100 elementor-top-column elementor-element elementor-element-141c14a\" data-id=\"141c14a\" data-element_type=\"column\">\n\t\t\t<div class=\"elementor-widget-wrap elementor-element-populated\">\n\t\t\t\t\t\t<div class=\"elementor-element elementor-element-5317294 elementor-widget elementor-widget-text-editor\" data-id=\"5317294\" data-element_type=\"widget\" data-widget_type=\"text-editor.default\">\n\t\t\t\t<div class=\"elementor-widget-container\">\n\t\t\t\t\t\t\t\t\t<p>A Pol\u00edcia Civil de Santa Catarina, por meio das equipes das Delegacias de Lauro M\u00fcller e Orleans, cumpriu mandado de pris\u00e3o preventiva contra um homem, na ter\u00e7a-feira (13). Durante as dilig\u00eancias, o indiv\u00edduo foi encontrado pilotando uma motocicleta no Bairro Rio Amaral, acompanhado de outro homem, na carona. Ao ser abordado, o piloto lan\u00e7ou um pote em dire\u00e7\u00e3o ao mato e tentou fuga, mas foi impedido pelos policiais.\u00a0<\/p><p>Verificado o local onde o objeto foi arremessado, foram encontrados e apreendidas diversas por\u00e7\u00f5es de drogas como crack, coca\u00edna e maconha. Tamb\u00e9m foram apreendidos os aparelhos celulares dos envolvidos, os quais ser\u00e3o submetidos a exame pericial.\u00a0<\/p><p>O referido mandado de pris\u00e3o foi expedido com base em investiga\u00e7\u00e3o que culminou com expressiva apreens\u00e3o de drogas e dinheiro, no dia 10\/04\/2025, quando se deu cumprimento a um mandado de busca na resid\u00eancia do investigado, mas ele n\u00e3o estava, somente sua companheira, que foi presa em flagrante.\u00a0<\/p><p>Mesmo a pris\u00e3o da companheira e apreens\u00e3o de parte de seu estoque de drogas n\u00e3o foi suficiente para desencorajar o indiv\u00edduo, que continuou exercendo papel de destaque no tr\u00e1fico de drogas em Lauro M\u00fcller, conforme restou confirmado com a nova apreens\u00e3o de drogas realizada nesta ter\u00e7a-feira quando transportava o entorpecente que entregaria para revenda em um dos pontos de venda controlados por ele.\u00a0<\/p><p>Diante de tais evid\u00eancias, foi lavrado o Auto de Pris\u00e3o em Flagrante, ap\u00f3s o qual os suspeitos foram conduzidos at\u00e9 o Pres\u00eddio de Crici\u00fama, onde permanecem \u00e0 disposi\u00e7\u00e3o do Poder Judici\u00e1rio.<\/p>\t\t\t\t\t\t\t\t<\/div>\n\t\t\t\t<\/div>\n\t\t\t\t\t<\/div>\n\t\t<\/div>\n\t\t\t\t\t<\/div>\n\t\t<\/section>\n\t\t\t\t<\/div>\n\t\t","protected":false},"excerpt":{"rendered":"<p>PCSC realiza pris\u00e3o em flagrante e cumpre mandado de pris\u00e3o preventiva pelo crime de tr\u00e1fico de drogas A Pol\u00edcia Civil de Santa Catarina, por meio das equipes das Delegacias de Lauro M\u00fcller e Orleans, cumpriu mandado de pris\u00e3o preventiva contra um homem, na ter\u00e7a-feira (13). Durante as dilig\u00eancias, o indiv\u00edduo foi encontrado pilotando uma motocicleta [&hellip;]<\/p>\n","protected":false},"author":5,"featured_media":28717,"comment_status":"closed","ping_status":"open","sticky":false,"template":"","format":"standard","meta":{"_monsterinsights_skip_tracking":false,"_monsterinsights_sitenote_active":false,"_monsterinsights_sitenote_note":"","_monsterinsights_sitenote_category":0,"footnotes":""},"categories":[1],"tags":[],"class_list":["post-28716","post","type-post","status-publish","format-standard","has-post-thumbnail","hentry","category-sem-categoria"],"_links":{"self":[{"href":"https:\/\/pc.sc.gov.br\/index.php?rest_route=\/wp\/v2\/posts\/28716","targetHints":{"allow":["GET"]}}],"collection":[{"href":"https:\/\/pc.sc.gov.br\/index.php?rest_route=\/wp\/v2\/posts"}],"about":[{"href":"https:\/\/pc.sc.gov.br\/index.php?rest_route=\/wp\/v2\/types\/post"}],"author":[{"embeddable":true,"href":"https:\/\/pc.sc.gov.br\/index.php?rest_route=\/wp\/v2\/users\/5"}],"replies":[{"embeddable":true,"href":"https:\/\/pc.sc.gov.br\/index.php?rest_route=%2Fwp%2Fv2%2Fcomments&post=28716"}],"version-history":[{"count":4,"href":"https:\/\/pc.sc.gov.br\/index.php?rest_route=\/wp\/v2\/posts\/28716\/revisions"}],"predecessor-version":[{"id":28721,"href":"https:\/\/pc.sc.gov.br\/index.php?rest_route=\/wp\/v2\/posts\/28716\/revisions\/28721"}],"wp:featuredmedia":[{"embeddable":true,"href":"https:\/\/pc.sc.gov.br\/index.php?rest_route=\/wp\/v2\/media\/28717"}],"wp:attachment":[{"href":"https:\/\/pc.sc.gov.br\/index.php?rest_route=%2Fwp%2Fv2%2Fmedia&parent=28716"}],"wp:term":[{"taxonomy":"category","embeddable":true,"href":"https:\/\/pc.sc.gov.br\/index.php?rest_route=%2Fwp%2Fv2%2Fcategories&post=28716"},{"taxonomy":"post_tag","embeddable":true,"href":"https:\/\/pc.sc.gov.br\/index.php?rest_route=%2Fwp%2Fv2%2Ftags&post=28716"}],"curies":[{"name":"wp","href":"https:\/\/api.w.org\/{rel}","templated":true}]}}