{"id":2872,"date":"2022-12-20T11:08:19","date_gmt":"2022-12-20T14:08:19","guid":{"rendered":"https:\/\/pc.sc.gov.br\/?p=2872"},"modified":"2022-12-20T11:10:55","modified_gmt":"2022-12-20T14:10:55","slug":"policia-civil-efetua-prisoes-em-combate-a-furtos-de-cargas-em-sc","status":"publish","type":"post","link":"https:\/\/pc.sc.gov.br\/?p=2872","title":{"rendered":"Pol\u00edcia Civil efetua pris\u00f5es em combate a furtos de cargas em SC"},"content":{"rendered":"\t\t<div data-elementor-type=\"wp-post\" data-elementor-id=\"2872\" class=\"elementor elementor-2872\" data-elementor-post-type=\"post\">\n\t\t\t\t\t\t<section class=\"elementor-section elementor-top-section elementor-element elementor-element-c8ddebb elementor-section-boxed elementor-section-height-default elementor-section-height-default\" data-id=\"c8ddebb\" data-element_type=\"section\">\n\t\t\t\t\t\t<div class=\"elementor-container elementor-column-gap-default\">\n\t\t\t\t\t<div class=\"elementor-column elementor-col-100 elementor-top-column elementor-element elementor-element-0fb0e7b\" data-id=\"0fb0e7b\" data-element_type=\"column\">\n\t\t\t<div class=\"elementor-widget-wrap elementor-element-populated\">\n\t\t\t\t\t\t<div class=\"elementor-element elementor-element-70ae66f elementor-widget elementor-widget-heading\" data-id=\"70ae66f\" data-element_type=\"widget\" data-widget_type=\"heading.default\">\n\t\t\t\t<div class=\"elementor-widget-container\">\n\t\t\t\t\t<h2 class=\"elementor-heading-title elementor-size-default\">Pol\u00edcia Civil efetua pris\u00f5es em combate a furtos de cargas em SC<\/h2>\t\t\t\t<\/div>\n\t\t\t\t<\/div>\n\t\t\t\t\t<\/div>\n\t\t<\/div>\n\t\t\t\t\t<\/div>\n\t\t<\/section>\n\t\t\t\t<section class=\"elementor-section elementor-top-section elementor-element elementor-element-2e3d661 elementor-section-boxed elementor-section-height-default elementor-section-height-default\" data-id=\"2e3d661\" data-element_type=\"section\">\n\t\t\t\t\t\t<div class=\"elementor-container elementor-column-gap-default\">\n\t\t\t\t\t<div class=\"elementor-column elementor-col-100 elementor-top-column elementor-element elementor-element-3a20228\" data-id=\"3a20228\" data-element_type=\"column\">\n\t\t\t<div class=\"elementor-widget-wrap elementor-element-populated\">\n\t\t\t\t\t\t<div class=\"elementor-element elementor-element-032bf03 elementor-widget elementor-widget-image\" data-id=\"032bf03\" data-element_type=\"widget\" data-widget_type=\"image.default\">\n\t\t\t\t<div class=\"elementor-widget-container\">\n\t\t\t\t\t\t\t\t\t\t\t\t\t\t\t<img fetchpriority=\"high\" decoding=\"async\" width=\"696\" height=\"521\" src=\"https:\/\/pc.sc.gov.br\/\/wp-content\/uploads\/2022\/12\/WhatsApp-Image-2022-12-20-at-11.07.13-1-1024x767.jpeg\" class=\"attachment-large size-large wp-image-2874\" alt=\"deic\" srcset=\"https:\/\/pc.sc.gov.br\/\/wp-content\/uploads\/2022\/12\/WhatsApp-Image-2022-12-20-at-11.07.13-1-1024x767.jpeg 1024w, https:\/\/pc.sc.gov.br\/\/wp-content\/uploads\/2022\/12\/WhatsApp-Image-2022-12-20-at-11.07.13-1-300x225.jpeg 300w, https:\/\/pc.sc.gov.br\/\/wp-content\/uploads\/2022\/12\/WhatsApp-Image-2022-12-20-at-11.07.13-1-768x575.jpeg 768w, https:\/\/pc.sc.gov.br\/\/wp-content\/uploads\/2022\/12\/WhatsApp-Image-2022-12-20-at-11.07.13-1.jpeg 1280w\" sizes=\"(max-width: 696px) 100vw, 696px\" \/>\t\t\t\t\t\t\t\t\t\t\t\t\t\t\t<\/div>\n\t\t\t\t<\/div>\n\t\t\t\t<div class=\"elementor-element elementor-element-aae0d3a elementor-widget elementor-widget-text-editor\" data-id=\"aae0d3a\" data-element_type=\"widget\" data-widget_type=\"text-editor.default\">\n\t\t\t\t<div class=\"elementor-widget-container\">\n\t\t\t\t\t\t\t\t\t<p>A Pol\u00edcia Civil, por meio da Delegacia de Furtos e Roubos de Cargas (DFRC) da Diretoria Estadual de Investiga\u00e7\u00f5es Criminais (DEIC\/PCSC), deflagrou uma opera\u00e7\u00e3o de combate a furtos e roubos de cargas em Barra Velha e em Balne\u00e1rio Pi\u00e7arras, na segunda-feira (19).<\/p><p>No dia 08\/11\/2022, a equipe da DFRC\/DEIC, recuperou em Barra Velha 25 toneladas de sulfato de lisina avaliada em R$ 180.000,00. A carga foi subtra\u00edda na cidade de Navegantes no dia 23\/10\/2022. As investiga\u00e7\u00f5es continuaram no sentido de identificar e responsabilizar criminalmente os envolvidos na subtra\u00e7\u00e3o da carga.<\/p><p>Foi ent\u00e3o comprovado que o motorista respons\u00e1vel pelo transporte da carga fazia parte do grupo criminoso, e nos 23 e 24 de outubro subtraiu duas cargas de fertilizantes. A Pol\u00edcia Civil identificou ainda a participa\u00e7\u00e3o dos indiciados em outros dois furtos de cargas, todas de fertilizantes. Para ocultar as pr\u00e1ticas criminosas, o l\u00edder do grupo criminoso, preso na opera\u00e7\u00e3o, registrava Boletins de Ocorr\u00eancia comunicando falsamente os furtos da carga.<\/p><p>Os integrantes do grupo criminoso \u2013 dos quais oito foram identificados at\u00e9 o momento, contra os quais foram decretadas a pris\u00f5es \u2013 ainda se utilizavam de documentos falsos para ocultar a propriedade dos caminh\u00f5es utilizados nos crimes, inclusive utilizando caminh\u00f5es clonados para as pr\u00e1ticas criminosas.<\/p><p>Na segunda-feira (19), foram cumpridos quatro mandados de pris\u00e3o e oito mandados de busca e apreens\u00e3o, sendo apreendido material que ser\u00e1 analisado pela equipe de investiga\u00e7\u00e3o da DFRC\/DEIC.<\/p><div>\u00a0<\/div>\t\t\t\t\t\t\t\t<\/div>\n\t\t\t\t<\/div>\n\t\t\t\t\t<\/div>\n\t\t<\/div>\n\t\t\t\t\t<\/div>\n\t\t<\/section>\n\t\t\t\t<\/div>\n\t\t","protected":false},"excerpt":{"rendered":"<p>Pol\u00edcia Civil efetua pris\u00f5es em combate a furtos de cargas em SC A Pol\u00edcia Civil, por meio da Delegacia de Furtos e Roubos de Cargas (DFRC) da Diretoria Estadual de Investiga\u00e7\u00f5es Criminais (DEIC\/PCSC), deflagrou uma opera\u00e7\u00e3o de combate a furtos e roubos de cargas em Barra Velha e em Balne\u00e1rio Pi\u00e7arras, na segunda-feira (19). No [&hellip;]<\/p>\n","protected":false},"author":10,"featured_media":2874,"comment_status":"closed","ping_status":"open","sticky":false,"template":"","format":"standard","meta":{"_monsterinsights_skip_tracking":false,"_monsterinsights_sitenote_active":false,"_monsterinsights_sitenote_note":"","_monsterinsights_sitenote_category":0,"footnotes":""},"categories":[1],"tags":[],"class_list":["post-2872","post","type-post","status-publish","format-standard","has-post-thumbnail","hentry","category-sem-categoria"],"_links":{"self":[{"href":"https:\/\/pc.sc.gov.br\/index.php?rest_route=\/wp\/v2\/posts\/2872","targetHints":{"allow":["GET"]}}],"collection":[{"href":"https:\/\/pc.sc.gov.br\/index.php?rest_route=\/wp\/v2\/posts"}],"about":[{"href":"https:\/\/pc.sc.gov.br\/index.php?rest_route=\/wp\/v2\/types\/post"}],"author":[{"embeddable":true,"href":"https:\/\/pc.sc.gov.br\/index.php?rest_route=\/wp\/v2\/users\/10"}],"replies":[{"embeddable":true,"href":"https:\/\/pc.sc.gov.br\/index.php?rest_route=%2Fwp%2Fv2%2Fcomments&post=2872"}],"version-history":[{"count":4,"href":"https:\/\/pc.sc.gov.br\/index.php?rest_route=\/wp\/v2\/posts\/2872\/revisions"}],"predecessor-version":[{"id":2878,"href":"https:\/\/pc.sc.gov.br\/index.php?rest_route=\/wp\/v2\/posts\/2872\/revisions\/2878"}],"wp:featuredmedia":[{"embeddable":true,"href":"https:\/\/pc.sc.gov.br\/index.php?rest_route=\/wp\/v2\/media\/2874"}],"wp:attachment":[{"href":"https:\/\/pc.sc.gov.br\/index.php?rest_route=%2Fwp%2Fv2%2Fmedia&parent=2872"}],"wp:term":[{"taxonomy":"category","embeddable":true,"href":"https:\/\/pc.sc.gov.br\/index.php?rest_route=%2Fwp%2Fv2%2Fcategories&post=2872"},{"taxonomy":"post_tag","embeddable":true,"href":"https:\/\/pc.sc.gov.br\/index.php?rest_route=%2Fwp%2Fv2%2Ftags&post=2872"}],"curies":[{"name":"wp","href":"https:\/\/api.w.org\/{rel}","templated":true}]}}