{"id":28722,"date":"2025-05-14T14:38:01","date_gmt":"2025-05-14T17:38:01","guid":{"rendered":"https:\/\/pc.sc.gov.br\/?p=28722"},"modified":"2025-05-14T14:39:38","modified_gmt":"2025-05-14T17:39:38","slug":"dh-da-capital-localiza-corpo-nas-dunas-da-comunidade-do-siri-no-norte-da-ilha","status":"publish","type":"post","link":"https:\/\/pc.sc.gov.br\/?p=28722","title":{"rendered":"DH da Capital localiza corpo nas dunas da comunidade do Siri, no norte da Ilha"},"content":{"rendered":"<style>\/*! elementor - v3.7.8 - 02-10-2022 *\/\n.elementor-heading-title{padding:0;margin:0;line-height:1}.elementor-widget-heading .elementor-heading-title[class*=elementor-size-]>a{color:inherit;font-size:inherit;line-height:inherit}.elementor-widget-heading .elementor-heading-title.elementor-size-small{font-size:15px}.elementor-widget-heading .elementor-heading-title.elementor-size-medium{font-size:19px}.elementor-widget-heading .elementor-heading-title.elementor-size-large{font-size:29px}.elementor-widget-heading .elementor-heading-title.elementor-size-xl{font-size:39px}.elementor-widget-heading .elementor-heading-title.elementor-size-xxl{font-size:59px}<\/style>\n<h2>DH da Capital localiza corpo nas dunas da comunidade do Siri, no norte da Ilha<\/h2>\n<style>\/*! elementor - v3.7.8 - 02-10-2022 *\/\n.elementor-widget-image{text-align:center}.elementor-widget-image a{display:inline-block}.elementor-widget-image a img[src$=\".svg\"]{width:48px}.elementor-widget-image img{vertical-align:middle;display:inline-block}<\/style>\n<p>\t\t\t\t\t\t\t\t\t\t\t\t<img loading=\"lazy\" decoding=\"async\" width=\"696\" height=\"522\" src=\"https:\/\/pc.sc.gov.br\/wp-content\/uploads\/2025\/05\/WhatsApp-Image-2025-05-13-at-19.04.45-1024x768.jpeg\" alt=\"\" loading=\"lazy\" srcset=\"https:\/\/pc.sc.gov.br\/wp-content\/uploads\/2025\/05\/WhatsApp-Image-2025-05-13-at-19.04.45-1024x768.jpeg 1024w, https:\/\/pc.sc.gov.br\/wp-content\/uploads\/2025\/05\/WhatsApp-Image-2025-05-13-at-19.04.45-300x225.jpeg 300w, https:\/\/pc.sc.gov.br\/wp-content\/uploads\/2025\/05\/WhatsApp-Image-2025-05-13-at-19.04.45-768x576.jpeg 768w, https:\/\/pc.sc.gov.br\/wp-content\/uploads\/2025\/05\/WhatsApp-Image-2025-05-13-at-19.04.45.jpeg 1280w\" sizes=\"auto, (max-width: 696px) 100vw, 696px\" \/>\t\t\t\t\t\t\t\t\t\t\t\t\t\t\t<\/p>\n<p>A Pol\u00edcia Civil do Estado de Santa Catarina, por meio da Delegacia de Homic\u00eddios da Capital (DHCAP\/DIC), em opera\u00e7\u00e3o conjunta com a Pol\u00edcia Cient\u00edfica, Pol\u00edcia Militar, Prefeitura Municipal de Florian\u00f3polis e Acadepol, realizou nesta ter\u00e7a-feira (13\/05\/25), buscas nas dunas da comunidade do Siri, norte da Ilha, que resultou no encontro de um cad\u00e1ver que estava enterrado naquela regi\u00e3o.\u00a0<\/p>\n<p>De acordo com informa\u00e7\u00f5es obtidas durante investiga\u00e7\u00f5es realizadas pela DHCap, a suspeita \u00e9 de a v\u00edtima foi executada a tiros naquele local no ano de 2023. A localiza\u00e7\u00e3o do cad\u00e1ver s\u00f3 foi poss\u00edvel com a utiliza\u00e7\u00e3o de uma m\u00e1quina retroescavadeira cedida pela Prefeitura da Capital. Ap\u00f3s a realiza\u00e7\u00e3o dos trabalhos periciais no local, foi providenciada a remo\u00e7\u00e3o dos restos mortais da v\u00edtima para o IML da Capital. As investiga\u00e7\u00f5es prosseguem.<\/p>\n","protected":false},"excerpt":{"rendered":"<p>DH da Capital localiza corpo nas dunas da comunidade do Siri, no norte da Ilha A Pol\u00edcia Civil do Estado de Santa Catarina, por meio da Delegacia de Homic\u00eddios da Capital (DHCAP\/DIC), em opera\u00e7\u00e3o conjunta com a Pol\u00edcia Cient\u00edfica, Pol\u00edcia Militar, Prefeitura Municipal de Florian\u00f3polis e Acadepol, realizou nesta ter\u00e7a-feira (13\/05\/25), buscas nas dunas da [&hellip;]<\/p>\n","protected":false},"author":5,"featured_media":28723,"comment_status":"closed","ping_status":"open","sticky":false,"template":"","format":"standard","meta":{"_monsterinsights_skip_tracking":false,"_monsterinsights_sitenote_active":false,"_monsterinsights_sitenote_note":"","_monsterinsights_sitenote_category":0,"footnotes":""},"categories":[1],"tags":[],"class_list":["post-28722","post","type-post","status-publish","format-standard","has-post-thumbnail","hentry","category-sem-categoria"],"_links":{"self":[{"href":"https:\/\/pc.sc.gov.br\/index.php?rest_route=\/wp\/v2\/posts\/28722","targetHints":{"allow":["GET"]}}],"collection":[{"href":"https:\/\/pc.sc.gov.br\/index.php?rest_route=\/wp\/v2\/posts"}],"about":[{"href":"https:\/\/pc.sc.gov.br\/index.php?rest_route=\/wp\/v2\/types\/post"}],"author":[{"embeddable":true,"href":"https:\/\/pc.sc.gov.br\/index.php?rest_route=\/wp\/v2\/users\/5"}],"replies":[{"embeddable":true,"href":"https:\/\/pc.sc.gov.br\/index.php?rest_route=%2Fwp%2Fv2%2Fcomments&post=28722"}],"version-history":[{"count":4,"href":"https:\/\/pc.sc.gov.br\/index.php?rest_route=\/wp\/v2\/posts\/28722\/revisions"}],"predecessor-version":[{"id":28727,"href":"https:\/\/pc.sc.gov.br\/index.php?rest_route=\/wp\/v2\/posts\/28722\/revisions\/28727"}],"wp:featuredmedia":[{"embeddable":true,"href":"https:\/\/pc.sc.gov.br\/index.php?rest_route=\/wp\/v2\/media\/28723"}],"wp:attachment":[{"href":"https:\/\/pc.sc.gov.br\/index.php?rest_route=%2Fwp%2Fv2%2Fmedia&parent=28722"}],"wp:term":[{"taxonomy":"category","embeddable":true,"href":"https:\/\/pc.sc.gov.br\/index.php?rest_route=%2Fwp%2Fv2%2Fcategories&post=28722"},{"taxonomy":"post_tag","embeddable":true,"href":"https:\/\/pc.sc.gov.br\/index.php?rest_route=%2Fwp%2Fv2%2Ftags&post=28722"}],"curies":[{"name":"wp","href":"https:\/\/api.w.org\/{rel}","templated":true}]}}