{"id":28731,"date":"2025-05-14T15:10:30","date_gmt":"2025-05-14T18:10:30","guid":{"rendered":"https:\/\/pc.sc.gov.br\/?p=28731"},"modified":"2025-05-14T15:11:18","modified_gmt":"2025-05-14T18:11:18","slug":"em-brusque-pcsc-prende-homem-por-armazenamento-e-comercializacao-de-pornografia-infantil","status":"publish","type":"post","link":"https:\/\/pc.sc.gov.br\/?p=28731","title":{"rendered":"Em Brusque, PCSC prende homem por armazenamento e comercializa\u00e7\u00e3o de pornografia infantil"},"content":{"rendered":"\t\t<div data-elementor-type=\"wp-post\" data-elementor-id=\"28731\" class=\"elementor elementor-28731\" data-elementor-post-type=\"post\">\n\t\t\t\t\t\t<section class=\"elementor-section elementor-top-section elementor-element elementor-element-434cb57 elementor-section-boxed elementor-section-height-default elementor-section-height-default\" data-id=\"434cb57\" data-element_type=\"section\">\n\t\t\t\t\t\t<div class=\"elementor-container elementor-column-gap-default\">\n\t\t\t\t\t<div class=\"elementor-column elementor-col-100 elementor-top-column elementor-element elementor-element-a9bb36e\" data-id=\"a9bb36e\" data-element_type=\"column\">\n\t\t\t<div class=\"elementor-widget-wrap elementor-element-populated\">\n\t\t\t\t\t\t<div class=\"elementor-element elementor-element-a416749 elementor-widget elementor-widget-heading\" data-id=\"a416749\" data-element_type=\"widget\" data-widget_type=\"heading.default\">\n\t\t\t\t<div class=\"elementor-widget-container\">\n\t\t\t\t\t<h2 class=\"elementor-heading-title elementor-size-default\">Em Brusque, PCSC prende homem por armazenamento e comercializa\u00e7\u00e3o de pornografia infantil<\/h2>\t\t\t\t<\/div>\n\t\t\t\t<\/div>\n\t\t\t\t\t<\/div>\n\t\t<\/div>\n\t\t\t\t\t<\/div>\n\t\t<\/section>\n\t\t\t\t<section class=\"elementor-section elementor-top-section elementor-element elementor-element-34f3849 elementor-section-boxed elementor-section-height-default elementor-section-height-default\" data-id=\"34f3849\" data-element_type=\"section\">\n\t\t\t\t\t\t<div class=\"elementor-container elementor-column-gap-default\">\n\t\t\t\t\t<div class=\"elementor-column elementor-col-100 elementor-top-column elementor-element elementor-element-f835e22\" data-id=\"f835e22\" data-element_type=\"column\">\n\t\t\t<div class=\"elementor-widget-wrap elementor-element-populated\">\n\t\t\t\t\t\t<div class=\"elementor-element elementor-element-1994535 elementor-widget elementor-widget-image\" data-id=\"1994535\" data-element_type=\"widget\" data-widget_type=\"image.default\">\n\t\t\t\t<div class=\"elementor-widget-container\">\n\t\t\t\t\t\t\t\t\t\t\t\t\t\t\t<img fetchpriority=\"high\" decoding=\"async\" width=\"696\" height=\"640\" src=\"https:\/\/pc.sc.gov.br\/\/wp-content\/uploads\/2025\/05\/WhatsApp-Image-2025-05-13-at-19.23.31-1024x941.jpeg\" class=\"attachment-large size-large wp-image-28732\" alt=\"\" srcset=\"https:\/\/pc.sc.gov.br\/\/wp-content\/uploads\/2025\/05\/WhatsApp-Image-2025-05-13-at-19.23.31-1024x941.jpeg 1024w, https:\/\/pc.sc.gov.br\/\/wp-content\/uploads\/2025\/05\/WhatsApp-Image-2025-05-13-at-19.23.31-300x276.jpeg 300w, https:\/\/pc.sc.gov.br\/\/wp-content\/uploads\/2025\/05\/WhatsApp-Image-2025-05-13-at-19.23.31-768x706.jpeg 768w, https:\/\/pc.sc.gov.br\/\/wp-content\/uploads\/2025\/05\/WhatsApp-Image-2025-05-13-at-19.23.31.jpeg 1280w\" sizes=\"(max-width: 696px) 100vw, 696px\" \/>\t\t\t\t\t\t\t\t\t\t\t\t\t\t\t<\/div>\n\t\t\t\t<\/div>\n\t\t\t\t\t<\/div>\n\t\t<\/div>\n\t\t\t\t\t<\/div>\n\t\t<\/section>\n\t\t\t\t<section class=\"elementor-section elementor-top-section elementor-element elementor-element-9c003fd elementor-section-boxed elementor-section-height-default elementor-section-height-default\" data-id=\"9c003fd\" data-element_type=\"section\">\n\t\t\t\t\t\t<div class=\"elementor-container elementor-column-gap-default\">\n\t\t\t\t\t<div class=\"elementor-column elementor-col-100 elementor-top-column elementor-element elementor-element-eee549f\" data-id=\"eee549f\" data-element_type=\"column\">\n\t\t\t<div class=\"elementor-widget-wrap elementor-element-populated\">\n\t\t\t\t\t\t<div class=\"elementor-element elementor-element-2115309 elementor-widget elementor-widget-text-editor\" data-id=\"2115309\" data-element_type=\"widget\" data-widget_type=\"text-editor.default\">\n\t\t\t\t<div class=\"elementor-widget-container\">\n\t\t\t\t\t\t\t\t\t<p>A Pol\u00edcia Civil de Santa Catarina, por meio da Delegacia de Prote\u00e7\u00e3o \u00e0 Crian\u00e7a, Adolescente, Mulher e Idoso (DPCAMI) de Brusque, com o apoio da DIC Brusque, prendeu em flagrante, na ter\u00e7a-feira (13), um homem por armazenamento e comercializa\u00e7\u00e3o de pornografia infanto-juvenil.<\/p><p>A investiga\u00e7\u00e3o teve in\u00edcio ap\u00f3s den\u00fancia encaminhada por uma plataforma de intermedia\u00e7\u00e3o de pagamentos, que identificou a venda de conte\u00fado ilegal envolvendo menores de idade, bloqueou a conta do suspeito, registrando um Boletim de Ocorr\u00eancia na Delegacia Eletr\u00f4nica de S\u00e3o Paulo, que foi repassado \u00e0 DPCAMI de Brusque.<\/p><p>Com base nas provas coletadas, a Autoridade Policial representou pela expedi\u00e7\u00e3o de mandado de busca e apreens\u00e3o, na resid\u00eancia do investigado, localizada no Bairro Dom Joaquim, tendo o Minist\u00e9rio P\u00fablico de pronto manifestado pelo deferimento e o Poder Judici\u00e1rio decretado.\u00a0<\/p><p>Durante a a\u00e7\u00e3o, foram apreendidos um notebook, celular, HD externo, pen drives e uma CPU. Uma an\u00e1lise preliminar realizada no local pelos peritos da Pol\u00edcia Cient\u00edfica confirmou a presen\u00e7a de v\u00eddeos e imagens de explora\u00e7\u00e3o sexual de crian\u00e7as e adolescentes nos dispositivos.<\/p><p>Ap\u00f3s a lavratura do procedimento o preso foi encaminhado para o Pres\u00eddio de Brusque, onde permanece \u00e0 disposi\u00e7\u00e3o do Poder Judici\u00e1rio.<\/p><p>A DPCAMI de Brusque refor\u00e7a a import\u00e2ncia de monitorar o uso da internet por crian\u00e7as e adolescentes, bem como denunciar qualquer suspeita de explora\u00e7\u00e3o sexual infantojuvenil.<\/p><p>Colabore voc\u00ea tamb\u00e9m com a seguran\u00e7a de nossas crian\u00e7as e adolescentes, denuncie, disque 181, acesse o site denuncias.pc.sc.gov.br ou no WhatsApp (48)98844-0011, sua identidade ser\u00e1 mantida em sigilo.<\/p>\t\t\t\t\t\t\t\t<\/div>\n\t\t\t\t<\/div>\n\t\t\t\t\t<\/div>\n\t\t<\/div>\n\t\t\t\t\t<\/div>\n\t\t<\/section>\n\t\t\t\t<\/div>\n\t\t","protected":false},"excerpt":{"rendered":"<p>Em Brusque, PCSC prende homem por armazenamento e comercializa\u00e7\u00e3o de pornografia infantil A Pol\u00edcia Civil de Santa Catarina, por meio da Delegacia de Prote\u00e7\u00e3o \u00e0 Crian\u00e7a, Adolescente, Mulher e Idoso (DPCAMI) de Brusque, com o apoio da DIC Brusque, prendeu em flagrante, na ter\u00e7a-feira (13), um homem por armazenamento e comercializa\u00e7\u00e3o de pornografia infanto-juvenil. A [&hellip;]<\/p>\n","protected":false},"author":5,"featured_media":28732,"comment_status":"closed","ping_status":"open","sticky":false,"template":"","format":"standard","meta":{"_monsterinsights_skip_tracking":false,"_monsterinsights_sitenote_active":false,"_monsterinsights_sitenote_note":"","_monsterinsights_sitenote_category":0,"footnotes":""},"categories":[1],"tags":[],"class_list":["post-28731","post","type-post","status-publish","format-standard","has-post-thumbnail","hentry","category-sem-categoria"],"_links":{"self":[{"href":"https:\/\/pc.sc.gov.br\/index.php?rest_route=\/wp\/v2\/posts\/28731","targetHints":{"allow":["GET"]}}],"collection":[{"href":"https:\/\/pc.sc.gov.br\/index.php?rest_route=\/wp\/v2\/posts"}],"about":[{"href":"https:\/\/pc.sc.gov.br\/index.php?rest_route=\/wp\/v2\/types\/post"}],"author":[{"embeddable":true,"href":"https:\/\/pc.sc.gov.br\/index.php?rest_route=\/wp\/v2\/users\/5"}],"replies":[{"embeddable":true,"href":"https:\/\/pc.sc.gov.br\/index.php?rest_route=%2Fwp%2Fv2%2Fcomments&post=28731"}],"version-history":[{"count":4,"href":"https:\/\/pc.sc.gov.br\/index.php?rest_route=\/wp\/v2\/posts\/28731\/revisions"}],"predecessor-version":[{"id":28736,"href":"https:\/\/pc.sc.gov.br\/index.php?rest_route=\/wp\/v2\/posts\/28731\/revisions\/28736"}],"wp:featuredmedia":[{"embeddable":true,"href":"https:\/\/pc.sc.gov.br\/index.php?rest_route=\/wp\/v2\/media\/28732"}],"wp:attachment":[{"href":"https:\/\/pc.sc.gov.br\/index.php?rest_route=%2Fwp%2Fv2%2Fmedia&parent=28731"}],"wp:term":[{"taxonomy":"category","embeddable":true,"href":"https:\/\/pc.sc.gov.br\/index.php?rest_route=%2Fwp%2Fv2%2Fcategories&post=28731"},{"taxonomy":"post_tag","embeddable":true,"href":"https:\/\/pc.sc.gov.br\/index.php?rest_route=%2Fwp%2Fv2%2Ftags&post=28731"}],"curies":[{"name":"wp","href":"https:\/\/api.w.org\/{rel}","templated":true}]}}