{"id":28742,"date":"2025-05-14T16:01:33","date_gmt":"2025-05-14T19:01:33","guid":{"rendered":"https:\/\/pc.sc.gov.br\/?p=28742"},"modified":"2025-05-14T16:02:33","modified_gmt":"2025-05-14T19:02:33","slug":"pcsc-prende-dois-investigados-por-trafico-de-drogas-em-otacilio-costa","status":"publish","type":"post","link":"https:\/\/pc.sc.gov.br\/?p=28742","title":{"rendered":"PCSC prende dois investigados por tr\u00e1fico de drogas em Otac\u00edlio Costa"},"content":{"rendered":"\t\t<div data-elementor-type=\"wp-post\" data-elementor-id=\"28742\" class=\"elementor elementor-28742\" data-elementor-post-type=\"post\">\n\t\t\t\t\t\t<section class=\"elementor-section elementor-top-section elementor-element elementor-element-7a3ded1 elementor-section-boxed elementor-section-height-default elementor-section-height-default\" data-id=\"7a3ded1\" data-element_type=\"section\">\n\t\t\t\t\t\t<div class=\"elementor-container elementor-column-gap-default\">\n\t\t\t\t\t<div class=\"elementor-column elementor-col-100 elementor-top-column elementor-element elementor-element-5e81334\" data-id=\"5e81334\" data-element_type=\"column\">\n\t\t\t<div class=\"elementor-widget-wrap elementor-element-populated\">\n\t\t\t\t\t\t<div class=\"elementor-element elementor-element-310ac7e elementor-widget elementor-widget-heading\" data-id=\"310ac7e\" data-element_type=\"widget\" data-widget_type=\"heading.default\">\n\t\t\t\t<div class=\"elementor-widget-container\">\n\t\t\t\t\t<h2 class=\"elementor-heading-title elementor-size-default\">PCSC prende dois investigados por tr\u00e1fico de drogas em Otac\u00edlio Costa<\/h2>\t\t\t\t<\/div>\n\t\t\t\t<\/div>\n\t\t\t\t\t<\/div>\n\t\t<\/div>\n\t\t\t\t\t<\/div>\n\t\t<\/section>\n\t\t\t\t<section class=\"elementor-section elementor-top-section elementor-element elementor-element-3eb332f elementor-section-boxed elementor-section-height-default elementor-section-height-default\" data-id=\"3eb332f\" data-element_type=\"section\">\n\t\t\t\t\t\t<div class=\"elementor-container elementor-column-gap-default\">\n\t\t\t\t\t<div class=\"elementor-column elementor-col-100 elementor-top-column elementor-element elementor-element-b9a7f7e\" data-id=\"b9a7f7e\" data-element_type=\"column\">\n\t\t\t<div class=\"elementor-widget-wrap elementor-element-populated\">\n\t\t\t\t\t\t<div class=\"elementor-element elementor-element-9795118 elementor-widget elementor-widget-image\" data-id=\"9795118\" data-element_type=\"widget\" data-widget_type=\"image.default\">\n\t\t\t\t<div class=\"elementor-widget-container\">\n\t\t\t\t\t\t\t\t\t\t\t\t\t\t\t<img fetchpriority=\"high\" decoding=\"async\" width=\"696\" height=\"626\" src=\"https:\/\/pc.sc.gov.br\/\/wp-content\/uploads\/2025\/05\/52ea2db5-8f0c-4e96-b9f2-117b26a314d3-fotor-20250514154458-1024x921.jpg\" class=\"attachment-large size-large wp-image-28738\" alt=\"\" srcset=\"https:\/\/pc.sc.gov.br\/\/wp-content\/uploads\/2025\/05\/52ea2db5-8f0c-4e96-b9f2-117b26a314d3-fotor-20250514154458-1024x921.jpg 1024w, https:\/\/pc.sc.gov.br\/\/wp-content\/uploads\/2025\/05\/52ea2db5-8f0c-4e96-b9f2-117b26a314d3-fotor-20250514154458-300x270.jpg 300w, https:\/\/pc.sc.gov.br\/\/wp-content\/uploads\/2025\/05\/52ea2db5-8f0c-4e96-b9f2-117b26a314d3-fotor-20250514154458-768x691.jpg 768w, https:\/\/pc.sc.gov.br\/\/wp-content\/uploads\/2025\/05\/52ea2db5-8f0c-4e96-b9f2-117b26a314d3-fotor-20250514154458.jpg 1200w\" sizes=\"(max-width: 696px) 100vw, 696px\" \/>\t\t\t\t\t\t\t\t\t\t\t\t\t\t\t<\/div>\n\t\t\t\t<\/div>\n\t\t\t\t\t<\/div>\n\t\t<\/div>\n\t\t\t\t\t<\/div>\n\t\t<\/section>\n\t\t\t\t<section class=\"elementor-section elementor-top-section elementor-element elementor-element-923294e elementor-section-boxed elementor-section-height-default elementor-section-height-default\" data-id=\"923294e\" data-element_type=\"section\">\n\t\t\t\t\t\t<div class=\"elementor-container elementor-column-gap-default\">\n\t\t\t\t\t<div class=\"elementor-column elementor-col-100 elementor-top-column elementor-element elementor-element-b67336c\" data-id=\"b67336c\" data-element_type=\"column\">\n\t\t\t<div class=\"elementor-widget-wrap elementor-element-populated\">\n\t\t\t\t\t\t<div class=\"elementor-element elementor-element-0232917 elementor-widget elementor-widget-text-editor\" data-id=\"0232917\" data-element_type=\"widget\" data-widget_type=\"text-editor.default\">\n\t\t\t\t<div class=\"elementor-widget-container\">\n\t\t\t\t\t\t\t\t\t<p>A Pol\u00edcia Civil de Santa Catarina, por meio da Delegacia de Pol\u00edcia da Comarca de Otac\u00edlio Costa deflagrou opera\u00e7\u00e3o policial de repress\u00e3o ao trafico de drogas no munic\u00edpio. Como resultado duas pessoas foram presas. A opera\u00e7\u00e3o contou com o apoio de policiais da DPMu de Palmeira, Policia Militar de Otac\u00edlio Costa e Canil do 6 \u00baBPM.<\/p><p>No dia 8 de maio, a equipe da DPCo de Otac\u00edlio Costa cumpriu mandado de busca e apreens\u00e3o em uma resid\u00eancia, no bairro Bem Morar. No local foi apreendido material destinado ao tr\u00e1fico e entorpecentes diversos como maconha, crack e coca\u00edna. Ao avistar os policiais, o alvo da opera\u00e7\u00e3o se evadiu no local.<\/p><p>A autoridade policial representou pela pris\u00e3o preventiva do suspeito e, nesta ter\u00e7a-feira (13) foi realizada a captura do suspeito fugitivo, no bairro Novo Mundo e nas dilig\u00eancias realizadas foi encontrado mais drogas em posse de um segundo indiv\u00edduo, tamb\u00e9m investigado por trafico de drogas.\u00a0<\/p><p>Ap\u00f3s os tr\u00e2mites legais, os dois investigados presos em flagrante foram conduzidos ao Pres\u00eddio Masculino de Lages.\u00a0<\/p><p>Ainda, na cidade da Palmeira tamb\u00e9m foram apreendidas drogas, arma e outros apetrechos para o tr\u00e1fico de drogas, na \u00faltima sexta-feira (9). Nessa dilig\u00eancia, o NOC8 Lages\/SC prestou apoio bem como a Pol\u00edcia Militar da Palmeira.\u00a0<\/p>\t\t\t\t\t\t\t\t<\/div>\n\t\t\t\t<\/div>\n\t\t\t\t\t<\/div>\n\t\t<\/div>\n\t\t\t\t\t<\/div>\n\t\t<\/section>\n\t\t\t\t<\/div>\n\t\t","protected":false},"excerpt":{"rendered":"<p>PCSC prende dois investigados por tr\u00e1fico de drogas em Otac\u00edlio Costa A Pol\u00edcia Civil de Santa Catarina, por meio da Delegacia de Pol\u00edcia da Comarca de Otac\u00edlio Costa deflagrou opera\u00e7\u00e3o policial de repress\u00e3o ao trafico de drogas no munic\u00edpio. Como resultado duas pessoas foram presas. A opera\u00e7\u00e3o contou com o apoio de policiais da DPMu [&hellip;]<\/p>\n","protected":false},"author":5,"featured_media":28738,"comment_status":"closed","ping_status":"open","sticky":false,"template":"","format":"standard","meta":{"_monsterinsights_skip_tracking":false,"_monsterinsights_sitenote_active":false,"_monsterinsights_sitenote_note":"","_monsterinsights_sitenote_category":0,"footnotes":""},"categories":[1],"tags":[],"class_list":["post-28742","post","type-post","status-publish","format-standard","has-post-thumbnail","hentry","category-sem-categoria"],"_links":{"self":[{"href":"https:\/\/pc.sc.gov.br\/index.php?rest_route=\/wp\/v2\/posts\/28742","targetHints":{"allow":["GET"]}}],"collection":[{"href":"https:\/\/pc.sc.gov.br\/index.php?rest_route=\/wp\/v2\/posts"}],"about":[{"href":"https:\/\/pc.sc.gov.br\/index.php?rest_route=\/wp\/v2\/types\/post"}],"author":[{"embeddable":true,"href":"https:\/\/pc.sc.gov.br\/index.php?rest_route=\/wp\/v2\/users\/5"}],"replies":[{"embeddable":true,"href":"https:\/\/pc.sc.gov.br\/index.php?rest_route=%2Fwp%2Fv2%2Fcomments&post=28742"}],"version-history":[{"count":4,"href":"https:\/\/pc.sc.gov.br\/index.php?rest_route=\/wp\/v2\/posts\/28742\/revisions"}],"predecessor-version":[{"id":28747,"href":"https:\/\/pc.sc.gov.br\/index.php?rest_route=\/wp\/v2\/posts\/28742\/revisions\/28747"}],"wp:featuredmedia":[{"embeddable":true,"href":"https:\/\/pc.sc.gov.br\/index.php?rest_route=\/wp\/v2\/media\/28738"}],"wp:attachment":[{"href":"https:\/\/pc.sc.gov.br\/index.php?rest_route=%2Fwp%2Fv2%2Fmedia&parent=28742"}],"wp:term":[{"taxonomy":"category","embeddable":true,"href":"https:\/\/pc.sc.gov.br\/index.php?rest_route=%2Fwp%2Fv2%2Fcategories&post=28742"},{"taxonomy":"post_tag","embeddable":true,"href":"https:\/\/pc.sc.gov.br\/index.php?rest_route=%2Fwp%2Fv2%2Ftags&post=28742"}],"curies":[{"name":"wp","href":"https:\/\/api.w.org\/{rel}","templated":true}]}}