{"id":28754,"date":"2025-05-14T18:25:49","date_gmt":"2025-05-14T21:25:49","guid":{"rendered":"https:\/\/pc.sc.gov.br\/?p=28754"},"modified":"2025-05-14T18:27:20","modified_gmt":"2025-05-14T21:27:20","slug":"delegacia-de-protecao-animal-da-capital-conclui-investigacao-e-indicia-homem-por-abandono-de-cadela-na-praca-dos-bombeiros","status":"publish","type":"post","link":"https:\/\/pc.sc.gov.br\/?p=28754","title":{"rendered":"Delegacia de Prote\u00e7\u00e3o Animal da Capital conclui investiga\u00e7\u00e3o e indicia homem por abandono de cadela na Pra\u00e7a dos Bombeiros"},"content":{"rendered":"\t\t<div data-elementor-type=\"wp-post\" data-elementor-id=\"28754\" class=\"elementor elementor-28754\" data-elementor-post-type=\"post\">\n\t\t\t\t\t\t<section class=\"elementor-section elementor-top-section elementor-element elementor-element-32c2d1b elementor-section-boxed elementor-section-height-default elementor-section-height-default\" data-id=\"32c2d1b\" data-element_type=\"section\">\n\t\t\t\t\t\t<div class=\"elementor-container elementor-column-gap-default\">\n\t\t\t\t\t<div class=\"elementor-column elementor-col-100 elementor-top-column elementor-element elementor-element-e396ffe\" data-id=\"e396ffe\" data-element_type=\"column\">\n\t\t\t<div class=\"elementor-widget-wrap\">\n\t\t\t\t\t\t\t<\/div>\n\t\t<\/div>\n\t\t\t\t\t<\/div>\n\t\t<\/section>\n\t\t\t\t<section class=\"elementor-section elementor-top-section elementor-element elementor-element-3561bbf elementor-section-boxed elementor-section-height-default elementor-section-height-default\" data-id=\"3561bbf\" data-element_type=\"section\">\n\t\t\t\t\t\t<div class=\"elementor-container elementor-column-gap-default\">\n\t\t\t\t\t<div class=\"elementor-column elementor-col-100 elementor-top-column elementor-element elementor-element-fcffb35\" data-id=\"fcffb35\" data-element_type=\"column\">\n\t\t\t<div class=\"elementor-widget-wrap elementor-element-populated\">\n\t\t\t\t\t\t<div class=\"elementor-element elementor-element-d120ac6 elementor-widget elementor-widget-heading\" data-id=\"d120ac6\" data-element_type=\"widget\" data-widget_type=\"heading.default\">\n\t\t\t\t<div class=\"elementor-widget-container\">\n\t\t\t\t\t<h2 class=\"elementor-heading-title elementor-size-default\">Delegacia de Prote\u00e7\u00e3o Animal da Capital conclui investiga\u00e7\u00e3o e indicia homem por abandono de cadela na Pra\u00e7a dos Bombeiros <\/h2>\t\t\t\t<\/div>\n\t\t\t\t<\/div>\n\t\t\t\t<div class=\"elementor-element elementor-element-b2d602c elementor-widget elementor-widget-image\" data-id=\"b2d602c\" data-element_type=\"widget\" data-widget_type=\"image.default\">\n\t\t\t\t<div class=\"elementor-widget-container\">\n\t\t\t\t\t\t\t\t\t\t\t\t\t\t\t<img fetchpriority=\"high\" decoding=\"async\" width=\"696\" height=\"924\" src=\"https:\/\/pc.sc.gov.br\/\/wp-content\/uploads\/2025\/05\/WhatsApp-Image-2025-05-14-at-18.06.30-771x1024.jpeg\" class=\"attachment-large size-large wp-image-28755\" alt=\"\" srcset=\"https:\/\/pc.sc.gov.br\/\/wp-content\/uploads\/2025\/05\/WhatsApp-Image-2025-05-14-at-18.06.30-771x1024.jpeg 771w, https:\/\/pc.sc.gov.br\/\/wp-content\/uploads\/2025\/05\/WhatsApp-Image-2025-05-14-at-18.06.30-226x300.jpeg 226w, https:\/\/pc.sc.gov.br\/\/wp-content\/uploads\/2025\/05\/WhatsApp-Image-2025-05-14-at-18.06.30-768x1021.jpeg 768w, https:\/\/pc.sc.gov.br\/\/wp-content\/uploads\/2025\/05\/WhatsApp-Image-2025-05-14-at-18.06.30-1156x1536.jpeg 1156w, https:\/\/pc.sc.gov.br\/\/wp-content\/uploads\/2025\/05\/WhatsApp-Image-2025-05-14-at-18.06.30.jpeg 1204w\" sizes=\"(max-width: 696px) 100vw, 696px\" \/>\t\t\t\t\t\t\t\t\t\t\t\t\t\t\t<\/div>\n\t\t\t\t<\/div>\n\t\t\t\t\t<\/div>\n\t\t<\/div>\n\t\t\t\t\t<\/div>\n\t\t<\/section>\n\t\t\t\t<section class=\"elementor-section elementor-top-section elementor-element elementor-element-7dbe9b1 elementor-section-boxed elementor-section-height-default elementor-section-height-default\" data-id=\"7dbe9b1\" data-element_type=\"section\">\n\t\t\t\t\t\t<div class=\"elementor-container elementor-column-gap-default\">\n\t\t\t\t\t<div class=\"elementor-column elementor-col-100 elementor-top-column elementor-element elementor-element-5b3b140\" data-id=\"5b3b140\" data-element_type=\"column\">\n\t\t\t<div class=\"elementor-widget-wrap elementor-element-populated\">\n\t\t\t\t\t\t<div class=\"elementor-element elementor-element-785614f elementor-widget elementor-widget-text-editor\" data-id=\"785614f\" data-element_type=\"widget\" data-widget_type=\"text-editor.default\">\n\t\t\t\t<div class=\"elementor-widget-container\">\n\t\t\t\t\t\t\t\t\t<p>A Pol\u00edcia Civil do Estado de Santa Catarina, por meio da Delegacia de Prote\u00e7\u00e3o Animal do Departamento de Investiga\u00e7\u00e3o Criminal da Capital (DPA\/DIC), concluiu investiga\u00e7\u00e3o e indiciou homem por maus-tratos mediante abandono de uma cadela na Pra\u00e7a dos Bombeiros, no centro de Florian\u00f3polis.<\/p><p>Na den\u00fancia, constava que um homem chegou \u00e0 pra\u00e7a, por volta de 06h30min da manh\u00e3, e deixou uma cachorra, idosa e j\u00e1 bastante debilitada, no pet place, localizado no ambiente p\u00fablico, afastando-se do local rapidamente.<\/p><p>\u201cPedrita\u201d, batizada carinhosamente de \u201cPatty Pimentinha\u201d pela mulher que a resgatou, encontrava-se com o quadro de sa\u00fade t\u00e3o debilitado, com tumores, desidrata\u00e7\u00e3o, emagrecida e com problemas neurol\u00f3gicos, que foi recomendada sua eutan\u00e1sia para evitar ainda mais sofrimento ao animal.<\/p><p>Com a investiga\u00e7\u00e3o policial, identificou-se o homem que abandonou a can\u00eddea, o qual, em interrogat\u00f3rio, alegou dificuldades pessoais, f\u00edsicas e financeiras, para resguardar a cadela, argumentos que n\u00e3o s\u00e3o suficientes para afastar sua responsabilidade, a qual \u00e9 inerente ao ato de possuir um animal dom\u00e9stico sob sua tutela.<\/p><p>O homem responder\u00e1 criminalmente tanto pela neglig\u00eancia nos cuidados quanto pelo abandono, ambas as modalidades do crime de maus-tratos, o qual tamb\u00e9m prev\u00ea aumento de pena devido \u00e0 morte do animal.<\/p><p>O inqu\u00e9rito policial foi conclu\u00eddo e encaminhado ao Poder Judici\u00e1rio, sendo que, ao final do procedimento, a pena m\u00e1xima prevista pode chegar a mais de 05 anos de pris\u00e3o, al\u00e9m de multa. No \u00e2mbito c\u00edvel, tamb\u00e9m h\u00e1 previs\u00e3o de ressarcimento dos valores pagos por terceiros.<\/p>\t\t\t\t\t\t\t\t<\/div>\n\t\t\t\t<\/div>\n\t\t\t\t\t<\/div>\n\t\t<\/div>\n\t\t\t\t\t<\/div>\n\t\t<\/section>\n\t\t\t\t<\/div>\n\t\t","protected":false},"excerpt":{"rendered":"<p>Delegacia de Prote\u00e7\u00e3o Animal da Capital conclui investiga\u00e7\u00e3o e indicia homem por abandono de cadela na Pra\u00e7a dos Bombeiros A Pol\u00edcia Civil do Estado de Santa Catarina, por meio da Delegacia de Prote\u00e7\u00e3o Animal do Departamento de Investiga\u00e7\u00e3o Criminal da Capital (DPA\/DIC), concluiu investiga\u00e7\u00e3o e indiciou homem por maus-tratos mediante abandono de uma cadela na [&hellip;]<\/p>\n","protected":false},"author":5,"featured_media":28755,"comment_status":"closed","ping_status":"open","sticky":false,"template":"","format":"standard","meta":{"_monsterinsights_skip_tracking":false,"_monsterinsights_sitenote_active":false,"_monsterinsights_sitenote_note":"","_monsterinsights_sitenote_category":0,"footnotes":""},"categories":[1],"tags":[],"class_list":["post-28754","post","type-post","status-publish","format-standard","has-post-thumbnail","hentry","category-sem-categoria"],"_links":{"self":[{"href":"https:\/\/pc.sc.gov.br\/index.php?rest_route=\/wp\/v2\/posts\/28754","targetHints":{"allow":["GET"]}}],"collection":[{"href":"https:\/\/pc.sc.gov.br\/index.php?rest_route=\/wp\/v2\/posts"}],"about":[{"href":"https:\/\/pc.sc.gov.br\/index.php?rest_route=\/wp\/v2\/types\/post"}],"author":[{"embeddable":true,"href":"https:\/\/pc.sc.gov.br\/index.php?rest_route=\/wp\/v2\/users\/5"}],"replies":[{"embeddable":true,"href":"https:\/\/pc.sc.gov.br\/index.php?rest_route=%2Fwp%2Fv2%2Fcomments&post=28754"}],"version-history":[{"count":4,"href":"https:\/\/pc.sc.gov.br\/index.php?rest_route=\/wp\/v2\/posts\/28754\/revisions"}],"predecessor-version":[{"id":28759,"href":"https:\/\/pc.sc.gov.br\/index.php?rest_route=\/wp\/v2\/posts\/28754\/revisions\/28759"}],"wp:featuredmedia":[{"embeddable":true,"href":"https:\/\/pc.sc.gov.br\/index.php?rest_route=\/wp\/v2\/media\/28755"}],"wp:attachment":[{"href":"https:\/\/pc.sc.gov.br\/index.php?rest_route=%2Fwp%2Fv2%2Fmedia&parent=28754"}],"wp:term":[{"taxonomy":"category","embeddable":true,"href":"https:\/\/pc.sc.gov.br\/index.php?rest_route=%2Fwp%2Fv2%2Fcategories&post=28754"},{"taxonomy":"post_tag","embeddable":true,"href":"https:\/\/pc.sc.gov.br\/index.php?rest_route=%2Fwp%2Fv2%2Ftags&post=28754"}],"curies":[{"name":"wp","href":"https:\/\/api.w.org\/{rel}","templated":true}]}}