{"id":28760,"date":"2025-05-15T14:36:04","date_gmt":"2025-05-15T17:36:04","guid":{"rendered":"https:\/\/pc.sc.gov.br\/?p=28760"},"modified":"2025-05-15T14:37:25","modified_gmt":"2025-05-15T17:37:25","slug":"draco-deic-intensifica-combate-ao-crime-organizado-com-a-2a-fase-da-operacao-tolerancia-zero","status":"publish","type":"post","link":"https:\/\/pc.sc.gov.br\/?p=28760","title":{"rendered":"DRACO\/DEIC intensifica combate ao crime organizado com a 2\u00aa fase da opera\u00e7\u00e3o \u201cToler\u00e2ncia Zero\u201d"},"content":{"rendered":"\t\t<div data-elementor-type=\"wp-post\" data-elementor-id=\"28760\" class=\"elementor elementor-28760\" data-elementor-post-type=\"post\">\n\t\t\t\t\t\t<section class=\"elementor-section elementor-top-section elementor-element elementor-element-c882d4f elementor-section-boxed elementor-section-height-default elementor-section-height-default\" data-id=\"c882d4f\" data-element_type=\"section\">\n\t\t\t\t\t\t<div class=\"elementor-container elementor-column-gap-default\">\n\t\t\t\t\t<div class=\"elementor-column elementor-col-100 elementor-top-column elementor-element elementor-element-09ccaa6\" data-id=\"09ccaa6\" data-element_type=\"column\">\n\t\t\t<div class=\"elementor-widget-wrap elementor-element-populated\">\n\t\t\t\t\t\t<div class=\"elementor-element elementor-element-860331e elementor-widget elementor-widget-heading\" data-id=\"860331e\" data-element_type=\"widget\" data-widget_type=\"heading.default\">\n\t\t\t\t<div class=\"elementor-widget-container\">\n\t\t\t\t\t<h2 class=\"elementor-heading-title elementor-size-default\">DRACO\/DEIC intensifica combate ao crime organizado com a 2\u00aa fase da opera\u00e7\u00e3o \u201cToler\u00e2ncia Zero\u201d <\/h2>\t\t\t\t<\/div>\n\t\t\t\t<\/div>\n\t\t\t\t\t<\/div>\n\t\t<\/div>\n\t\t\t\t\t<\/div>\n\t\t<\/section>\n\t\t\t\t<section class=\"elementor-section elementor-top-section elementor-element elementor-element-8f31e36 elementor-section-boxed elementor-section-height-default elementor-section-height-default\" data-id=\"8f31e36\" data-element_type=\"section\">\n\t\t\t\t\t\t<div class=\"elementor-container elementor-column-gap-default\">\n\t\t\t\t\t<div class=\"elementor-column elementor-col-100 elementor-top-column elementor-element elementor-element-bcc5131\" data-id=\"bcc5131\" data-element_type=\"column\">\n\t\t\t<div class=\"elementor-widget-wrap elementor-element-populated\">\n\t\t\t\t\t\t<div class=\"elementor-element elementor-element-3e4ae2f elementor-widget elementor-widget-image\" data-id=\"3e4ae2f\" data-element_type=\"widget\" data-widget_type=\"image.default\">\n\t\t\t\t<div class=\"elementor-widget-container\">\n\t\t\t\t\t\t\t\t\t\t\t\t\t\t\t<img fetchpriority=\"high\" decoding=\"async\" width=\"696\" height=\"392\" src=\"https:\/\/pc.sc.gov.br\/\/wp-content\/uploads\/2025\/05\/WhatsApp-Image-2025-05-15-at-14.10.47-1024x576.jpeg\" class=\"attachment-large size-large wp-image-28761\" alt=\"\" srcset=\"https:\/\/pc.sc.gov.br\/\/wp-content\/uploads\/2025\/05\/WhatsApp-Image-2025-05-15-at-14.10.47-1024x576.jpeg 1024w, https:\/\/pc.sc.gov.br\/\/wp-content\/uploads\/2025\/05\/WhatsApp-Image-2025-05-15-at-14.10.47-300x169.jpeg 300w, https:\/\/pc.sc.gov.br\/\/wp-content\/uploads\/2025\/05\/WhatsApp-Image-2025-05-15-at-14.10.47-768x432.jpeg 768w, https:\/\/pc.sc.gov.br\/\/wp-content\/uploads\/2025\/05\/WhatsApp-Image-2025-05-15-at-14.10.47-1536x864.jpeg 1536w, https:\/\/pc.sc.gov.br\/\/wp-content\/uploads\/2025\/05\/WhatsApp-Image-2025-05-15-at-14.10.47.jpeg 1599w\" sizes=\"(max-width: 696px) 100vw, 696px\" \/>\t\t\t\t\t\t\t\t\t\t\t\t\t\t\t<\/div>\n\t\t\t\t<\/div>\n\t\t\t\t\t<\/div>\n\t\t<\/div>\n\t\t\t\t\t<\/div>\n\t\t<\/section>\n\t\t\t\t<section class=\"elementor-section elementor-top-section elementor-element elementor-element-16ba48a elementor-section-boxed elementor-section-height-default elementor-section-height-default\" data-id=\"16ba48a\" data-element_type=\"section\">\n\t\t\t\t\t\t<div class=\"elementor-container elementor-column-gap-default\">\n\t\t\t\t\t<div class=\"elementor-column elementor-col-100 elementor-top-column elementor-element elementor-element-f8500f4\" data-id=\"f8500f4\" data-element_type=\"column\">\n\t\t\t<div class=\"elementor-widget-wrap elementor-element-populated\">\n\t\t\t\t\t\t<div class=\"elementor-element elementor-element-9a725cf elementor-widget elementor-widget-text-editor\" data-id=\"9a725cf\" data-element_type=\"widget\" data-widget_type=\"text-editor.default\">\n\t\t\t\t<div class=\"elementor-widget-container\">\n\t\t\t\t\t\t\t\t\t<p>\u00a0Na manh\u00e3 de hoje (15\/05), a Pol\u00edcia Civil de Santa Catarina, por meio da Delegacia de Repress\u00e3o ao Crime Organizado (DRACO) da DEIC, deflagrou a 2\u00aa fase da opera\u00e7\u00e3o \u201cToler\u00e2ncia Zero\u201d. O objetivo da a\u00e7\u00e3o \u00e9 o cumprimento de 12 ordens judiciais direcionadas a membros de uma organiza\u00e7\u00e3o criminosa diretamente envolvida nos atentados ocorridos em 19 de outubro de 2024, na regi\u00e3o da Grande Florian\u00f3polis.<\/p><p>Naquela ocasi\u00e3o, dez integrantes fortemente armados da organiza\u00e7\u00e3o criminosa tentaram, por diversas vezes, invadir uma comunidade situada no norte da Ilha de Florian\u00f3polis, sem sucesso. Em resposta, lideran\u00e7as da fac\u00e7\u00e3o criminosa determinaram a execu\u00e7\u00e3o de uma s\u00e9rie de atos violentos na Grande Florian\u00f3polis, com a finalidade de reduzir a presen\u00e7a policial no norte da ilha.<\/p><p>Em cumprimento \u00e0 ordem emanada da c\u00fapula da fac\u00e7\u00e3o, membros da organiza\u00e7\u00e3o criminosa desencadearam uma onda de viol\u00eancia na cidade, com o bloqueio de vias p\u00fablicas atrav\u00e9s do roubo e inc\u00eandio de ve\u00edculos, al\u00e9m de ataques a tiros contra as for\u00e7as de seguran\u00e7a.<\/p><p>\u00a0Ap\u00f3s esses atentados, a equipe da DRACO\/DEIC, sob a coordena\u00e7\u00e3o do Delegado de Pol\u00edcia Antonio Claudio J\u00f3ca, conduziu uma investiga\u00e7\u00e3o minuciosa. Este trabalho resultou na identifica\u00e7\u00e3o de todos os membros do grupo invasor, bem como de diversas lideran\u00e7as da fac\u00e7\u00e3o que atuaram diretamente na ordem dos ataques.<\/p><p>\u00a0Assim, a 2\u00aa fase da opera\u00e7\u00e3o \u201cToler\u00e2ncia Zero\u201d foi deflagrada hoje para o cumprimento de cinco mandados de pris\u00e3o e sete mandados de busca e apreens\u00e3o contra os investigados. At\u00e9 o presente momento, duas lideran\u00e7as de destaque da organiza\u00e7\u00e3o criminosa foram presas, e as dilig\u00eancias para a captura dos demais alvos seguem em andamento.<\/p><p>A opera\u00e7\u00e3o de hoje, coordenada pela DRACO\/DEIC, contou com o apoio da DIC de Crici\u00fama e da SEJURI. O trabalho investigativo da DRACO\/DEIC mant\u00e9m seu curso e ser\u00e1 conclu\u00eddo somente com a identifica\u00e7\u00e3o e a pris\u00e3o de todos os envolvidos nos ataques ocorridos em outubro de 2024.<\/p>\t\t\t\t\t\t\t\t<\/div>\n\t\t\t\t<\/div>\n\t\t\t\t\t<\/div>\n\t\t<\/div>\n\t\t\t\t\t<\/div>\n\t\t<\/section>\n\t\t\t\t<\/div>\n\t\t","protected":false},"excerpt":{"rendered":"<p>DRACO\/DEIC intensifica combate ao crime organizado com a 2\u00aa fase da opera\u00e7\u00e3o \u201cToler\u00e2ncia Zero\u201d \u00a0Na manh\u00e3 de hoje (15\/05), a Pol\u00edcia Civil de Santa Catarina, por meio da Delegacia de Repress\u00e3o ao Crime Organizado (DRACO) da DEIC, deflagrou a 2\u00aa fase da opera\u00e7\u00e3o \u201cToler\u00e2ncia Zero\u201d. O objetivo da a\u00e7\u00e3o \u00e9 o cumprimento de 12 ordens [&hellip;]<\/p>\n","protected":false},"author":5,"featured_media":28761,"comment_status":"closed","ping_status":"open","sticky":false,"template":"","format":"standard","meta":{"_monsterinsights_skip_tracking":false,"_monsterinsights_sitenote_active":false,"_monsterinsights_sitenote_note":"","_monsterinsights_sitenote_category":0,"footnotes":""},"categories":[1],"tags":[],"class_list":["post-28760","post","type-post","status-publish","format-standard","has-post-thumbnail","hentry","category-sem-categoria"],"_links":{"self":[{"href":"https:\/\/pc.sc.gov.br\/index.php?rest_route=\/wp\/v2\/posts\/28760","targetHints":{"allow":["GET"]}}],"collection":[{"href":"https:\/\/pc.sc.gov.br\/index.php?rest_route=\/wp\/v2\/posts"}],"about":[{"href":"https:\/\/pc.sc.gov.br\/index.php?rest_route=\/wp\/v2\/types\/post"}],"author":[{"embeddable":true,"href":"https:\/\/pc.sc.gov.br\/index.php?rest_route=\/wp\/v2\/users\/5"}],"replies":[{"embeddable":true,"href":"https:\/\/pc.sc.gov.br\/index.php?rest_route=%2Fwp%2Fv2%2Fcomments&post=28760"}],"version-history":[{"count":4,"href":"https:\/\/pc.sc.gov.br\/index.php?rest_route=\/wp\/v2\/posts\/28760\/revisions"}],"predecessor-version":[{"id":28765,"href":"https:\/\/pc.sc.gov.br\/index.php?rest_route=\/wp\/v2\/posts\/28760\/revisions\/28765"}],"wp:featuredmedia":[{"embeddable":true,"href":"https:\/\/pc.sc.gov.br\/index.php?rest_route=\/wp\/v2\/media\/28761"}],"wp:attachment":[{"href":"https:\/\/pc.sc.gov.br\/index.php?rest_route=%2Fwp%2Fv2%2Fmedia&parent=28760"}],"wp:term":[{"taxonomy":"category","embeddable":true,"href":"https:\/\/pc.sc.gov.br\/index.php?rest_route=%2Fwp%2Fv2%2Fcategories&post=28760"},{"taxonomy":"post_tag","embeddable":true,"href":"https:\/\/pc.sc.gov.br\/index.php?rest_route=%2Fwp%2Fv2%2Ftags&post=28760"}],"curies":[{"name":"wp","href":"https:\/\/api.w.org\/{rel}","templated":true}]}}