{"id":28766,"date":"2025-05-15T15:27:01","date_gmt":"2025-05-15T18:27:01","guid":{"rendered":"https:\/\/pc.sc.gov.br\/?p=28766"},"modified":"2025-05-15T15:28:18","modified_gmt":"2025-05-15T18:28:18","slug":"operacao-rota-conesul-acao-foi-simultanea-em-quatro-estados-e-resultou-na-prisao-de-nove-investigados","status":"publish","type":"post","link":"https:\/\/pc.sc.gov.br\/?p=28766","title":{"rendered":"Opera\u00e7\u00e3o \u201cRota Conesul\u201d: a\u00e7\u00e3o foi simult\u00e2nea em quatro estados e resultou na pris\u00e3o de nove investigados"},"content":{"rendered":"\t\t<div data-elementor-type=\"wp-post\" data-elementor-id=\"28766\" class=\"elementor elementor-28766\" data-elementor-post-type=\"post\">\n\t\t\t\t\t\t<section class=\"elementor-section elementor-top-section elementor-element elementor-element-618d07b elementor-section-boxed elementor-section-height-default elementor-section-height-default\" data-id=\"618d07b\" data-element_type=\"section\">\n\t\t\t\t\t\t<div class=\"elementor-container elementor-column-gap-default\">\n\t\t\t\t\t<div class=\"elementor-column elementor-col-100 elementor-top-column elementor-element elementor-element-06ba4c7\" data-id=\"06ba4c7\" data-element_type=\"column\">\n\t\t\t<div class=\"elementor-widget-wrap elementor-element-populated\">\n\t\t\t\t\t\t<div class=\"elementor-element elementor-element-f31917f elementor-widget elementor-widget-heading\" data-id=\"f31917f\" data-element_type=\"widget\" data-widget_type=\"heading.default\">\n\t\t\t\t<div class=\"elementor-widget-container\">\n\t\t\t\t\t<h2 class=\"elementor-heading-title elementor-size-default\">Opera\u00e7\u00e3o \u201cRota Conesul\u201d: a\u00e7\u00e3o foi simult\u00e2nea em quatro estados e resultou na pris\u00e3o de nove investigados<\/h2>\t\t\t\t<\/div>\n\t\t\t\t<\/div>\n\t\t\t\t\t<\/div>\n\t\t<\/div>\n\t\t\t\t\t<\/div>\n\t\t<\/section>\n\t\t\t\t<section class=\"elementor-section elementor-top-section elementor-element elementor-element-0b81975 elementor-section-boxed elementor-section-height-default elementor-section-height-default\" data-id=\"0b81975\" data-element_type=\"section\">\n\t\t\t\t\t\t<div class=\"elementor-container elementor-column-gap-default\">\n\t\t\t\t\t<div class=\"elementor-column elementor-col-100 elementor-top-column elementor-element elementor-element-3eedc0c\" data-id=\"3eedc0c\" data-element_type=\"column\">\n\t\t\t<div class=\"elementor-widget-wrap elementor-element-populated\">\n\t\t\t\t\t\t<div class=\"elementor-element elementor-element-a3db439 elementor-widget elementor-widget-image\" data-id=\"a3db439\" data-element_type=\"widget\" data-widget_type=\"image.default\">\n\t\t\t\t<div class=\"elementor-widget-container\">\n\t\t\t\t\t\t\t\t\t\t\t\t\t\t\t<img fetchpriority=\"high\" decoding=\"async\" width=\"696\" height=\"606\" src=\"https:\/\/pc.sc.gov.br\/\/wp-content\/uploads\/2025\/05\/cafdd5d9-b811-41d5-ab79-e47c9a36b77d-fotor-2025042414435-1024x891.jpg\" class=\"attachment-large size-large wp-image-28767\" alt=\"\" srcset=\"https:\/\/pc.sc.gov.br\/\/wp-content\/uploads\/2025\/05\/cafdd5d9-b811-41d5-ab79-e47c9a36b77d-fotor-2025042414435-1024x891.jpg 1024w, https:\/\/pc.sc.gov.br\/\/wp-content\/uploads\/2025\/05\/cafdd5d9-b811-41d5-ab79-e47c9a36b77d-fotor-2025042414435-300x261.jpg 300w, https:\/\/pc.sc.gov.br\/\/wp-content\/uploads\/2025\/05\/cafdd5d9-b811-41d5-ab79-e47c9a36b77d-fotor-2025042414435-768x668.jpg 768w, https:\/\/pc.sc.gov.br\/\/wp-content\/uploads\/2025\/05\/cafdd5d9-b811-41d5-ab79-e47c9a36b77d-fotor-2025042414435-1536x1337.jpg 1536w, https:\/\/pc.sc.gov.br\/\/wp-content\/uploads\/2025\/05\/cafdd5d9-b811-41d5-ab79-e47c9a36b77d-fotor-2025042414435-2048x1782.jpg 2048w\" sizes=\"(max-width: 696px) 100vw, 696px\" \/>\t\t\t\t\t\t\t\t\t\t\t\t\t\t\t<\/div>\n\t\t\t\t<\/div>\n\t\t\t\t\t<\/div>\n\t\t<\/div>\n\t\t\t\t\t<\/div>\n\t\t<\/section>\n\t\t\t\t<section class=\"elementor-section elementor-top-section elementor-element elementor-element-f8ac3bd elementor-section-boxed elementor-section-height-default elementor-section-height-default\" data-id=\"f8ac3bd\" data-element_type=\"section\">\n\t\t\t\t\t\t<div class=\"elementor-container elementor-column-gap-default\">\n\t\t\t\t\t<div class=\"elementor-column elementor-col-100 elementor-top-column elementor-element elementor-element-e71c9ee\" data-id=\"e71c9ee\" data-element_type=\"column\">\n\t\t\t<div class=\"elementor-widget-wrap elementor-element-populated\">\n\t\t\t\t\t\t<div class=\"elementor-element elementor-element-90a4577 elementor-widget elementor-widget-text-editor\" data-id=\"90a4577\" data-element_type=\"widget\" data-widget_type=\"text-editor.default\">\n\t\t\t\t<div class=\"elementor-widget-container\">\n\t\t\t\t\t\t\t\t\t<p>A Pol\u00edcia Civil de Santa Catarina, por meio da Delegacia de Furtos e Roubos de Ve\u00edculos (DFRV\/DEIC) deflagrou nesta quinta-feira (15) a opera\u00e7\u00e3o \u201cRota Conesul\u201d. Na opera\u00e7\u00e3o coordenada pelo delegado da DFRV\/DEIC, Diego Azevedo, foram cumpridos 26 mandados de busca e apreens\u00e3o e 11 de pris\u00e3o, sendo que 9 foram localizados e presos e dois est\u00e3o foragidos.<\/p>\n<p>A opera\u00e7\u00e3o foi em combate \u00e0 subtra\u00e7\u00e3o de ve\u00edculos de luxo em Santa Catarina. \u201cA Investiga\u00e7\u00e3o envolve furto, recepta\u00e7\u00e3o e adultera\u00e7\u00e3o dos ve\u00edculos de luxo que, depois de adulterados, eram levados para Argentina, Chile e Paraguai\u201d, observou o delegado Daniel R\u00e9gis, diretor da DEIC.<\/p>\n<p>De acordo com o delegado Diego Azevedo cerca de R$ 6 milh\u00f5es do patrim\u00f4nio da quadrilha foram bloqueados. A opera\u00e7\u00e3o ocorreu de forma simult\u00e2nea em SC (Balne\u00e1rio Cambori\u00fa e Canoinhas); em MG (Belo Horizonte, Ibirit\u00e9, S\u00e3o Joaquim de Bicas); no PR (Foz do Igua\u00e7u); e na BA (Salvador).<span style=\"color: rgb(122, 122, 122); letter-spacing: -0.2px;\">&nbsp;<\/span><\/p>\t\t\t\t\t\t\t\t<\/div>\n\t\t\t\t<\/div>\n\t\t\t\t\t<\/div>\n\t\t<\/div>\n\t\t\t\t\t<\/div>\n\t\t<\/section>\n\t\t\t\t<section class=\"elementor-section elementor-top-section elementor-element elementor-element-ba7cab7 elementor-section-boxed elementor-section-height-default elementor-section-height-default\" data-id=\"ba7cab7\" data-element_type=\"section\">\n\t\t\t\t\t\t<div class=\"elementor-container elementor-column-gap-default\">\n\t\t\t\t\t<div class=\"elementor-column elementor-col-100 elementor-top-column elementor-element elementor-element-612ecc9\" data-id=\"612ecc9\" data-element_type=\"column\">\n\t\t\t<div class=\"elementor-widget-wrap elementor-element-populated\">\n\t\t\t\t\t\t\t<\/div>\n\t\t<\/div>\n\t\t\t\t\t<\/div>\n\t\t<\/section>\n\t\t\t\t<\/div>\n\t\t","protected":false},"excerpt":{"rendered":"<p>Opera\u00e7\u00e3o \u201cRota Conesul\u201d: a\u00e7\u00e3o foi simult\u00e2nea em quatro estados e resultou na pris\u00e3o de nove investigados A Pol\u00edcia Civil de Santa Catarina, por meio da Delegacia de Furtos e Roubos de Ve\u00edculos (DFRV\/DEIC) deflagrou nesta quinta-feira (15) a opera\u00e7\u00e3o \u201cRota Conesul\u201d. Na opera\u00e7\u00e3o coordenada pelo delegado da DFRV\/DEIC, Diego Azevedo, foram cumpridos 26 mandados de [&hellip;]<\/p>\n","protected":false},"author":5,"featured_media":28767,"comment_status":"closed","ping_status":"open","sticky":false,"template":"","format":"standard","meta":{"_monsterinsights_skip_tracking":false,"_monsterinsights_sitenote_active":false,"_monsterinsights_sitenote_note":"","_monsterinsights_sitenote_category":0,"footnotes":""},"categories":[1],"tags":[],"class_list":["post-28766","post","type-post","status-publish","format-standard","has-post-thumbnail","hentry","category-sem-categoria"],"_links":{"self":[{"href":"https:\/\/pc.sc.gov.br\/index.php?rest_route=\/wp\/v2\/posts\/28766","targetHints":{"allow":["GET"]}}],"collection":[{"href":"https:\/\/pc.sc.gov.br\/index.php?rest_route=\/wp\/v2\/posts"}],"about":[{"href":"https:\/\/pc.sc.gov.br\/index.php?rest_route=\/wp\/v2\/types\/post"}],"author":[{"embeddable":true,"href":"https:\/\/pc.sc.gov.br\/index.php?rest_route=\/wp\/v2\/users\/5"}],"replies":[{"embeddable":true,"href":"https:\/\/pc.sc.gov.br\/index.php?rest_route=%2Fwp%2Fv2%2Fcomments&post=28766"}],"version-history":[{"count":4,"href":"https:\/\/pc.sc.gov.br\/index.php?rest_route=\/wp\/v2\/posts\/28766\/revisions"}],"predecessor-version":[{"id":28771,"href":"https:\/\/pc.sc.gov.br\/index.php?rest_route=\/wp\/v2\/posts\/28766\/revisions\/28771"}],"wp:featuredmedia":[{"embeddable":true,"href":"https:\/\/pc.sc.gov.br\/index.php?rest_route=\/wp\/v2\/media\/28767"}],"wp:attachment":[{"href":"https:\/\/pc.sc.gov.br\/index.php?rest_route=%2Fwp%2Fv2%2Fmedia&parent=28766"}],"wp:term":[{"taxonomy":"category","embeddable":true,"href":"https:\/\/pc.sc.gov.br\/index.php?rest_route=%2Fwp%2Fv2%2Fcategories&post=28766"},{"taxonomy":"post_tag","embeddable":true,"href":"https:\/\/pc.sc.gov.br\/index.php?rest_route=%2Fwp%2Fv2%2Ftags&post=28766"}],"curies":[{"name":"wp","href":"https:\/\/api.w.org\/{rel}","templated":true}]}}