{"id":28777,"date":"2025-05-15T19:21:19","date_gmt":"2025-05-15T22:21:19","guid":{"rendered":"https:\/\/pc.sc.gov.br\/?p=28777"},"modified":"2025-05-15T19:22:12","modified_gmt":"2025-05-15T22:22:12","slug":"operacao-da-decod-da-capital-prende-traficante-internacional-e-apreende-drogas","status":"publish","type":"post","link":"https:\/\/pc.sc.gov.br\/?p=28777","title":{"rendered":"Opera\u00e7\u00e3o da Decod da Capital prende traficante internacional e apreende drogas"},"content":{"rendered":"\t\t<div data-elementor-type=\"wp-post\" data-elementor-id=\"28777\" class=\"elementor elementor-28777\" data-elementor-post-type=\"post\">\n\t\t\t\t\t\t<section class=\"elementor-section elementor-top-section elementor-element elementor-element-37addb6 elementor-section-boxed elementor-section-height-default elementor-section-height-default\" data-id=\"37addb6\" data-element_type=\"section\">\n\t\t\t\t\t\t<div class=\"elementor-container elementor-column-gap-default\">\n\t\t\t\t\t<div class=\"elementor-column elementor-col-100 elementor-top-column elementor-element elementor-element-476c495\" data-id=\"476c495\" data-element_type=\"column\">\n\t\t\t<div class=\"elementor-widget-wrap elementor-element-populated\">\n\t\t\t\t\t\t<div class=\"elementor-element elementor-element-dc98047 elementor-widget elementor-widget-heading\" data-id=\"dc98047\" data-element_type=\"widget\" data-widget_type=\"heading.default\">\n\t\t\t\t<div class=\"elementor-widget-container\">\n\t\t\t\t\t<h2 class=\"elementor-heading-title elementor-size-default\">Opera\u00e7\u00e3o da Decod da Capital prende traficante internacional e apreende drogas<\/h2>\t\t\t\t<\/div>\n\t\t\t\t<\/div>\n\t\t\t\t\t<\/div>\n\t\t<\/div>\n\t\t\t\t\t<\/div>\n\t\t<\/section>\n\t\t\t\t<section class=\"elementor-section elementor-top-section elementor-element elementor-element-36df2a3 elementor-section-boxed elementor-section-height-default elementor-section-height-default\" data-id=\"36df2a3\" data-element_type=\"section\">\n\t\t\t\t\t\t<div class=\"elementor-container elementor-column-gap-default\">\n\t\t\t\t\t<div class=\"elementor-column elementor-col-100 elementor-top-column elementor-element elementor-element-180d03b\" data-id=\"180d03b\" data-element_type=\"column\">\n\t\t\t<div class=\"elementor-widget-wrap elementor-element-populated\">\n\t\t\t\t\t\t<div class=\"elementor-element elementor-element-f964a45 elementor-widget elementor-widget-image\" data-id=\"f964a45\" data-element_type=\"widget\" data-widget_type=\"image.default\">\n\t\t\t\t<div class=\"elementor-widget-container\">\n\t\t\t\t\t\t\t\t\t\t\t\t\t\t\t<img fetchpriority=\"high\" decoding=\"async\" width=\"696\" height=\"392\" src=\"https:\/\/pc.sc.gov.br\/\/wp-content\/uploads\/2025\/05\/WhatsApp-Image-2025-05-15-at-19.14.51-1024x576.jpeg\" class=\"attachment-large size-large wp-image-28778\" alt=\"\" srcset=\"https:\/\/pc.sc.gov.br\/\/wp-content\/uploads\/2025\/05\/WhatsApp-Image-2025-05-15-at-19.14.51-1024x576.jpeg 1024w, https:\/\/pc.sc.gov.br\/\/wp-content\/uploads\/2025\/05\/WhatsApp-Image-2025-05-15-at-19.14.51-300x169.jpeg 300w, https:\/\/pc.sc.gov.br\/\/wp-content\/uploads\/2025\/05\/WhatsApp-Image-2025-05-15-at-19.14.51-768x432.jpeg 768w, https:\/\/pc.sc.gov.br\/\/wp-content\/uploads\/2025\/05\/WhatsApp-Image-2025-05-15-at-19.14.51.jpeg 1280w\" sizes=\"(max-width: 696px) 100vw, 696px\" \/>\t\t\t\t\t\t\t\t\t\t\t\t\t\t\t<\/div>\n\t\t\t\t<\/div>\n\t\t\t\t\t<\/div>\n\t\t<\/div>\n\t\t\t\t\t<\/div>\n\t\t<\/section>\n\t\t\t\t<section class=\"elementor-section elementor-top-section elementor-element elementor-element-93147d4 elementor-section-boxed elementor-section-height-default elementor-section-height-default\" data-id=\"93147d4\" data-element_type=\"section\">\n\t\t\t\t\t\t<div class=\"elementor-container elementor-column-gap-default\">\n\t\t\t\t\t<div class=\"elementor-column elementor-col-100 elementor-top-column elementor-element elementor-element-c3c16cf\" data-id=\"c3c16cf\" data-element_type=\"column\">\n\t\t\t<div class=\"elementor-widget-wrap elementor-element-populated\">\n\t\t\t\t\t\t<div class=\"elementor-element elementor-element-31a5704 elementor-widget elementor-widget-text-editor\" data-id=\"31a5704\" data-element_type=\"widget\" data-widget_type=\"text-editor.default\">\n\t\t\t\t<div class=\"elementor-widget-container\">\n\t\t\t\t\t\t\t\t\t<p>A Pol\u00edcia Civil do Estado de Santa Catarina, por meio da Delegacia de Combate \u00e0s Drogas do Departamento de Investiga\u00e7\u00e3o Criminal de Florian\u00f3polis (DECOD\/DIC), em a\u00e7\u00e3o integrada com a Diretoria de Intelig\u00eancia da Pol\u00edcia Civil (DINT\/PCSC), realizou na data de hoje (15\/05) opera\u00e7\u00e3o destinada \u00e0 captura de indiv\u00edduo foragido da Justi\u00e7a e, no mesmo contexto, \u00e0 localiza\u00e7\u00e3o de subst\u00e2ncias entorpecentes.<\/p><p>A dilig\u00eancia ocorreu em endere\u00e7o previamente monitorado, no bairro Estreito, na Capital, local onde as equipes pretendiam prender o alvo do mandado de pris\u00e3o em aberto. Ao perceber a presen\u00e7a policial, o investigado foi alertado por sua genitora e tentou ocultar-se no interior da resid\u00eancia. As equipes adentraram o im\u00f3vel, localizaram o foragido em c\u00f4modo situado nos fundos e efetuaram sua deten\u00e7\u00e3o.<\/p><p>Durante a varredura dos ambientes, especialmente no quarto de uso habitual de J.B.N., foram encontrados, de forma vis\u00edvel, diversos itens relacionados ao tr\u00e1fico de drogas:<\/p><ul><li>balan\u00e7a de precis\u00e3o;<\/li><li>embalagens para acondicionamento de entorpecentes;<\/li><li>m\u00e1quina de selagem a v\u00e1cuo, comumente empregada para embalar maconha tipo skunk;<\/li><li>recipiente contendo subst\u00e2ncia vegetal com odor e caracter\u00edsticas de skunk;<\/li><li>por\u00e7\u00f5es de haxixe.<\/li><\/ul><p>O homem j\u00e1 havia sido preso anteriormente por tr\u00e1fico internacional de drogas, especificamente pelo transporte de quilos de coca\u00edna com destino \u00e0 Europa, evidenciando seu envolvimento com redes criminosas de grande alcance.<\/p><p>Diante do flagrante, ele recebeu voz de pris\u00e3o n\u00e3o s\u00f3 pelo cumprimento do mandado, mas tamb\u00e9m pela pr\u00e1tica do crime de tr\u00e1fico de drogas, sendo conduzido \u00e0 unidade policial para os procedimentos legais cab\u00edveis.<\/p><p>A DECOD reitera o convite \u00e0 popula\u00e7\u00e3o para que colabore com informa\u00e7\u00f5es an\u00f4nimas pelo n\u00famero 181, pelo WhatsApp da Pol\u00edcia Civil de Santa Catarina (48 98844-0011) ou diretamente \u00e0 delegacia (WhatsApp 3664-2948).<\/p>\t\t\t\t\t\t\t\t<\/div>\n\t\t\t\t<\/div>\n\t\t\t\t\t<\/div>\n\t\t<\/div>\n\t\t\t\t\t<\/div>\n\t\t<\/section>\n\t\t\t\t<\/div>\n\t\t","protected":false},"excerpt":{"rendered":"<p>Opera\u00e7\u00e3o da Decod da Capital prende traficante internacional e apreende drogas A Pol\u00edcia Civil do Estado de Santa Catarina, por meio da Delegacia de Combate \u00e0s Drogas do Departamento de Investiga\u00e7\u00e3o Criminal de Florian\u00f3polis (DECOD\/DIC), em a\u00e7\u00e3o integrada com a Diretoria de Intelig\u00eancia da Pol\u00edcia Civil (DINT\/PCSC), realizou na data de hoje (15\/05) opera\u00e7\u00e3o destinada [&hellip;]<\/p>\n","protected":false},"author":5,"featured_media":28778,"comment_status":"closed","ping_status":"open","sticky":false,"template":"","format":"standard","meta":{"_monsterinsights_skip_tracking":false,"_monsterinsights_sitenote_active":false,"_monsterinsights_sitenote_note":"","_monsterinsights_sitenote_category":0,"footnotes":""},"categories":[1],"tags":[],"class_list":["post-28777","post","type-post","status-publish","format-standard","has-post-thumbnail","hentry","category-sem-categoria"],"_links":{"self":[{"href":"https:\/\/pc.sc.gov.br\/index.php?rest_route=\/wp\/v2\/posts\/28777","targetHints":{"allow":["GET"]}}],"collection":[{"href":"https:\/\/pc.sc.gov.br\/index.php?rest_route=\/wp\/v2\/posts"}],"about":[{"href":"https:\/\/pc.sc.gov.br\/index.php?rest_route=\/wp\/v2\/types\/post"}],"author":[{"embeddable":true,"href":"https:\/\/pc.sc.gov.br\/index.php?rest_route=\/wp\/v2\/users\/5"}],"replies":[{"embeddable":true,"href":"https:\/\/pc.sc.gov.br\/index.php?rest_route=%2Fwp%2Fv2%2Fcomments&post=28777"}],"version-history":[{"count":4,"href":"https:\/\/pc.sc.gov.br\/index.php?rest_route=\/wp\/v2\/posts\/28777\/revisions"}],"predecessor-version":[{"id":28782,"href":"https:\/\/pc.sc.gov.br\/index.php?rest_route=\/wp\/v2\/posts\/28777\/revisions\/28782"}],"wp:featuredmedia":[{"embeddable":true,"href":"https:\/\/pc.sc.gov.br\/index.php?rest_route=\/wp\/v2\/media\/28778"}],"wp:attachment":[{"href":"https:\/\/pc.sc.gov.br\/index.php?rest_route=%2Fwp%2Fv2%2Fmedia&parent=28777"}],"wp:term":[{"taxonomy":"category","embeddable":true,"href":"https:\/\/pc.sc.gov.br\/index.php?rest_route=%2Fwp%2Fv2%2Fcategories&post=28777"},{"taxonomy":"post_tag","embeddable":true,"href":"https:\/\/pc.sc.gov.br\/index.php?rest_route=%2Fwp%2Fv2%2Ftags&post=28777"}],"curies":[{"name":"wp","href":"https:\/\/api.w.org\/{rel}","templated":true}]}}