{"id":28784,"date":"2025-05-16T13:48:25","date_gmt":"2025-05-16T16:48:25","guid":{"rendered":"https:\/\/pc.sc.gov.br\/?p=28784"},"modified":"2025-05-16T13:49:38","modified_gmt":"2025-05-16T16:49:38","slug":"corrida-da-policia-civil-celebra-213-anos-de-historia-integracao-e-cidadania-da-instituicao-policial","status":"publish","type":"post","link":"https:\/\/pc.sc.gov.br\/?p=28784","title":{"rendered":"Corrida da Pol\u00edcia Civil celebra 213 anos de hist\u00f3ria, integra\u00e7\u00e3o e cidadania da institui\u00e7\u00e3o policial"},"content":{"rendered":"\t\t<div data-elementor-type=\"wp-post\" data-elementor-id=\"28784\" class=\"elementor elementor-28784\" data-elementor-post-type=\"post\">\n\t\t\t\t\t\t<section class=\"elementor-section elementor-top-section elementor-element elementor-element-9e72d4c elementor-section-boxed elementor-section-height-default elementor-section-height-default\" data-id=\"9e72d4c\" data-element_type=\"section\">\n\t\t\t\t\t\t<div class=\"elementor-container elementor-column-gap-default\">\n\t\t\t\t\t<div class=\"elementor-column elementor-col-100 elementor-top-column elementor-element elementor-element-78ae496\" data-id=\"78ae496\" data-element_type=\"column\">\n\t\t\t<div class=\"elementor-widget-wrap elementor-element-populated\">\n\t\t\t\t\t\t<div class=\"elementor-element elementor-element-616d012 elementor-widget elementor-widget-heading\" data-id=\"616d012\" data-element_type=\"widget\" data-widget_type=\"heading.default\">\n\t\t\t\t<div class=\"elementor-widget-container\">\n\t\t\t\t\t<h2 class=\"elementor-heading-title elementor-size-default\">Corrida da Pol\u00edcia Civil celebra 213 anos de hist\u00f3ria, integra\u00e7\u00e3o e cidadania da institui\u00e7\u00e3o policial <\/h2>\t\t\t\t<\/div>\n\t\t\t\t<\/div>\n\t\t\t\t\t<\/div>\n\t\t<\/div>\n\t\t\t\t\t<\/div>\n\t\t<\/section>\n\t\t\t\t<section class=\"elementor-section elementor-top-section elementor-element elementor-element-b04ff60 elementor-section-boxed elementor-section-height-default elementor-section-height-default\" data-id=\"b04ff60\" data-element_type=\"section\">\n\t\t\t\t\t\t<div class=\"elementor-container elementor-column-gap-default\">\n\t\t\t\t\t<div class=\"elementor-column elementor-col-100 elementor-top-column elementor-element elementor-element-09bd18d\" data-id=\"09bd18d\" data-element_type=\"column\">\n\t\t\t<div class=\"elementor-widget-wrap elementor-element-populated\">\n\t\t\t\t\t\t<div class=\"elementor-element elementor-element-8dbe729 elementor-widget elementor-widget-image\" data-id=\"8dbe729\" data-element_type=\"widget\" data-widget_type=\"image.default\">\n\t\t\t\t<div class=\"elementor-widget-container\">\n\t\t\t\t\t\t\t\t\t\t\t\t\t\t\t<img fetchpriority=\"high\" decoding=\"async\" width=\"696\" height=\"870\" src=\"https:\/\/pc.sc.gov.br\/\/wp-content\/uploads\/2025\/05\/WhatsApp-Image-2025-05-16-at-13.32.38-819x1024.jpeg\" class=\"attachment-large size-large wp-image-28785\" alt=\"\" srcset=\"https:\/\/pc.sc.gov.br\/\/wp-content\/uploads\/2025\/05\/WhatsApp-Image-2025-05-16-at-13.32.38-819x1024.jpeg 819w, https:\/\/pc.sc.gov.br\/\/wp-content\/uploads\/2025\/05\/WhatsApp-Image-2025-05-16-at-13.32.38-240x300.jpeg 240w, https:\/\/pc.sc.gov.br\/\/wp-content\/uploads\/2025\/05\/WhatsApp-Image-2025-05-16-at-13.32.38-768x960.jpeg 768w, https:\/\/pc.sc.gov.br\/\/wp-content\/uploads\/2025\/05\/WhatsApp-Image-2025-05-16-at-13.32.38.jpeg 1080w\" sizes=\"(max-width: 696px) 100vw, 696px\" \/>\t\t\t\t\t\t\t\t\t\t\t\t\t\t\t<\/div>\n\t\t\t\t<\/div>\n\t\t\t\t\t<\/div>\n\t\t<\/div>\n\t\t\t\t\t<\/div>\n\t\t<\/section>\n\t\t\t\t<section class=\"elementor-section elementor-top-section elementor-element elementor-element-6ce3da7 elementor-section-boxed elementor-section-height-default elementor-section-height-default\" data-id=\"6ce3da7\" data-element_type=\"section\">\n\t\t\t\t\t\t<div class=\"elementor-container elementor-column-gap-default\">\n\t\t\t\t\t<div class=\"elementor-column elementor-col-100 elementor-top-column elementor-element elementor-element-a51f640\" data-id=\"a51f640\" data-element_type=\"column\">\n\t\t\t<div class=\"elementor-widget-wrap elementor-element-populated\">\n\t\t\t\t\t\t<div class=\"elementor-element elementor-element-7a6c42b elementor-widget elementor-widget-text-editor\" data-id=\"7a6c42b\" data-element_type=\"widget\" data-widget_type=\"text-editor.default\">\n\t\t\t\t<div class=\"elementor-widget-container\">\n\t\t\t\t\t\t\t\t\t<p>A Pol\u00edcia Civil de Santa Catarina convida servidores, familiares e toda a comunidade para participarem da <strong>Corrida Pol\u00edcia Civil 213 Anos<\/strong>, evento que integra as comemora\u00e7\u00f5es do anivers\u00e1rio da institui\u00e7\u00e3o e visa promover a valoriza\u00e7\u00e3o da hist\u00f3ria, o bem-estar f\u00edsico e o fortalecimento dos la\u00e7os com a sociedade.<\/p><p>Marcada para o dia <strong>17 de agosto de 2025<\/strong>, na <strong>Beira-Mar de S\u00e3o Jos\u00e9<\/strong>, a corrida contar\u00e1 com provas para todas as idades e perfis, incluindo as tradicionais dist\u00e2ncias de <strong>10 km<\/strong>, <strong>5 km<\/strong>, a <strong>caminhada de 3 km<\/strong> e a animada <strong>Corridinha Civil Kids<\/strong>, voltada ao p\u00fablico infantil.<\/p><p>Mais do que uma competi\u00e7\u00e3o, o evento \u00e9 uma oportunidade para celebrar os valores da Pol\u00edcia Civil \u2013 dedica\u00e7\u00e3o, coragem, integridade e compromisso com o servi\u00e7o p\u00fablico \u2013 ao lado daqueles que fazem parte dessa trajet\u00f3ria e da comunidade catarinense.<\/p><p><strong>Programa\u00e7\u00e3o do Evento \u2013 17\/08\/2025<\/strong><\/p><ul><li><strong>07h00<\/strong> \u2013 Pr\u00e9-aquecimento<\/li><li><strong>07h30<\/strong> \u2013 Largada da corrida 10 km<\/li><li><strong>07h40<\/strong> \u2013 Largada da corrida 5 km e caminhada 3 km<\/li><li><strong>08h30<\/strong> \u2013 Concentra\u00e7\u00e3o da Corrida Kids<\/li><\/ul><p><strong>Inscri\u00e7\u00f5es<\/strong><\/p><p>As inscri\u00e7\u00f5es est\u00e3o abertas e seguem at\u00e9 o <strong>dia 08 de agosto de 2025<\/strong>, ou enquanto houver vagas dispon\u00edveis. Todas as modalidades exigem a doa\u00e7\u00e3o de <strong>1 kg de alimento n\u00e3o perec\u00edvel<\/strong>, que ser\u00e1 destinado a institui\u00e7\u00f5es beneficentes.<\/p><p>Confira os detalhes:<\/p><p><strong>P\u00fablico Geral<\/strong><\/p><p><strong>Com kit (sacochila, camiseta, chip, n\u00famero de peito e poss\u00edveis brindes):<\/strong><\/p><ul><li>1\u00ba lote (10\/05 a 01\/07): R$ 90,00 + taxas<\/li><li>2\u00ba lote (02\/07 a 08\/08): R$ 110,00 + taxas<\/li><\/ul><p><strong>Sem kit (n\u00famero de peito e poss\u00edveis brindes):<\/strong><\/p><ul><li>1\u00ba lote (10\/05 a 01\/07): R$ 80,00 + taxas<\/li><li>2\u00ba lote (02\/07 a 08\/08): R$ 100,00 + taxas<\/li><\/ul><p><strong>Modalidades dispon\u00edveis:<\/strong> Corridas de 10 km e 5 km<\/p><p><strong>Caminhada 3 km<\/strong><\/p><ul><li>\u00danico lote (10\/05 a 08\/08): R$ 60,00 + taxas<\/li><\/ul><p><strong>Inscri\u00e7\u00e3o Exclusiva para Policiais Civis<\/strong><\/p><p><strong>Com kit:<\/strong><\/p><ul><li>\u00danico lote (10\/05 a 08\/08): R$ 30,00 + taxas<\/li><\/ul><p><strong>Sem kit:<\/strong><\/p><ul><li>Gratuita + taxas (10\/05 a 08\/08)<\/li><\/ul><p><strong>Corridinha Civil Kids<\/strong><\/p><p><strong>Com kit:<\/strong><\/p><ul><li>R$ 25,00 + taxas<\/li><\/ul><p><strong>Sem kit:<\/strong><\/p><ul><li>Gratuita + taxas<\/li><\/ul><p><strong>Retirada dos Kits<\/strong><\/p><p>A retirada dos kits ser\u00e1 realizada em datas e locais a serem informados pela organiza\u00e7\u00e3o. Ser\u00e1 permitida a retirada por terceiros mediante apresenta\u00e7\u00e3o de <strong>autoriza\u00e7\u00e3o por escrito<\/strong>, <strong>confirma\u00e7\u00e3o de inscri\u00e7\u00e3o<\/strong> e <strong>documento de identidade<\/strong> do respons\u00e1vel pela retirada.<\/p><p><strong>Premia\u00e7\u00e3o<\/strong><\/p><p>Todos os participantes que completarem o percurso receber\u00e3o <strong>medalha de participa\u00e7\u00e3o<\/strong>. Haver\u00e1 tamb\u00e9m trof\u00e9us para os primeiros colocados das provas de 5 km e 10 km, nas categorias geral e por faixa et\u00e1ria.<\/p><p><strong>Corrida 5 km<\/strong><\/p><ul><li><strong>Geral:<\/strong> Trof\u00e9u para os 5 primeiros (masculino e feminino)<\/li><li><strong>Faixas et\u00e1rias (3 primeiros por faixa):<\/strong><br \/>14\u201319, 20\u201329, 30\u201339, 40\u201349, 50\u201359, 60\u201364, 65\u201369, 70\u201379, acima de 80 anos.<\/li><\/ul><p><strong>Corrida 10 km<\/strong><\/p><ul><li><strong>Geral:<\/strong> Trof\u00e9u para os 5 primeiros (masculino e feminino)<\/li><li><strong>Faixas et\u00e1rias (3 primeiros por faixa):<\/strong><br \/>15\u201319, 20\u201329, 30\u201339, 40\u201349, 50\u201359, 60\u201364, 65\u201369, 70\u201379, acima de 80 anos.<\/li><\/ul><p><strong>As inscri\u00e7\u00f5es podem ser realizadas pelo link: <a href=\"http:\/\/ticketsports.com.br\/e\/corrida-policia-civil-sao-jose-sc-2025-72519\">http:\/\/ticketsports.com.br\/e\/corrida-policia-civil-sao-jose-sc-2025-72519<\/a> <\/strong><\/p>\t\t\t\t\t\t\t\t<\/div>\n\t\t\t\t<\/div>\n\t\t\t\t\t<\/div>\n\t\t<\/div>\n\t\t\t\t\t<\/div>\n\t\t<\/section>\n\t\t\t\t<\/div>\n\t\t","protected":false},"excerpt":{"rendered":"<p>Corrida da Pol\u00edcia Civil celebra 213 anos de hist\u00f3ria, integra\u00e7\u00e3o e cidadania da institui\u00e7\u00e3o policial A Pol\u00edcia Civil de Santa Catarina convida servidores, familiares e toda a comunidade para participarem da Corrida Pol\u00edcia Civil 213 Anos, evento que integra as comemora\u00e7\u00f5es do anivers\u00e1rio da institui\u00e7\u00e3o e visa promover a valoriza\u00e7\u00e3o da hist\u00f3ria, o bem-estar f\u00edsico [&hellip;]<\/p>\n","protected":false},"author":5,"featured_media":28785,"comment_status":"closed","ping_status":"open","sticky":false,"template":"","format":"standard","meta":{"_monsterinsights_skip_tracking":false,"_monsterinsights_sitenote_active":false,"_monsterinsights_sitenote_note":"","_monsterinsights_sitenote_category":0,"footnotes":""},"categories":[1],"tags":[],"class_list":["post-28784","post","type-post","status-publish","format-standard","has-post-thumbnail","hentry","category-sem-categoria"],"_links":{"self":[{"href":"https:\/\/pc.sc.gov.br\/index.php?rest_route=\/wp\/v2\/posts\/28784","targetHints":{"allow":["GET"]}}],"collection":[{"href":"https:\/\/pc.sc.gov.br\/index.php?rest_route=\/wp\/v2\/posts"}],"about":[{"href":"https:\/\/pc.sc.gov.br\/index.php?rest_route=\/wp\/v2\/types\/post"}],"author":[{"embeddable":true,"href":"https:\/\/pc.sc.gov.br\/index.php?rest_route=\/wp\/v2\/users\/5"}],"replies":[{"embeddable":true,"href":"https:\/\/pc.sc.gov.br\/index.php?rest_route=%2Fwp%2Fv2%2Fcomments&post=28784"}],"version-history":[{"count":4,"href":"https:\/\/pc.sc.gov.br\/index.php?rest_route=\/wp\/v2\/posts\/28784\/revisions"}],"predecessor-version":[{"id":28789,"href":"https:\/\/pc.sc.gov.br\/index.php?rest_route=\/wp\/v2\/posts\/28784\/revisions\/28789"}],"wp:featuredmedia":[{"embeddable":true,"href":"https:\/\/pc.sc.gov.br\/index.php?rest_route=\/wp\/v2\/media\/28785"}],"wp:attachment":[{"href":"https:\/\/pc.sc.gov.br\/index.php?rest_route=%2Fwp%2Fv2%2Fmedia&parent=28784"}],"wp:term":[{"taxonomy":"category","embeddable":true,"href":"https:\/\/pc.sc.gov.br\/index.php?rest_route=%2Fwp%2Fv2%2Fcategories&post=28784"},{"taxonomy":"post_tag","embeddable":true,"href":"https:\/\/pc.sc.gov.br\/index.php?rest_route=%2Fwp%2Fv2%2Ftags&post=28784"}],"curies":[{"name":"wp","href":"https:\/\/api.w.org\/{rel}","templated":true}]}}