{"id":28791,"date":"2025-05-16T13:51:19","date_gmt":"2025-05-16T16:51:19","guid":{"rendered":"https:\/\/pc.sc.gov.br\/?p=28791"},"modified":"2025-05-16T13:54:36","modified_gmt":"2025-05-16T16:54:36","slug":"operacao-da-dic-de-lages-com-o-apoio-da-pmsc-resulta-na-prisao-de-sete-pessoas-envolvidas-em-crime-de-homicidio-e-trafico","status":"publish","type":"post","link":"https:\/\/pc.sc.gov.br\/?p=28791","title":{"rendered":"Opera\u00e7\u00e3o da DIC de Lages com o apoio da PMSC resulta na pris\u00e3o de sete pessoas envolvidas em crimes de homic\u00eddio e tr\u00e1fico"},"content":{"rendered":"\t\t<div data-elementor-type=\"wp-post\" data-elementor-id=\"28791\" class=\"elementor elementor-28791\" data-elementor-post-type=\"post\">\n\t\t\t\t\t\t<section class=\"elementor-section elementor-top-section elementor-element elementor-element-99d8739 elementor-section-boxed elementor-section-height-default elementor-section-height-default\" data-id=\"99d8739\" data-element_type=\"section\">\n\t\t\t\t\t\t<div class=\"elementor-container elementor-column-gap-default\">\n\t\t\t\t\t<div class=\"elementor-column elementor-col-100 elementor-top-column elementor-element elementor-element-1d9c06a\" data-id=\"1d9c06a\" data-element_type=\"column\">\n\t\t\t<div class=\"elementor-widget-wrap elementor-element-populated\">\n\t\t\t\t\t\t<div class=\"elementor-element elementor-element-2c82fdb elementor-widget elementor-widget-heading\" data-id=\"2c82fdb\" data-element_type=\"widget\" data-widget_type=\"heading.default\">\n\t\t\t\t<div class=\"elementor-widget-container\">\n\t\t\t\t\t<h2 class=\"elementor-heading-title elementor-size-default\">Opera\u00e7\u00e3o da DIC de Lages com apoio da PMSC resulta na pris\u00e3o de sete pessoas envolvidas em crimes de homic\u00eddio e tr\u00e1fico <\/h2>\t\t\t\t<\/div>\n\t\t\t\t<\/div>\n\t\t\t\t\t<\/div>\n\t\t<\/div>\n\t\t\t\t\t<\/div>\n\t\t<\/section>\n\t\t\t\t<section class=\"elementor-section elementor-top-section elementor-element elementor-element-615f819 elementor-section-boxed elementor-section-height-default elementor-section-height-default\" data-id=\"615f819\" data-element_type=\"section\">\n\t\t\t\t\t\t<div class=\"elementor-container elementor-column-gap-default\">\n\t\t\t\t\t<div class=\"elementor-column elementor-col-100 elementor-top-column elementor-element elementor-element-1a28f7f\" data-id=\"1a28f7f\" data-element_type=\"column\">\n\t\t\t<div class=\"elementor-widget-wrap elementor-element-populated\">\n\t\t\t\t\t\t<div class=\"elementor-element elementor-element-5fe7b9d elementor-widget elementor-widget-image\" data-id=\"5fe7b9d\" data-element_type=\"widget\" data-widget_type=\"image.default\">\n\t\t\t\t<div class=\"elementor-widget-container\">\n\t\t\t\t\t\t\t\t\t\t\t\t\t\t\t<img fetchpriority=\"high\" decoding=\"async\" width=\"696\" height=\"391\" src=\"https:\/\/pc.sc.gov.br\/\/wp-content\/uploads\/2025\/05\/WhatsApp-Image-2025-05-16-at-08.54.22-1-1024x575.jpeg\" class=\"attachment-large size-large wp-image-28792\" alt=\"\" srcset=\"https:\/\/pc.sc.gov.br\/\/wp-content\/uploads\/2025\/05\/WhatsApp-Image-2025-05-16-at-08.54.22-1-1024x575.jpeg 1024w, https:\/\/pc.sc.gov.br\/\/wp-content\/uploads\/2025\/05\/WhatsApp-Image-2025-05-16-at-08.54.22-1-300x169.jpeg 300w, https:\/\/pc.sc.gov.br\/\/wp-content\/uploads\/2025\/05\/WhatsApp-Image-2025-05-16-at-08.54.22-1-768x431.jpeg 768w, https:\/\/pc.sc.gov.br\/\/wp-content\/uploads\/2025\/05\/WhatsApp-Image-2025-05-16-at-08.54.22-1.jpeg 1280w\" sizes=\"(max-width: 696px) 100vw, 696px\" \/>\t\t\t\t\t\t\t\t\t\t\t\t\t\t\t<\/div>\n\t\t\t\t<\/div>\n\t\t\t\t\t<\/div>\n\t\t<\/div>\n\t\t\t\t\t<\/div>\n\t\t<\/section>\n\t\t\t\t<section class=\"elementor-section elementor-top-section elementor-element elementor-element-e0ba661 elementor-section-boxed elementor-section-height-default elementor-section-height-default\" data-id=\"e0ba661\" data-element_type=\"section\">\n\t\t\t\t\t\t<div class=\"elementor-container elementor-column-gap-default\">\n\t\t\t\t\t<div class=\"elementor-column elementor-col-100 elementor-top-column elementor-element elementor-element-0fbe80d\" data-id=\"0fbe80d\" data-element_type=\"column\">\n\t\t\t<div class=\"elementor-widget-wrap elementor-element-populated\">\n\t\t\t\t\t\t<div class=\"elementor-element elementor-element-a94be91 elementor-widget elementor-widget-text-editor\" data-id=\"a94be91\" data-element_type=\"widget\" data-widget_type=\"text-editor.default\">\n\t\t\t\t<div class=\"elementor-widget-container\">\n\t\t\t\t\t\t\t\t\t<p>A Pol\u00edcia Civil de Santa Catarina, por meio da Delegacia de Investiga\u00e7\u00e3o Criminal (DIC) de Lages, com apoio da Pol\u00edcia Militar de Lages (PPT), Ag\u00eancia de Intelig\u00eancia, ROCAN e Canil realizou opera\u00e7\u00e3o policial na manh\u00e3 desta sexta-feira (16), visando o cumprimento de seis mandados de pris\u00e3o e seis mandados de buscas e apreens\u00f5es.<\/p>\n<p>As investiga\u00e7\u00f5es visam apurar a pr\u00e1tica dos crimes de homic\u00eddio qualificado, integrar organiza\u00e7\u00e3o criminosa, tr\u00e1fico de drogas e associa\u00e7\u00e3o para o tr\u00e1fico de drogas. O crime de homic\u00eddio cometido pelo grupo ocorreu em 5\/1\/25, no bairro Tributo, por meio de disparos de arma de fogo.<\/p>\n<p>Durante as buscas e apreens\u00f5es foram apreendidas drogas como maconha, coca\u00edna e ecstasy, balan\u00e7as, anota\u00e7\u00f5es do tr\u00e1fico e diversos outros itens de interesse para as investiga\u00e7\u00f5es.&nbsp;<span style=\"letter-spacing: -0.2px;\">Ap\u00f3s o cumprimento das cautelares, os presos foram encaminhados a DIC para a lavratura dos procedimentos cab\u00edveis, em seguida, foram encaminhados para o Pres\u00eddio de Lages.<\/span><\/p>\n<p>Foram presos tr\u00eas investigados em flagrante delito pela pr\u00e1tica dos crimes de tr\u00e1fico de drogas e associa\u00e7\u00e3o para o tr\u00e1fico e quatro investigados por for\u00e7a de mandado de pris\u00e3o.<\/p>\t\t\t\t\t\t\t\t<\/div>\n\t\t\t\t<\/div>\n\t\t\t\t\t<\/div>\n\t\t<\/div>\n\t\t\t\t\t<\/div>\n\t\t<\/section>\n\t\t\t\t<section class=\"elementor-section elementor-top-section elementor-element elementor-element-3457b1c elementor-section-boxed elementor-section-height-default elementor-section-height-default\" data-id=\"3457b1c\" data-element_type=\"section\">\n\t\t\t\t\t\t<div class=\"elementor-container elementor-column-gap-default\">\n\t\t\t\t\t<div class=\"elementor-column elementor-col-100 elementor-top-column elementor-element elementor-element-e9f0e14\" data-id=\"e9f0e14\" data-element_type=\"column\">\n\t\t\t<div class=\"elementor-widget-wrap elementor-element-populated\">\n\t\t\t\t\t\t<div class=\"elementor-element elementor-element-ce5af15 elementor-widget__width-initial elementor-widget elementor-widget-video\" data-id=\"ce5af15\" data-element_type=\"widget\" data-settings=\"{&quot;video_type&quot;:&quot;hosted&quot;,&quot;controls&quot;:&quot;yes&quot;}\" data-widget_type=\"video.default\">\n\t\t\t\t<div class=\"elementor-widget-container\">\n\t\t\t\t\t\t\t<div class=\"e-hosted-video elementor-wrapper elementor-open-inline\">\n\t\t\t\t\t<video class=\"elementor-video\" src=\"https:\/\/pc.sc.gov.br\/wp-content\/uploads\/2025\/05\/WhatsApp-Video-2025-05-16-at-08.54.23.mp4\" controls=\"\" preload=\"metadata\"><\/video>\n\t\t\t\t<\/div>\n\t\t\t\t\t\t<\/div>\n\t\t\t\t<\/div>\n\t\t\t\t\t<\/div>\n\t\t<\/div>\n\t\t\t\t\t<\/div>\n\t\t<\/section>\n\t\t\t\t<\/div>\n\t\t","protected":false},"excerpt":{"rendered":"<p>Opera\u00e7\u00e3o da DIC de Lages com apoio da PMSC resulta na pris\u00e3o de sete pessoas envolvidas em crimes de homic\u00eddio e tr\u00e1fico A Pol\u00edcia Civil de Santa Catarina, por meio da Delegacia de Investiga\u00e7\u00e3o Criminal (DIC) de Lages, com apoio da Pol\u00edcia Militar de Lages (PPT), Ag\u00eancia de Intelig\u00eancia, ROCAN e Canil realizou opera\u00e7\u00e3o policial [&hellip;]<\/p>\n","protected":false},"author":5,"featured_media":28792,"comment_status":"closed","ping_status":"open","sticky":false,"template":"","format":"standard","meta":{"_monsterinsights_skip_tracking":false,"_monsterinsights_sitenote_active":false,"_monsterinsights_sitenote_note":"","_monsterinsights_sitenote_category":0,"footnotes":""},"categories":[1],"tags":[],"class_list":["post-28791","post","type-post","status-publish","format-standard","has-post-thumbnail","hentry","category-sem-categoria"],"_links":{"self":[{"href":"https:\/\/pc.sc.gov.br\/index.php?rest_route=\/wp\/v2\/posts\/28791","targetHints":{"allow":["GET"]}}],"collection":[{"href":"https:\/\/pc.sc.gov.br\/index.php?rest_route=\/wp\/v2\/posts"}],"about":[{"href":"https:\/\/pc.sc.gov.br\/index.php?rest_route=\/wp\/v2\/types\/post"}],"author":[{"embeddable":true,"href":"https:\/\/pc.sc.gov.br\/index.php?rest_route=\/wp\/v2\/users\/5"}],"replies":[{"embeddable":true,"href":"https:\/\/pc.sc.gov.br\/index.php?rest_route=%2Fwp%2Fv2%2Fcomments&post=28791"}],"version-history":[{"count":7,"href":"https:\/\/pc.sc.gov.br\/index.php?rest_route=\/wp\/v2\/posts\/28791\/revisions"}],"predecessor-version":[{"id":28800,"href":"https:\/\/pc.sc.gov.br\/index.php?rest_route=\/wp\/v2\/posts\/28791\/revisions\/28800"}],"wp:featuredmedia":[{"embeddable":true,"href":"https:\/\/pc.sc.gov.br\/index.php?rest_route=\/wp\/v2\/media\/28792"}],"wp:attachment":[{"href":"https:\/\/pc.sc.gov.br\/index.php?rest_route=%2Fwp%2Fv2%2Fmedia&parent=28791"}],"wp:term":[{"taxonomy":"category","embeddable":true,"href":"https:\/\/pc.sc.gov.br\/index.php?rest_route=%2Fwp%2Fv2%2Fcategories&post=28791"},{"taxonomy":"post_tag","embeddable":true,"href":"https:\/\/pc.sc.gov.br\/index.php?rest_route=%2Fwp%2Fv2%2Ftags&post=28791"}],"curies":[{"name":"wp","href":"https:\/\/api.w.org\/{rel}","templated":true}]}}