{"id":28801,"date":"2025-05-16T14:13:13","date_gmt":"2025-05-16T17:13:13","guid":{"rendered":"https:\/\/pc.sc.gov.br\/?p=28801"},"modified":"2025-05-16T14:16:39","modified_gmt":"2025-05-16T17:16:39","slug":"dic-de-joacaba-cumpre-mandados-de-prisao-de-investigados-pelo-furto-de-armas-em-ipira","status":"publish","type":"post","link":"https:\/\/pc.sc.gov.br\/?p=28801","title":{"rendered":"DIC de Joa\u00e7aba cumpre mandados de pris\u00e3o de investigados pelo furto de armas em Ipira"},"content":{"rendered":"\t\t<div data-elementor-type=\"wp-post\" data-elementor-id=\"28801\" class=\"elementor elementor-28801\" data-elementor-post-type=\"post\">\n\t\t\t\t\t\t<section class=\"elementor-section elementor-top-section elementor-element elementor-element-e02a9c5 elementor-section-boxed elementor-section-height-default elementor-section-height-default\" data-id=\"e02a9c5\" data-element_type=\"section\">\n\t\t\t\t\t\t<div class=\"elementor-container elementor-column-gap-default\">\n\t\t\t\t\t<div class=\"elementor-column elementor-col-100 elementor-top-column elementor-element elementor-element-2ef9c7d\" data-id=\"2ef9c7d\" data-element_type=\"column\">\n\t\t\t<div class=\"elementor-widget-wrap elementor-element-populated\">\n\t\t\t\t\t\t<div class=\"elementor-element elementor-element-308c46a elementor-widget elementor-widget-heading\" data-id=\"308c46a\" data-element_type=\"widget\" data-widget_type=\"heading.default\">\n\t\t\t\t<div class=\"elementor-widget-container\">\n\t\t\t\t\t<h2 class=\"elementor-heading-title elementor-size-default\">DIC de Joa\u00e7aba cumpre mandados de pris\u00e3o de investigados pelo furto de armas em loja de Ipira<\/h2>\t\t\t\t<\/div>\n\t\t\t\t<\/div>\n\t\t\t\t\t<\/div>\n\t\t<\/div>\n\t\t\t\t\t<\/div>\n\t\t<\/section>\n\t\t\t\t<section class=\"elementor-section elementor-top-section elementor-element elementor-element-dcd609b elementor-section-boxed elementor-section-height-default elementor-section-height-default\" data-id=\"dcd609b\" data-element_type=\"section\">\n\t\t\t\t\t\t<div class=\"elementor-container elementor-column-gap-default\">\n\t\t\t\t\t<div class=\"elementor-column elementor-col-100 elementor-top-column elementor-element elementor-element-dc0a526\" data-id=\"dc0a526\" data-element_type=\"column\">\n\t\t\t<div class=\"elementor-widget-wrap elementor-element-populated\">\n\t\t\t\t\t\t<div class=\"elementor-element elementor-element-5a9f161 elementor-widget elementor-widget-image\" data-id=\"5a9f161\" data-element_type=\"widget\" data-widget_type=\"image.default\">\n\t\t\t\t<div class=\"elementor-widget-container\">\n\t\t\t\t\t\t\t\t\t\t\t\t\t\t\t<img fetchpriority=\"high\" decoding=\"async\" width=\"696\" height=\"513\" src=\"https:\/\/pc.sc.gov.br\/\/wp-content\/uploads\/2025\/05\/WhatsApp-Image-2025-05-16-at-11.37.14-fotor-20250516141335.jpg\" class=\"attachment-large size-large wp-image-28802\" alt=\"\" srcset=\"https:\/\/pc.sc.gov.br\/\/wp-content\/uploads\/2025\/05\/WhatsApp-Image-2025-05-16-at-11.37.14-fotor-20250516141335.jpg 868w, https:\/\/pc.sc.gov.br\/\/wp-content\/uploads\/2025\/05\/WhatsApp-Image-2025-05-16-at-11.37.14-fotor-20250516141335-300x221.jpg 300w, https:\/\/pc.sc.gov.br\/\/wp-content\/uploads\/2025\/05\/WhatsApp-Image-2025-05-16-at-11.37.14-fotor-20250516141335-768x566.jpg 768w\" sizes=\"(max-width: 696px) 100vw, 696px\" \/>\t\t\t\t\t\t\t\t\t\t\t\t\t\t\t<\/div>\n\t\t\t\t<\/div>\n\t\t\t\t\t<\/div>\n\t\t<\/div>\n\t\t\t\t\t<\/div>\n\t\t<\/section>\n\t\t\t\t<section class=\"elementor-section elementor-top-section elementor-element elementor-element-af9027c elementor-section-boxed elementor-section-height-default elementor-section-height-default\" data-id=\"af9027c\" data-element_type=\"section\">\n\t\t\t\t\t\t<div class=\"elementor-container elementor-column-gap-default\">\n\t\t\t\t\t<div class=\"elementor-column elementor-col-100 elementor-top-column elementor-element elementor-element-ced6206\" data-id=\"ced6206\" data-element_type=\"column\">\n\t\t\t<div class=\"elementor-widget-wrap elementor-element-populated\">\n\t\t\t\t\t\t<div class=\"elementor-element elementor-element-53a575e elementor-widget elementor-widget-text-editor\" data-id=\"53a575e\" data-element_type=\"widget\" data-widget_type=\"text-editor.default\">\n\t\t\t\t<div class=\"elementor-widget-container\">\n\t\t\t\t\t\t\t\t\t<p>A Pol\u00edcia Civil de Santa Catarina, por interm\u00e9dio da Delegacia de Investiga\u00e7\u00f5es Criminais (DIC) de Joa\u00e7aba e com apoio de policiais da Comarca de Capinzal e da regi\u00e3o de Lages, cumpriu nesta sexta-feira (16) tr\u00eas mandados de Pris\u00e3o Preventiva na cidade de Lages. Os mandados se referem \u00e0 pr\u00e1tica de crime de furto, de 150 armas de fogo, praticado por duas pessoas, no dia 09 de outubro de 2024, em uma loja agropecu\u00e1ria, na cidade de Ipira-SC. A ordens Judiciais foram decretas pelo Poder Judici\u00e1rio da Vara de Garantias da Comarca de Ca\u00e7ador, com manifesta\u00e7\u00e3o favor\u00e1vel do Minist\u00e9rio P\u00fablico.<\/p><p>Os suspeitos foram recolhidos ao pres\u00eddio de Lages. Outros investigados respondem em liberdade, a exemplo de um adolescente, filho de uma das pessoas que foi presa hoje, que est\u00e1 diretamente ligado ao crime. Cerca de 10 armas j\u00e1 foram apreendidas em m\u00e3os de receptadores pelas pol\u00edcias de Lages, por\u00e9m ningu\u00e9m se recorda de quem as compraram.<\/p><p>A DIC de Joa\u00e7aba agradece o apoio de todos os policiais que colaboraram nas investiga\u00e7\u00f5es e dilig\u00eancias de buscas pris\u00f5es.<\/p>\t\t\t\t\t\t\t\t<\/div>\n\t\t\t\t<\/div>\n\t\t\t\t\t<\/div>\n\t\t<\/div>\n\t\t\t\t\t<\/div>\n\t\t<\/section>\n\t\t\t\t<\/div>\n\t\t","protected":false},"excerpt":{"rendered":"<p>DIC de Joa\u00e7aba cumpre mandados de pris\u00e3o de investigados pelo furto de armas em loja de Ipira A Pol\u00edcia Civil de Santa Catarina, por interm\u00e9dio da Delegacia de Investiga\u00e7\u00f5es Criminais (DIC) de Joa\u00e7aba e com apoio de policiais da Comarca de Capinzal e da regi\u00e3o de Lages, cumpriu nesta sexta-feira (16) tr\u00eas mandados de Pris\u00e3o [&hellip;]<\/p>\n","protected":false},"author":5,"featured_media":28802,"comment_status":"closed","ping_status":"open","sticky":false,"template":"","format":"standard","meta":{"_monsterinsights_skip_tracking":false,"_monsterinsights_sitenote_active":false,"_monsterinsights_sitenote_note":"","_monsterinsights_sitenote_category":0,"footnotes":""},"categories":[1],"tags":[],"class_list":["post-28801","post","type-post","status-publish","format-standard","has-post-thumbnail","hentry","category-sem-categoria"],"_links":{"self":[{"href":"https:\/\/pc.sc.gov.br\/index.php?rest_route=\/wp\/v2\/posts\/28801","targetHints":{"allow":["GET"]}}],"collection":[{"href":"https:\/\/pc.sc.gov.br\/index.php?rest_route=\/wp\/v2\/posts"}],"about":[{"href":"https:\/\/pc.sc.gov.br\/index.php?rest_route=\/wp\/v2\/types\/post"}],"author":[{"embeddable":true,"href":"https:\/\/pc.sc.gov.br\/index.php?rest_route=\/wp\/v2\/users\/5"}],"replies":[{"embeddable":true,"href":"https:\/\/pc.sc.gov.br\/index.php?rest_route=%2Fwp%2Fv2%2Fcomments&post=28801"}],"version-history":[{"count":3,"href":"https:\/\/pc.sc.gov.br\/index.php?rest_route=\/wp\/v2\/posts\/28801\/revisions"}],"predecessor-version":[{"id":28805,"href":"https:\/\/pc.sc.gov.br\/index.php?rest_route=\/wp\/v2\/posts\/28801\/revisions\/28805"}],"wp:featuredmedia":[{"embeddable":true,"href":"https:\/\/pc.sc.gov.br\/index.php?rest_route=\/wp\/v2\/media\/28802"}],"wp:attachment":[{"href":"https:\/\/pc.sc.gov.br\/index.php?rest_route=%2Fwp%2Fv2%2Fmedia&parent=28801"}],"wp:term":[{"taxonomy":"category","embeddable":true,"href":"https:\/\/pc.sc.gov.br\/index.php?rest_route=%2Fwp%2Fv2%2Fcategories&post=28801"},{"taxonomy":"post_tag","embeddable":true,"href":"https:\/\/pc.sc.gov.br\/index.php?rest_route=%2Fwp%2Fv2%2Ftags&post=28801"}],"curies":[{"name":"wp","href":"https:\/\/api.w.org\/{rel}","templated":true}]}}