{"id":28806,"date":"2025-05-16T14:37:25","date_gmt":"2025-05-16T17:37:25","guid":{"rendered":"https:\/\/pc.sc.gov.br\/?p=28806"},"modified":"2025-05-16T14:38:37","modified_gmt":"2025-05-16T17:38:37","slug":"em-itapema-pcsc-indicia-medico-anestesista-por-homicidio-culposo","status":"publish","type":"post","link":"https:\/\/pc.sc.gov.br\/?p=28806","title":{"rendered":"Em Itapema, PCSC indicia m\u00e9dico anestesista por homic\u00eddio culposo"},"content":{"rendered":"\t\t<div data-elementor-type=\"wp-post\" data-elementor-id=\"28806\" class=\"elementor elementor-28806\" data-elementor-post-type=\"post\">\n\t\t\t\t\t\t<section class=\"elementor-section elementor-top-section elementor-element elementor-element-f7fca1b elementor-section-boxed elementor-section-height-default elementor-section-height-default\" data-id=\"f7fca1b\" data-element_type=\"section\">\n\t\t\t\t\t\t<div class=\"elementor-container elementor-column-gap-default\">\n\t\t\t\t\t<div class=\"elementor-column elementor-col-100 elementor-top-column elementor-element elementor-element-7989de5\" data-id=\"7989de5\" data-element_type=\"column\">\n\t\t\t<div class=\"elementor-widget-wrap elementor-element-populated\">\n\t\t\t\t\t\t<div class=\"elementor-element elementor-element-51e3fff elementor-widget elementor-widget-heading\" data-id=\"51e3fff\" data-element_type=\"widget\" data-widget_type=\"heading.default\">\n\t\t\t\t<div class=\"elementor-widget-container\">\n\t\t\t\t\t<h2 class=\"elementor-heading-title elementor-size-default\">Em Itapema, PCSC indicia m\u00e9dico anestesista por homic\u00eddio culposo<\/h2>\t\t\t\t<\/div>\n\t\t\t\t<\/div>\n\t\t\t\t\t<\/div>\n\t\t<\/div>\n\t\t\t\t\t<\/div>\n\t\t<\/section>\n\t\t\t\t<section class=\"elementor-section elementor-top-section elementor-element elementor-element-575bd61 elementor-section-boxed elementor-section-height-default elementor-section-height-default\" data-id=\"575bd61\" data-element_type=\"section\">\n\t\t\t\t\t\t<div class=\"elementor-container elementor-column-gap-default\">\n\t\t\t\t\t<div class=\"elementor-column elementor-col-100 elementor-top-column elementor-element elementor-element-ea32d16\" data-id=\"ea32d16\" data-element_type=\"column\">\n\t\t\t<div class=\"elementor-widget-wrap elementor-element-populated\">\n\t\t\t\t\t\t<div class=\"elementor-element elementor-element-23a7708 elementor-widget elementor-widget-image\" data-id=\"23a7708\" data-element_type=\"widget\" data-widget_type=\"image.default\">\n\t\t\t\t<div class=\"elementor-widget-container\">\n\t\t\t\t\t\t\t\t\t\t\t\t\t\t\t<img fetchpriority=\"high\" decoding=\"async\" width=\"696\" height=\"464\" src=\"https:\/\/pc.sc.gov.br\/\/wp-content\/uploads\/2025\/03\/MOTEL-INTERDITADO-fotor-20250114173939.jpg\" class=\"attachment-large size-large wp-image-27408\" alt=\"\" srcset=\"https:\/\/pc.sc.gov.br\/\/wp-content\/uploads\/2025\/03\/MOTEL-INTERDITADO-fotor-20250114173939.jpg 809w, https:\/\/pc.sc.gov.br\/\/wp-content\/uploads\/2025\/03\/MOTEL-INTERDITADO-fotor-20250114173939-300x200.jpg 300w, https:\/\/pc.sc.gov.br\/\/wp-content\/uploads\/2025\/03\/MOTEL-INTERDITADO-fotor-20250114173939-768x512.jpg 768w\" sizes=\"(max-width: 696px) 100vw, 696px\" \/>\t\t\t\t\t\t\t\t\t\t\t\t\t\t\t<\/div>\n\t\t\t\t<\/div>\n\t\t\t\t\t<\/div>\n\t\t<\/div>\n\t\t\t\t\t<\/div>\n\t\t<\/section>\n\t\t\t\t<section class=\"elementor-section elementor-top-section elementor-element elementor-element-20de013 elementor-section-boxed elementor-section-height-default elementor-section-height-default\" data-id=\"20de013\" data-element_type=\"section\">\n\t\t\t\t\t\t<div class=\"elementor-container elementor-column-gap-default\">\n\t\t\t\t\t<div class=\"elementor-column elementor-col-100 elementor-top-column elementor-element elementor-element-02c35e6\" data-id=\"02c35e6\" data-element_type=\"column\">\n\t\t\t<div class=\"elementor-widget-wrap elementor-element-populated\">\n\t\t\t\t\t\t<div class=\"elementor-element elementor-element-dc7cbb9 elementor-widget elementor-widget-text-editor\" data-id=\"dc7cbb9\" data-element_type=\"widget\" data-widget_type=\"text-editor.default\">\n\t\t\t\t<div class=\"elementor-widget-container\">\n\t\t\t\t\t\t\t\t\t<p>A Pol\u00edcia Civil de Santa Catarina, por meio da Delegacia de Pol\u00edcia de Itapema concluiu o Inqu\u00e9rito Policial sobre a morte de um paciente, durante um procedimento de anestesia geral, para realiza\u00e7\u00e3o de tatuagem e indiciou o m\u00e9dico anestesista por homic\u00eddio culposo \u2014 quando n\u00e3o h\u00e1 inten\u00e7\u00e3o de matar.<\/p><p>De acordo com a investiga\u00e7\u00e3o, o profissional teria agido com neglig\u00eancia ao n\u00e3o solicitar exames espec\u00edficos que poderiam indicar riscos \u00e0 realiza\u00e7\u00e3o da anestesia geral pelo paciente.\u00a0<\/p><p>As investiga\u00e7\u00f5es apontaram que, caso esses exames tivessem sido feitos, haveria informa\u00e7\u00f5es suficientes para evitar a administra\u00e7\u00e3o do procedimento adotado, que acabou levando \u00e0 morte do paciente.<\/p><p>O inqu\u00e9rito agora ser\u00e1 encaminhado ao Minist\u00e9rio P\u00fablico, que decidir\u00e1 se oferece den\u00fancia \u00e0 Justi\u00e7a.<\/p>\t\t\t\t\t\t\t\t<\/div>\n\t\t\t\t<\/div>\n\t\t\t\t\t<\/div>\n\t\t<\/div>\n\t\t\t\t\t<\/div>\n\t\t<\/section>\n\t\t\t\t<\/div>\n\t\t","protected":false},"excerpt":{"rendered":"<p>Em Itapema, PCSC indicia m\u00e9dico anestesista por homic\u00eddio culposo A Pol\u00edcia Civil de Santa Catarina, por meio da Delegacia de Pol\u00edcia de Itapema concluiu o Inqu\u00e9rito Policial sobre a morte de um paciente, durante um procedimento de anestesia geral, para realiza\u00e7\u00e3o de tatuagem e indiciou o m\u00e9dico anestesista por homic\u00eddio culposo \u2014 quando n\u00e3o h\u00e1 [&hellip;]<\/p>\n","protected":false},"author":5,"featured_media":27408,"comment_status":"closed","ping_status":"open","sticky":false,"template":"","format":"standard","meta":{"_monsterinsights_skip_tracking":false,"_monsterinsights_sitenote_active":false,"_monsterinsights_sitenote_note":"","_monsterinsights_sitenote_category":0,"footnotes":""},"categories":[1],"tags":[],"class_list":["post-28806","post","type-post","status-publish","format-standard","has-post-thumbnail","hentry","category-sem-categoria"],"_links":{"self":[{"href":"https:\/\/pc.sc.gov.br\/index.php?rest_route=\/wp\/v2\/posts\/28806","targetHints":{"allow":["GET"]}}],"collection":[{"href":"https:\/\/pc.sc.gov.br\/index.php?rest_route=\/wp\/v2\/posts"}],"about":[{"href":"https:\/\/pc.sc.gov.br\/index.php?rest_route=\/wp\/v2\/types\/post"}],"author":[{"embeddable":true,"href":"https:\/\/pc.sc.gov.br\/index.php?rest_route=\/wp\/v2\/users\/5"}],"replies":[{"embeddable":true,"href":"https:\/\/pc.sc.gov.br\/index.php?rest_route=%2Fwp%2Fv2%2Fcomments&post=28806"}],"version-history":[{"count":4,"href":"https:\/\/pc.sc.gov.br\/index.php?rest_route=\/wp\/v2\/posts\/28806\/revisions"}],"predecessor-version":[{"id":28810,"href":"https:\/\/pc.sc.gov.br\/index.php?rest_route=\/wp\/v2\/posts\/28806\/revisions\/28810"}],"wp:featuredmedia":[{"embeddable":true,"href":"https:\/\/pc.sc.gov.br\/index.php?rest_route=\/wp\/v2\/media\/27408"}],"wp:attachment":[{"href":"https:\/\/pc.sc.gov.br\/index.php?rest_route=%2Fwp%2Fv2%2Fmedia&parent=28806"}],"wp:term":[{"taxonomy":"category","embeddable":true,"href":"https:\/\/pc.sc.gov.br\/index.php?rest_route=%2Fwp%2Fv2%2Fcategories&post=28806"},{"taxonomy":"post_tag","embeddable":true,"href":"https:\/\/pc.sc.gov.br\/index.php?rest_route=%2Fwp%2Fv2%2Ftags&post=28806"}],"curies":[{"name":"wp","href":"https:\/\/api.w.org\/{rel}","templated":true}]}}