{"id":28811,"date":"2025-05-16T15:00:25","date_gmt":"2025-05-16T18:00:25","guid":{"rendered":"https:\/\/pc.sc.gov.br\/?p=28811"},"modified":"2025-05-16T15:01:26","modified_gmt":"2025-05-16T18:01:26","slug":"delegacia-de-capturas-da-deic-prende-foragido-por-crimes-ligados-a-roubos-de-automoveis-na-capital","status":"publish","type":"post","link":"https:\/\/pc.sc.gov.br\/?p=28811","title":{"rendered":"Delegacia de Capturas da DEIC prende foragido por crimes ligados a roubos de autom\u00f3veis na Capital"},"content":{"rendered":"\t\t<div data-elementor-type=\"wp-post\" data-elementor-id=\"28811\" class=\"elementor elementor-28811\" data-elementor-post-type=\"post\">\n\t\t\t\t\t\t<section class=\"elementor-section elementor-top-section elementor-element elementor-element-3ed1524 elementor-section-boxed elementor-section-height-default elementor-section-height-default\" data-id=\"3ed1524\" data-element_type=\"section\">\n\t\t\t\t\t\t<div class=\"elementor-container elementor-column-gap-default\">\n\t\t\t\t\t<div class=\"elementor-column elementor-col-100 elementor-top-column elementor-element elementor-element-78c48e1\" data-id=\"78c48e1\" data-element_type=\"column\">\n\t\t\t<div class=\"elementor-widget-wrap elementor-element-populated\">\n\t\t\t\t\t\t<div class=\"elementor-element elementor-element-59944d9 elementor-widget elementor-widget-heading\" data-id=\"59944d9\" data-element_type=\"widget\" data-widget_type=\"heading.default\">\n\t\t\t\t<div class=\"elementor-widget-container\">\n\t\t\t\t\t<h2 class=\"elementor-heading-title elementor-size-default\">Delegacia de Capturas da DEIC prende foragido por crimes ligados a roubos de autom\u00f3veis na Capital<\/h2>\t\t\t\t<\/div>\n\t\t\t\t<\/div>\n\t\t\t\t\t<\/div>\n\t\t<\/div>\n\t\t\t\t\t<\/div>\n\t\t<\/section>\n\t\t\t\t<section class=\"elementor-section elementor-top-section elementor-element elementor-element-54ef897 elementor-section-boxed elementor-section-height-default elementor-section-height-default\" data-id=\"54ef897\" data-element_type=\"section\">\n\t\t\t\t\t\t<div class=\"elementor-container elementor-column-gap-default\">\n\t\t\t\t\t<div class=\"elementor-column elementor-col-100 elementor-top-column elementor-element elementor-element-f263c82\" data-id=\"f263c82\" data-element_type=\"column\">\n\t\t\t<div class=\"elementor-widget-wrap elementor-element-populated\">\n\t\t\t\t\t\t<div class=\"elementor-element elementor-element-8847e0f elementor-widget elementor-widget-image\" data-id=\"8847e0f\" data-element_type=\"widget\" data-widget_type=\"image.default\">\n\t\t\t\t<div class=\"elementor-widget-container\">\n\t\t\t\t\t\t\t\t\t\t\t\t\t\t\t<img fetchpriority=\"high\" decoding=\"async\" width=\"696\" height=\"521\" src=\"https:\/\/pc.sc.gov.br\/\/wp-content\/uploads\/2024\/06\/DEIC-1024x767.jpg\" class=\"attachment-large size-large wp-image-21428\" alt=\"\" srcset=\"https:\/\/pc.sc.gov.br\/\/wp-content\/uploads\/2024\/06\/DEIC-1024x767.jpg 1024w, https:\/\/pc.sc.gov.br\/\/wp-content\/uploads\/2024\/06\/DEIC-300x225.jpg 300w, https:\/\/pc.sc.gov.br\/\/wp-content\/uploads\/2024\/06\/DEIC-768x575.jpg 768w, https:\/\/pc.sc.gov.br\/\/wp-content\/uploads\/2024\/06\/DEIC.jpg 1280w\" sizes=\"(max-width: 696px) 100vw, 696px\" \/>\t\t\t\t\t\t\t\t\t\t\t\t\t\t\t<\/div>\n\t\t\t\t<\/div>\n\t\t\t\t\t<\/div>\n\t\t<\/div>\n\t\t\t\t\t<\/div>\n\t\t<\/section>\n\t\t\t\t<section class=\"elementor-section elementor-top-section elementor-element elementor-element-6433b9b elementor-section-boxed elementor-section-height-default elementor-section-height-default\" data-id=\"6433b9b\" data-element_type=\"section\">\n\t\t\t\t\t\t<div class=\"elementor-container elementor-column-gap-default\">\n\t\t\t\t\t<div class=\"elementor-column elementor-col-100 elementor-top-column elementor-element elementor-element-37b3b38\" data-id=\"37b3b38\" data-element_type=\"column\">\n\t\t\t<div class=\"elementor-widget-wrap elementor-element-populated\">\n\t\t\t\t\t\t<div class=\"elementor-element elementor-element-0b4a20e elementor-widget elementor-widget-text-editor\" data-id=\"0b4a20e\" data-element_type=\"widget\" data-widget_type=\"text-editor.default\">\n\t\t\t\t<div class=\"elementor-widget-container\">\n\t\t\t\t\t\t\t\t\t<p>Nesta sexta-feira (16\/05), a Pol\u00edcia Civil de Santa Catarina, por meio da Delegacia de Capturas da Diretoria Estadual de Investiga\u00e7\u00f5es Criminais, cumpriu, na cidade de Florian\u00f3polis, mandado de pris\u00e3o por condena\u00e7\u00e3o transitada em julgada, oriunda da Vara de Execu\u00e7\u00f5es Penais da Comarca da Capital, expedido em desfavor de um homem pelos crimes previsto nos artigos 311, 157 e 331 do C\u00f3digo Penal. O homem foi condenado a uma pena de 9 anos de pris\u00e3o, em regime fechado.<\/p><p>Ap\u00f3s ter ci\u00eancia do referido mandado, os policiais da DECAP\/DEIC deram in\u00edcio \u00e0s dilig\u00eancias para localizar o paradeiro de homem, que foi localizado em uma resid\u00eancia no bairro Ribeir\u00e3o da Ilha, na Capital.<\/p><p>Den\u00fancias e informa\u00e7\u00f5es relacionadas a foragidos da Justi\u00e7a podem ser encaminhadas para o e-mail deic-capturas@pc.sc.gov.br. Al\u00e9m disso, pelo\u00a0<a href=\"https:\/\/sistemas.pc.sc.gov.br\/foragidos\/\"><strong>Portal Foragidos da PCSC<\/strong><\/a>\u00a0\u00e9 poss\u00edvel conhecer a rela\u00e7\u00e3o de procurados pela Justi\u00e7a. A Pol\u00edcia Civil de Santa Catarina garante o anonimato de quem prestar informa\u00e7\u00f5es sobre foragidos.<\/p>\t\t\t\t\t\t\t\t<\/div>\n\t\t\t\t<\/div>\n\t\t\t\t\t<\/div>\n\t\t<\/div>\n\t\t\t\t\t<\/div>\n\t\t<\/section>\n\t\t\t\t<\/div>\n\t\t","protected":false},"excerpt":{"rendered":"<p>Delegacia de Capturas da DEIC prende foragido por crimes ligados a roubos de autom\u00f3veis na Capital Nesta sexta-feira (16\/05), a Pol\u00edcia Civil de Santa Catarina, por meio da Delegacia de Capturas da Diretoria Estadual de Investiga\u00e7\u00f5es Criminais, cumpriu, na cidade de Florian\u00f3polis, mandado de pris\u00e3o por condena\u00e7\u00e3o transitada em julgada, oriunda da Vara de Execu\u00e7\u00f5es [&hellip;]<\/p>\n","protected":false},"author":5,"featured_media":21428,"comment_status":"closed","ping_status":"open","sticky":false,"template":"","format":"standard","meta":{"_monsterinsights_skip_tracking":false,"_monsterinsights_sitenote_active":false,"_monsterinsights_sitenote_note":"","_monsterinsights_sitenote_category":0,"footnotes":""},"categories":[1],"tags":[],"class_list":["post-28811","post","type-post","status-publish","format-standard","has-post-thumbnail","hentry","category-sem-categoria"],"_links":{"self":[{"href":"https:\/\/pc.sc.gov.br\/index.php?rest_route=\/wp\/v2\/posts\/28811","targetHints":{"allow":["GET"]}}],"collection":[{"href":"https:\/\/pc.sc.gov.br\/index.php?rest_route=\/wp\/v2\/posts"}],"about":[{"href":"https:\/\/pc.sc.gov.br\/index.php?rest_route=\/wp\/v2\/types\/post"}],"author":[{"embeddable":true,"href":"https:\/\/pc.sc.gov.br\/index.php?rest_route=\/wp\/v2\/users\/5"}],"replies":[{"embeddable":true,"href":"https:\/\/pc.sc.gov.br\/index.php?rest_route=%2Fwp%2Fv2%2Fcomments&post=28811"}],"version-history":[{"count":4,"href":"https:\/\/pc.sc.gov.br\/index.php?rest_route=\/wp\/v2\/posts\/28811\/revisions"}],"predecessor-version":[{"id":28815,"href":"https:\/\/pc.sc.gov.br\/index.php?rest_route=\/wp\/v2\/posts\/28811\/revisions\/28815"}],"wp:featuredmedia":[{"embeddable":true,"href":"https:\/\/pc.sc.gov.br\/index.php?rest_route=\/wp\/v2\/media\/21428"}],"wp:attachment":[{"href":"https:\/\/pc.sc.gov.br\/index.php?rest_route=%2Fwp%2Fv2%2Fmedia&parent=28811"}],"wp:term":[{"taxonomy":"category","embeddable":true,"href":"https:\/\/pc.sc.gov.br\/index.php?rest_route=%2Fwp%2Fv2%2Fcategories&post=28811"},{"taxonomy":"post_tag","embeddable":true,"href":"https:\/\/pc.sc.gov.br\/index.php?rest_route=%2Fwp%2Fv2%2Ftags&post=28811"}],"curies":[{"name":"wp","href":"https:\/\/api.w.org\/{rel}","templated":true}]}}