{"id":28816,"date":"2025-05-16T15:13:21","date_gmt":"2025-05-16T18:13:21","guid":{"rendered":"https:\/\/pc.sc.gov.br\/?p=28816"},"modified":"2025-05-16T15:14:51","modified_gmt":"2025-05-16T18:14:51","slug":"pcsc-prende-homem-suspeito-de-praticar-diversos-crimes-sexuais-contra-adolescentes","status":"publish","type":"post","link":"https:\/\/pc.sc.gov.br\/?p=28816","title":{"rendered":"PCSC prende homem suspeito de praticar diversos crimes sexuais contra adolescentes"},"content":{"rendered":"\t\t<div data-elementor-type=\"wp-post\" data-elementor-id=\"28816\" class=\"elementor elementor-28816\" data-elementor-post-type=\"post\">\n\t\t\t\t\t\t<section class=\"elementor-section elementor-top-section elementor-element elementor-element-ea8c75a elementor-section-boxed elementor-section-height-default elementor-section-height-default\" data-id=\"ea8c75a\" data-element_type=\"section\">\n\t\t\t\t\t\t<div class=\"elementor-container elementor-column-gap-default\">\n\t\t\t\t\t<div class=\"elementor-column elementor-col-100 elementor-top-column elementor-element elementor-element-198f75b\" data-id=\"198f75b\" data-element_type=\"column\">\n\t\t\t<div class=\"elementor-widget-wrap elementor-element-populated\">\n\t\t\t\t\t\t<div class=\"elementor-element elementor-element-d684ba5 elementor-widget elementor-widget-heading\" data-id=\"d684ba5\" data-element_type=\"widget\" data-widget_type=\"heading.default\">\n\t\t\t\t<div class=\"elementor-widget-container\">\n\t\t\t\t\t<h2 class=\"elementor-heading-title elementor-size-default\">PCSC prende homem suspeito de praticar diversos crimes sexuais contra adolescentes<\/h2>\t\t\t\t<\/div>\n\t\t\t\t<\/div>\n\t\t\t\t\t<\/div>\n\t\t<\/div>\n\t\t\t\t\t<\/div>\n\t\t<\/section>\n\t\t\t\t<section class=\"elementor-section elementor-top-section elementor-element elementor-element-70a3793 elementor-section-boxed elementor-section-height-default elementor-section-height-default\" data-id=\"70a3793\" data-element_type=\"section\">\n\t\t\t\t\t\t<div class=\"elementor-container elementor-column-gap-default\">\n\t\t\t\t\t<div class=\"elementor-column elementor-col-100 elementor-top-column elementor-element elementor-element-d7b0af3\" data-id=\"d7b0af3\" data-element_type=\"column\">\n\t\t\t<div class=\"elementor-widget-wrap elementor-element-populated\">\n\t\t\t\t\t\t<div class=\"elementor-element elementor-element-4323d7c elementor-widget elementor-widget-image\" data-id=\"4323d7c\" data-element_type=\"widget\" data-widget_type=\"image.default\">\n\t\t\t\t<div class=\"elementor-widget-container\">\n\t\t\t\t\t\t\t\t\t\t\t\t\t\t\t<img fetchpriority=\"high\" decoding=\"async\" width=\"696\" height=\"522\" src=\"https:\/\/pc.sc.gov.br\/\/wp-content\/uploads\/2025\/02\/PCSC-PADRAO.jpg\" class=\"attachment-large size-large wp-image-26591\" alt=\"\" srcset=\"https:\/\/pc.sc.gov.br\/\/wp-content\/uploads\/2025\/02\/PCSC-PADRAO.jpg 768w, https:\/\/pc.sc.gov.br\/\/wp-content\/uploads\/2025\/02\/PCSC-PADRAO-300x225.jpg 300w\" sizes=\"(max-width: 696px) 100vw, 696px\" \/>\t\t\t\t\t\t\t\t\t\t\t\t\t\t\t<\/div>\n\t\t\t\t<\/div>\n\t\t\t\t\t<\/div>\n\t\t<\/div>\n\t\t\t\t\t<\/div>\n\t\t<\/section>\n\t\t\t\t<section class=\"elementor-section elementor-top-section elementor-element elementor-element-5126f9c elementor-section-boxed elementor-section-height-default elementor-section-height-default\" data-id=\"5126f9c\" data-element_type=\"section\">\n\t\t\t\t\t\t<div class=\"elementor-container elementor-column-gap-default\">\n\t\t\t\t\t<div class=\"elementor-column elementor-col-100 elementor-top-column elementor-element elementor-element-4efeee1\" data-id=\"4efeee1\" data-element_type=\"column\">\n\t\t\t<div class=\"elementor-widget-wrap elementor-element-populated\">\n\t\t\t\t\t\t<div class=\"elementor-element elementor-element-89aae38 elementor-widget elementor-widget-text-editor\" data-id=\"89aae38\" data-element_type=\"widget\" data-widget_type=\"text-editor.default\">\n\t\t\t\t<div class=\"elementor-widget-container\">\n\t\t\t\t\t\t\t\t\t<p>A Pol\u00edcia Civil de Santa Catarina concluiu opera\u00e7\u00e3o de identifica\u00e7\u00e3o e captura de um homem suspeito por diversos crimes sexuais contra adolescentes. A a\u00e7\u00e3o, decorrente de trabalho integrado entre a Delegacia de Prote\u00e7\u00e3o \u00e0 Crian\u00e7a, ao Adolescente, \u00e0 Mulher e ao Idoso (DPCAMI) de Joinville e a Delegacia de Investiga\u00e7\u00f5es Criminais (DIC) de Joa\u00e7aba, resultou no cumprimento do mandado de pris\u00e3o preventiva contra o homem alvo das investiga\u00e7\u00f5es.\u00a0<\/p><p>O homem foi preso no dia 10 de maio, no munic\u00edpio de \u00c1gua Doce. Durante o cumprimento do mandado, ele tentou fugir e investiu contra os policiais e, por essa raz\u00e3o, foi realizado um disparo de arma de fogo na perna do autor, que, mesmo assim, continuou na sua tentativa de fuga. Ap\u00f3s cair de um barranco e destruir parte da casa do vizinho, ele foi capturado. No momento, o homem est\u00e1 custodiado no Hospital Universit\u00e1rio de Joa\u00e7aba.\u00a0<\/p><p>O caso teve in\u00edcio ap\u00f3s a den\u00fancia de um estupro de vulner\u00e1vel ocorrido em abril de 2024, contra uma adolescente. A partir de minucioso trabalho investigativo, foram coletadas evid\u00eancias materiais e imagens de c\u00e2meras de monitoramento que permitiram a identifica\u00e7\u00e3o do suspeito. Destaca-se ainda que o investigado possui hist\u00f3rico de 24 registros policiais, sendo 4 deles relacionados a crimes contra a dignidade sexual, todos praticados contra adolescentes.<\/p><p>As investiga\u00e7\u00f5es revelaram um padr\u00e3o de atua\u00e7\u00e3o do suspeito, que ap\u00f3s a pr\u00e1tica de novo crime sexual em mar\u00e7o de 2025, evadiu-se da cidade. Mesmo diante desta dificuldade, o trabalho persistente e t\u00e9cnico dos policiais possibilitou sua localiza\u00e7\u00e3o e captura.<\/p>\t\t\t\t\t\t\t\t<\/div>\n\t\t\t\t<\/div>\n\t\t\t\t\t<\/div>\n\t\t<\/div>\n\t\t\t\t\t<\/div>\n\t\t<\/section>\n\t\t\t\t<\/div>\n\t\t","protected":false},"excerpt":{"rendered":"<p>PCSC prende homem suspeito de praticar diversos crimes sexuais contra adolescentes A Pol\u00edcia Civil de Santa Catarina concluiu opera\u00e7\u00e3o de identifica\u00e7\u00e3o e captura de um homem suspeito por diversos crimes sexuais contra adolescentes. A a\u00e7\u00e3o, decorrente de trabalho integrado entre a Delegacia de Prote\u00e7\u00e3o \u00e0 Crian\u00e7a, ao Adolescente, \u00e0 Mulher e ao Idoso (DPCAMI) de [&hellip;]<\/p>\n","protected":false},"author":5,"featured_media":26591,"comment_status":"closed","ping_status":"open","sticky":false,"template":"","format":"standard","meta":{"_monsterinsights_skip_tracking":false,"_monsterinsights_sitenote_active":false,"_monsterinsights_sitenote_note":"","_monsterinsights_sitenote_category":0,"footnotes":""},"categories":[1],"tags":[],"class_list":["post-28816","post","type-post","status-publish","format-standard","has-post-thumbnail","hentry","category-sem-categoria"],"_links":{"self":[{"href":"https:\/\/pc.sc.gov.br\/index.php?rest_route=\/wp\/v2\/posts\/28816","targetHints":{"allow":["GET"]}}],"collection":[{"href":"https:\/\/pc.sc.gov.br\/index.php?rest_route=\/wp\/v2\/posts"}],"about":[{"href":"https:\/\/pc.sc.gov.br\/index.php?rest_route=\/wp\/v2\/types\/post"}],"author":[{"embeddable":true,"href":"https:\/\/pc.sc.gov.br\/index.php?rest_route=\/wp\/v2\/users\/5"}],"replies":[{"embeddable":true,"href":"https:\/\/pc.sc.gov.br\/index.php?rest_route=%2Fwp%2Fv2%2Fcomments&post=28816"}],"version-history":[{"count":4,"href":"https:\/\/pc.sc.gov.br\/index.php?rest_route=\/wp\/v2\/posts\/28816\/revisions"}],"predecessor-version":[{"id":28820,"href":"https:\/\/pc.sc.gov.br\/index.php?rest_route=\/wp\/v2\/posts\/28816\/revisions\/28820"}],"wp:featuredmedia":[{"embeddable":true,"href":"https:\/\/pc.sc.gov.br\/index.php?rest_route=\/wp\/v2\/media\/26591"}],"wp:attachment":[{"href":"https:\/\/pc.sc.gov.br\/index.php?rest_route=%2Fwp%2Fv2%2Fmedia&parent=28816"}],"wp:term":[{"taxonomy":"category","embeddable":true,"href":"https:\/\/pc.sc.gov.br\/index.php?rest_route=%2Fwp%2Fv2%2Fcategories&post=28816"},{"taxonomy":"post_tag","embeddable":true,"href":"https:\/\/pc.sc.gov.br\/index.php?rest_route=%2Fwp%2Fv2%2Ftags&post=28816"}],"curies":[{"name":"wp","href":"https:\/\/api.w.org\/{rel}","templated":true}]}}