{"id":28821,"date":"2025-05-16T15:27:20","date_gmt":"2025-05-16T18:27:20","guid":{"rendered":"https:\/\/pc.sc.gov.br\/?p=28821"},"modified":"2025-05-16T15:28:05","modified_gmt":"2025-05-16T18:28:05","slug":"operacao-fim-da-linha-2a-dp-de-blumenau-recupera-14-smartphones-furtados-ou-roubados-e-restitui-os-proprietarios","status":"publish","type":"post","link":"https:\/\/pc.sc.gov.br\/?p=28821","title":{"rendered":"Opera\u00e7\u00e3o &#8220;Fim da Linha&#8221;: 2\u00aa DP de Blumenau recupera 14 smartphones furtados ou roubados e restitui os propriet\u00e1rios"},"content":{"rendered":"\t\t<div data-elementor-type=\"wp-post\" data-elementor-id=\"28821\" class=\"elementor elementor-28821\" data-elementor-post-type=\"post\">\n\t\t\t\t\t\t<section class=\"elementor-section elementor-top-section elementor-element elementor-element-1c4d9ea elementor-section-boxed elementor-section-height-default elementor-section-height-default\" data-id=\"1c4d9ea\" data-element_type=\"section\">\n\t\t\t\t\t\t<div class=\"elementor-container elementor-column-gap-default\">\n\t\t\t\t\t<div class=\"elementor-column elementor-col-100 elementor-top-column elementor-element elementor-element-eba2fd7\" data-id=\"eba2fd7\" data-element_type=\"column\">\n\t\t\t<div class=\"elementor-widget-wrap elementor-element-populated\">\n\t\t\t\t\t\t<div class=\"elementor-element elementor-element-d6248fb elementor-widget elementor-widget-heading\" data-id=\"d6248fb\" data-element_type=\"widget\" data-widget_type=\"heading.default\">\n\t\t\t\t<div class=\"elementor-widget-container\">\n\t\t\t\t\t<h2 class=\"elementor-heading-title elementor-size-default\">Opera\u00e7\u00e3o \"Fim da Linha\": 2\u00aa DP de Blumenau recupera 14 smartphones e restitui os propriet\u00e1rios<\/h2>\t\t\t\t<\/div>\n\t\t\t\t<\/div>\n\t\t\t\t\t<\/div>\n\t\t<\/div>\n\t\t\t\t\t<\/div>\n\t\t<\/section>\n\t\t\t\t<section class=\"elementor-section elementor-top-section elementor-element elementor-element-8de38e9 elementor-section-boxed elementor-section-height-default elementor-section-height-default\" data-id=\"8de38e9\" data-element_type=\"section\">\n\t\t\t\t\t\t<div class=\"elementor-container elementor-column-gap-default\">\n\t\t\t\t\t<div class=\"elementor-column elementor-col-100 elementor-top-column elementor-element elementor-element-cc1060a\" data-id=\"cc1060a\" data-element_type=\"column\">\n\t\t\t<div class=\"elementor-widget-wrap elementor-element-populated\">\n\t\t\t\t\t\t<div class=\"elementor-element elementor-element-6f649e5 elementor-widget elementor-widget-image\" data-id=\"6f649e5\" data-element_type=\"widget\" data-widget_type=\"image.default\">\n\t\t\t\t<div class=\"elementor-widget-container\">\n\t\t\t\t\t\t\t\t\t\t\t\t\t\t\t<img fetchpriority=\"high\" decoding=\"async\" width=\"696\" height=\"522\" src=\"https:\/\/pc.sc.gov.br\/\/wp-content\/uploads\/2025\/05\/WhatsApp-Image-2025-05-16-at-14.47.53-1024x768.jpeg\" class=\"attachment-large size-large wp-image-28822\" alt=\"\" srcset=\"https:\/\/pc.sc.gov.br\/\/wp-content\/uploads\/2025\/05\/WhatsApp-Image-2025-05-16-at-14.47.53-1024x768.jpeg 1024w, https:\/\/pc.sc.gov.br\/\/wp-content\/uploads\/2025\/05\/WhatsApp-Image-2025-05-16-at-14.47.53-300x225.jpeg 300w, https:\/\/pc.sc.gov.br\/\/wp-content\/uploads\/2025\/05\/WhatsApp-Image-2025-05-16-at-14.47.53-768x576.jpeg 768w, https:\/\/pc.sc.gov.br\/\/wp-content\/uploads\/2025\/05\/WhatsApp-Image-2025-05-16-at-14.47.53-1536x1152.jpeg 1536w, https:\/\/pc.sc.gov.br\/\/wp-content\/uploads\/2025\/05\/WhatsApp-Image-2025-05-16-at-14.47.53-2048x1536.jpeg 2048w\" sizes=\"(max-width: 696px) 100vw, 696px\" \/>\t\t\t\t\t\t\t\t\t\t\t\t\t\t\t<\/div>\n\t\t\t\t<\/div>\n\t\t\t\t\t<\/div>\n\t\t<\/div>\n\t\t\t\t\t<\/div>\n\t\t<\/section>\n\t\t\t\t<section class=\"elementor-section elementor-top-section elementor-element elementor-element-383fb94 elementor-section-boxed elementor-section-height-default elementor-section-height-default\" data-id=\"383fb94\" data-element_type=\"section\">\n\t\t\t\t\t\t<div class=\"elementor-container elementor-column-gap-default\">\n\t\t\t\t\t<div class=\"elementor-column elementor-col-100 elementor-top-column elementor-element elementor-element-6440443\" data-id=\"6440443\" data-element_type=\"column\">\n\t\t\t<div class=\"elementor-widget-wrap elementor-element-populated\">\n\t\t\t\t\t\t<div class=\"elementor-element elementor-element-6132f13 elementor-widget elementor-widget-text-editor\" data-id=\"6132f13\" data-element_type=\"widget\" data-widget_type=\"text-editor.default\">\n\t\t\t\t<div class=\"elementor-widget-container\">\n\t\t\t\t\t\t\t\t\t<p>A Pol\u00edcia Civil de Santa Catarina, por meio da equipe de investiga\u00e7\u00e3o da 2\u00aa Delegacia de Pol\u00edcia de Blumenau, deflagrou nesta sexta-feira (16), a Opera\u00e7\u00e3o &#8220;Fim da Linha&#8221;, com o objetivo de recuperar aparelhos celulares furtados na regi\u00e3o. Como resultado desta primeira fase, foram recuperados 14 smartphones, totalizando aproximadamente R$ 27 mil em bens restitu\u00eddos \u00e0s v\u00edtimas.<\/p><p>A opera\u00e7\u00e3o concentrou-se, neste momento inicial, na localiza\u00e7\u00e3o e apreens\u00e3o de aparelhos eletr\u00f4nicos, bem como na identifica\u00e7\u00e3o de autores dos furtos e receptadores dos objetos subtra\u00eddos. As dilig\u00eancias j\u00e1 permitiram a identifica\u00e7\u00e3o de dois indiv\u00edduos respons\u00e1veis pela pr\u00e1tica de furtos, al\u00e9m de dois receptadores, que responder\u00e3o pelos crimes correspondentes. A opera\u00e7\u00e3o foi coordenada pela delegada Fl\u00e1via Rigoni Gon\u00e7alves.<\/p><p>Considerando o n\u00famero expressivo de ocorr\u00eancias envolvendo furtos de celulares na regi\u00e3o, a investiga\u00e7\u00e3o prossegue e novas fases da opera\u00e7\u00e3o dever\u00e3o ser desencadeadas ainda este ano. O objetivo agora \u00e9 ampliar as a\u00e7\u00f5es repressivas com foco na desarticula\u00e7\u00e3o de eventuais organiza\u00e7\u00f5es criminosas envolvidas nesse tipo de delito.\u00a0<\/p><p>A Pol\u00edcia Civil refor\u00e7a seu compromisso com a seguran\u00e7a da popula\u00e7\u00e3o e seguir\u00e1 atuando com firmeza no combate \u00e0 criminalidade.<\/p>\t\t\t\t\t\t\t\t<\/div>\n\t\t\t\t<\/div>\n\t\t\t\t\t<\/div>\n\t\t<\/div>\n\t\t\t\t\t<\/div>\n\t\t<\/section>\n\t\t\t\t<\/div>\n\t\t","protected":false},"excerpt":{"rendered":"<p>Opera\u00e7\u00e3o &#8220;Fim da Linha&#8221;: 2\u00aa DP de Blumenau recupera 14 smartphones e restitui os propriet\u00e1rios A Pol\u00edcia Civil de Santa Catarina, por meio da equipe de investiga\u00e7\u00e3o da 2\u00aa Delegacia de Pol\u00edcia de Blumenau, deflagrou nesta sexta-feira (16), a Opera\u00e7\u00e3o &#8220;Fim da Linha&#8221;, com o objetivo de recuperar aparelhos celulares furtados na regi\u00e3o. Como resultado [&hellip;]<\/p>\n","protected":false},"author":5,"featured_media":28822,"comment_status":"closed","ping_status":"open","sticky":false,"template":"","format":"standard","meta":{"_monsterinsights_skip_tracking":false,"_monsterinsights_sitenote_active":false,"_monsterinsights_sitenote_note":"","_monsterinsights_sitenote_category":0,"footnotes":""},"categories":[1],"tags":[],"class_list":["post-28821","post","type-post","status-publish","format-standard","has-post-thumbnail","hentry","category-sem-categoria"],"_links":{"self":[{"href":"https:\/\/pc.sc.gov.br\/index.php?rest_route=\/wp\/v2\/posts\/28821","targetHints":{"allow":["GET"]}}],"collection":[{"href":"https:\/\/pc.sc.gov.br\/index.php?rest_route=\/wp\/v2\/posts"}],"about":[{"href":"https:\/\/pc.sc.gov.br\/index.php?rest_route=\/wp\/v2\/types\/post"}],"author":[{"embeddable":true,"href":"https:\/\/pc.sc.gov.br\/index.php?rest_route=\/wp\/v2\/users\/5"}],"replies":[{"embeddable":true,"href":"https:\/\/pc.sc.gov.br\/index.php?rest_route=%2Fwp%2Fv2%2Fcomments&post=28821"}],"version-history":[{"count":4,"href":"https:\/\/pc.sc.gov.br\/index.php?rest_route=\/wp\/v2\/posts\/28821\/revisions"}],"predecessor-version":[{"id":28826,"href":"https:\/\/pc.sc.gov.br\/index.php?rest_route=\/wp\/v2\/posts\/28821\/revisions\/28826"}],"wp:featuredmedia":[{"embeddable":true,"href":"https:\/\/pc.sc.gov.br\/index.php?rest_route=\/wp\/v2\/media\/28822"}],"wp:attachment":[{"href":"https:\/\/pc.sc.gov.br\/index.php?rest_route=%2Fwp%2Fv2%2Fmedia&parent=28821"}],"wp:term":[{"taxonomy":"category","embeddable":true,"href":"https:\/\/pc.sc.gov.br\/index.php?rest_route=%2Fwp%2Fv2%2Fcategories&post=28821"},{"taxonomy":"post_tag","embeddable":true,"href":"https:\/\/pc.sc.gov.br\/index.php?rest_route=%2Fwp%2Fv2%2Ftags&post=28821"}],"curies":[{"name":"wp","href":"https:\/\/api.w.org\/{rel}","templated":true}]}}