{"id":28827,"date":"2025-05-16T16:53:31","date_gmt":"2025-05-16T19:53:31","guid":{"rendered":"https:\/\/pc.sc.gov.br\/?p=28827"},"modified":"2025-05-16T16:54:24","modified_gmt":"2025-05-16T19:54:24","slug":"em-bom-retiro-pcsc-apreende-adolescente-investigado-pela-pratica-de-crimes-analogos-aos-de-integrar-organizacao-criminosa-armada-e-trafico-de-drogas","status":"publish","type":"post","link":"https:\/\/pc.sc.gov.br\/?p=28827","title":{"rendered":"Em Bom Retiro, PCSC apreende adolescente investigado pela pr\u00e1tica de crimes an\u00e1logos aos de integrar organiza\u00e7\u00e3o criminosa armada e tr\u00e1fico de drogas"},"content":{"rendered":"\t\t<div data-elementor-type=\"wp-post\" data-elementor-id=\"28827\" class=\"elementor elementor-28827\" data-elementor-post-type=\"post\">\n\t\t\t\t\t\t<section class=\"elementor-section elementor-top-section elementor-element elementor-element-8411242 elementor-section-boxed elementor-section-height-default elementor-section-height-default\" data-id=\"8411242\" data-element_type=\"section\">\n\t\t\t\t\t\t<div class=\"elementor-container elementor-column-gap-default\">\n\t\t\t\t\t<div class=\"elementor-column elementor-col-100 elementor-top-column elementor-element elementor-element-29a6b8c\" data-id=\"29a6b8c\" data-element_type=\"column\">\n\t\t\t<div class=\"elementor-widget-wrap elementor-element-populated\">\n\t\t\t\t\t\t<div class=\"elementor-element elementor-element-b9e95ca elementor-widget elementor-widget-heading\" data-id=\"b9e95ca\" data-element_type=\"widget\" data-widget_type=\"heading.default\">\n\t\t\t\t<div class=\"elementor-widget-container\">\n\t\t\t\t\t<h2 class=\"elementor-heading-title elementor-size-default\">Em Bom Retiro, PCSC apreende adolescente investigado pela pr\u00e1tica de crimes an\u00e1logos aos de integrar organiza\u00e7\u00e3o criminosa armada e tr\u00e1fico de drogas<\/h2>\t\t\t\t<\/div>\n\t\t\t\t<\/div>\n\t\t\t\t\t<\/div>\n\t\t<\/div>\n\t\t\t\t\t<\/div>\n\t\t<\/section>\n\t\t\t\t<section class=\"elementor-section elementor-top-section elementor-element elementor-element-4def1c9 elementor-section-boxed elementor-section-height-default elementor-section-height-default\" data-id=\"4def1c9\" data-element_type=\"section\">\n\t\t\t\t\t\t<div class=\"elementor-container elementor-column-gap-default\">\n\t\t\t\t\t<div class=\"elementor-column elementor-col-100 elementor-top-column elementor-element elementor-element-1392d9c\" data-id=\"1392d9c\" data-element_type=\"column\">\n\t\t\t<div class=\"elementor-widget-wrap elementor-element-populated\">\n\t\t\t\t\t\t<div class=\"elementor-element elementor-element-39c9795 elementor-widget elementor-widget-image\" data-id=\"39c9795\" data-element_type=\"widget\" data-widget_type=\"image.default\">\n\t\t\t\t<div class=\"elementor-widget-container\">\n\t\t\t\t\t\t\t\t\t\t\t\t\t\t\t<img fetchpriority=\"high\" decoding=\"async\" width=\"696\" height=\"392\" src=\"https:\/\/pc.sc.gov.br\/\/wp-content\/uploads\/2025\/05\/30ee3d04-43f3-48a1-9bb8-2b7f1741a062-fotor-20250516164711-1024x576.jpg\" class=\"attachment-large size-large wp-image-28828\" alt=\"\" srcset=\"https:\/\/pc.sc.gov.br\/\/wp-content\/uploads\/2025\/05\/30ee3d04-43f3-48a1-9bb8-2b7f1741a062-fotor-20250516164711-1024x576.jpg 1024w, https:\/\/pc.sc.gov.br\/\/wp-content\/uploads\/2025\/05\/30ee3d04-43f3-48a1-9bb8-2b7f1741a062-fotor-20250516164711-300x169.jpg 300w, https:\/\/pc.sc.gov.br\/\/wp-content\/uploads\/2025\/05\/30ee3d04-43f3-48a1-9bb8-2b7f1741a062-fotor-20250516164711-768x432.jpg 768w, https:\/\/pc.sc.gov.br\/\/wp-content\/uploads\/2025\/05\/30ee3d04-43f3-48a1-9bb8-2b7f1741a062-fotor-20250516164711-1536x864.jpg 1536w, https:\/\/pc.sc.gov.br\/\/wp-content\/uploads\/2025\/05\/30ee3d04-43f3-48a1-9bb8-2b7f1741a062-fotor-20250516164711-2048x1152.jpg 2048w\" sizes=\"(max-width: 696px) 100vw, 696px\" \/>\t\t\t\t\t\t\t\t\t\t\t\t\t\t\t<\/div>\n\t\t\t\t<\/div>\n\t\t\t\t\t<\/div>\n\t\t<\/div>\n\t\t\t\t\t<\/div>\n\t\t<\/section>\n\t\t\t\t<section class=\"elementor-section elementor-top-section elementor-element elementor-element-b34b81e elementor-section-boxed elementor-section-height-default elementor-section-height-default\" data-id=\"b34b81e\" data-element_type=\"section\">\n\t\t\t\t\t\t<div class=\"elementor-container elementor-column-gap-default\">\n\t\t\t\t\t<div class=\"elementor-column elementor-col-100 elementor-top-column elementor-element elementor-element-4f5e5ac\" data-id=\"4f5e5ac\" data-element_type=\"column\">\n\t\t\t<div class=\"elementor-widget-wrap elementor-element-populated\">\n\t\t\t\t\t\t<div class=\"elementor-element elementor-element-f28097c elementor-widget elementor-widget-text-editor\" data-id=\"f28097c\" data-element_type=\"widget\" data-widget_type=\"text-editor.default\">\n\t\t\t\t<div class=\"elementor-widget-container\">\n\t\t\t\t\t\t\t\t\t<p>A Pol\u00edcia Civil de Santa Catarina, por meio da Delegacia de Pol\u00edcia de Bom Retiro, com apoio da Pol\u00edcia Militar, realizou no final da tarde desta sexta-feira (16), no bairro S\u00e3o Jos\u00e9, Bom Retiro\/SC, a apreens\u00e3o de um adolescente investigado pela pr\u00e1tica de crimes an\u00e1logos aos delitos de integrar organiza\u00e7\u00e3o criminosa armada e tr\u00e1fico de drogas.<\/p><p>O adolescente investigado foi localizado e apreendido em via p\u00fablica e, com ele, foram apreendidos 92 buchas de coca\u00edna, que estavam embaladas para venda, 300 gramas de maconha e 14 comprimidos de ecstasy. Ap\u00f3s a apreens\u00e3o, o adolescente investigado foi encaminhado para o CASEP de Lages.<\/p>\t\t\t\t\t\t\t\t<\/div>\n\t\t\t\t<\/div>\n\t\t\t\t\t<\/div>\n\t\t<\/div>\n\t\t\t\t\t<\/div>\n\t\t<\/section>\n\t\t\t\t<\/div>\n\t\t","protected":false},"excerpt":{"rendered":"<p>Em Bom Retiro, PCSC apreende adolescente investigado pela pr\u00e1tica de crimes an\u00e1logos aos de integrar organiza\u00e7\u00e3o criminosa armada e tr\u00e1fico de drogas A Pol\u00edcia Civil de Santa Catarina, por meio da Delegacia de Pol\u00edcia de Bom Retiro, com apoio da Pol\u00edcia Militar, realizou no final da tarde desta sexta-feira (16), no bairro S\u00e3o Jos\u00e9, Bom [&hellip;]<\/p>\n","protected":false},"author":5,"featured_media":28828,"comment_status":"closed","ping_status":"open","sticky":false,"template":"","format":"standard","meta":{"_monsterinsights_skip_tracking":false,"_monsterinsights_sitenote_active":false,"_monsterinsights_sitenote_note":"","_monsterinsights_sitenote_category":0,"footnotes":""},"categories":[1],"tags":[],"class_list":["post-28827","post","type-post","status-publish","format-standard","has-post-thumbnail","hentry","category-sem-categoria"],"_links":{"self":[{"href":"https:\/\/pc.sc.gov.br\/index.php?rest_route=\/wp\/v2\/posts\/28827","targetHints":{"allow":["GET"]}}],"collection":[{"href":"https:\/\/pc.sc.gov.br\/index.php?rest_route=\/wp\/v2\/posts"}],"about":[{"href":"https:\/\/pc.sc.gov.br\/index.php?rest_route=\/wp\/v2\/types\/post"}],"author":[{"embeddable":true,"href":"https:\/\/pc.sc.gov.br\/index.php?rest_route=\/wp\/v2\/users\/5"}],"replies":[{"embeddable":true,"href":"https:\/\/pc.sc.gov.br\/index.php?rest_route=%2Fwp%2Fv2%2Fcomments&post=28827"}],"version-history":[{"count":4,"href":"https:\/\/pc.sc.gov.br\/index.php?rest_route=\/wp\/v2\/posts\/28827\/revisions"}],"predecessor-version":[{"id":28832,"href":"https:\/\/pc.sc.gov.br\/index.php?rest_route=\/wp\/v2\/posts\/28827\/revisions\/28832"}],"wp:featuredmedia":[{"embeddable":true,"href":"https:\/\/pc.sc.gov.br\/index.php?rest_route=\/wp\/v2\/media\/28828"}],"wp:attachment":[{"href":"https:\/\/pc.sc.gov.br\/index.php?rest_route=%2Fwp%2Fv2%2Fmedia&parent=28827"}],"wp:term":[{"taxonomy":"category","embeddable":true,"href":"https:\/\/pc.sc.gov.br\/index.php?rest_route=%2Fwp%2Fv2%2Fcategories&post=28827"},{"taxonomy":"post_tag","embeddable":true,"href":"https:\/\/pc.sc.gov.br\/index.php?rest_route=%2Fwp%2Fv2%2Ftags&post=28827"}],"curies":[{"name":"wp","href":"https:\/\/api.w.org\/{rel}","templated":true}]}}