{"id":2884,"date":"2022-12-20T11:28:48","date_gmt":"2022-12-20T14:28:48","guid":{"rendered":"https:\/\/pc.sc.gov.br\/?p=2884"},"modified":"2022-12-20T11:33:01","modified_gmt":"2022-12-20T14:33:01","slug":"policia-civil-realiza-a-prisao-de-suspeitos-de-latrocinio-em-sao-francisco-do-sul","status":"publish","type":"post","link":"https:\/\/pc.sc.gov.br\/?p=2884","title":{"rendered":"Pol\u00edcia Civil realiza a pris\u00e3o de suspeitos de latroc\u00ednio em S\u00e3o Francisco do Sul"},"content":{"rendered":"\t\t<div data-elementor-type=\"wp-post\" data-elementor-id=\"2884\" class=\"elementor elementor-2884\" data-elementor-post-type=\"post\">\n\t\t\t\t\t\t<section class=\"elementor-section elementor-top-section elementor-element elementor-element-b79fd6e elementor-section-boxed elementor-section-height-default elementor-section-height-default\" data-id=\"b79fd6e\" data-element_type=\"section\">\n\t\t\t\t\t\t<div class=\"elementor-container elementor-column-gap-default\">\n\t\t\t\t\t<div class=\"elementor-column elementor-col-100 elementor-top-column elementor-element elementor-element-80ab51c\" data-id=\"80ab51c\" data-element_type=\"column\">\n\t\t\t<div class=\"elementor-widget-wrap elementor-element-populated\">\n\t\t\t\t\t\t<div class=\"elementor-element elementor-element-3b6dce2 elementor-widget elementor-widget-heading\" data-id=\"3b6dce2\" data-element_type=\"widget\" data-widget_type=\"heading.default\">\n\t\t\t\t<div class=\"elementor-widget-container\">\n\t\t\t\t\t<h2 class=\"elementor-heading-title elementor-size-default\">Pol\u00edcia Civil realiza a pris\u00e3o de suspeitos de latroc\u00ednio em S\u00e3o Francisco do Sul<\/h2>\t\t\t\t<\/div>\n\t\t\t\t<\/div>\n\t\t\t\t\t<\/div>\n\t\t<\/div>\n\t\t\t\t\t<\/div>\n\t\t<\/section>\n\t\t\t\t<section class=\"elementor-section elementor-top-section elementor-element elementor-element-375ad5b elementor-section-boxed elementor-section-height-default elementor-section-height-default\" data-id=\"375ad5b\" data-element_type=\"section\">\n\t\t\t\t\t\t<div class=\"elementor-container elementor-column-gap-default\">\n\t\t\t\t\t<div class=\"elementor-column elementor-col-100 elementor-top-column elementor-element elementor-element-9a2236f\" data-id=\"9a2236f\" data-element_type=\"column\">\n\t\t\t<div class=\"elementor-widget-wrap elementor-element-populated\">\n\t\t\t\t\t\t<div class=\"elementor-element elementor-element-902f753 elementor-widget elementor-widget-image\" data-id=\"902f753\" data-element_type=\"widget\" data-widget_type=\"image.default\">\n\t\t\t\t<div class=\"elementor-widget-container\">\n\t\t\t\t\t\t\t\t\t\t\t\t\t\t\t<img fetchpriority=\"high\" decoding=\"async\" width=\"696\" height=\"522\" src=\"https:\/\/pc.sc.gov.br\/\/wp-content\/uploads\/2022\/12\/WhatsApp-Image-2022-12-20-at-11.28.49-1024x768.jpeg\" class=\"attachment-large size-large wp-image-2885\" alt=\"\" srcset=\"https:\/\/pc.sc.gov.br\/\/wp-content\/uploads\/2022\/12\/WhatsApp-Image-2022-12-20-at-11.28.49-1024x768.jpeg 1024w, https:\/\/pc.sc.gov.br\/\/wp-content\/uploads\/2022\/12\/WhatsApp-Image-2022-12-20-at-11.28.49-300x225.jpeg 300w, https:\/\/pc.sc.gov.br\/\/wp-content\/uploads\/2022\/12\/WhatsApp-Image-2022-12-20-at-11.28.49-768x576.jpeg 768w, https:\/\/pc.sc.gov.br\/\/wp-content\/uploads\/2022\/12\/WhatsApp-Image-2022-12-20-at-11.28.49.jpeg 1280w\" sizes=\"(max-width: 696px) 100vw, 696px\" \/>\t\t\t\t\t\t\t\t\t\t\t\t\t\t\t<\/div>\n\t\t\t\t<\/div>\n\t\t\t\t<div class=\"elementor-element elementor-element-19bd9fb elementor-widget elementor-widget-text-editor\" data-id=\"19bd9fb\" data-element_type=\"widget\" data-widget_type=\"text-editor.default\">\n\t\t\t\t<div class=\"elementor-widget-container\">\n\t\t\t\t\t\t\t\t\t<p>A Pol\u00edcia Civil identificou e efetuou a pris\u00e3o dos suspeitos de um latroc\u00ednio ocorrido no domingo (18), em S\u00e3o Francisco do Sul. A investiga\u00e7\u00e3o foi realizada por agentes do SIC (Setor de Investiga\u00e7\u00f5es e Capturas) da Delegacia de Pol\u00edcia de S\u00e3o Francisco do Sul.<\/p>\n<p>A v\u00edtima era um comerciante de 21 anos, oriundo de Navegantes, que acabou sendo emboscado e assassinado, sofrendo diversas perfura\u00e7\u00f5es pelo corpo e um corte profundo no pesco\u00e7o, no bairro Reta. Os suspeitos fugiram ap\u00f3s o crime e n\u00e3o foram localizados, apesar das buscas pela regi\u00e3o.<\/p>\n<p>Assim que tiveram conhecimento do ocorrido, agentes do SIC da Pol\u00edcia Civil acionaram a Pol\u00edcia Cient\u00edfica e passaram a investigar o caso, realizando dilig\u00eancias que culminaram na obten\u00e7\u00e3o dos mandados de pris\u00e3o dos suspeitos, ap\u00f3s representa\u00e7\u00e3o da autoridade policial, e a respectiva captura. A r\u00e1pida resposta no caso tamb\u00e9m contou com o apoio do MPSC e do Poder Judici\u00e1rio.&nbsp;<\/p>\n<div>&nbsp;<\/div>\t\t\t\t\t\t\t\t<\/div>\n\t\t\t\t<\/div>\n\t\t\t\t\t<\/div>\n\t\t<\/div>\n\t\t\t\t\t<\/div>\n\t\t<\/section>\n\t\t\t\t<\/div>\n\t\t","protected":false},"excerpt":{"rendered":"<p>Pol\u00edcia Civil realiza a pris\u00e3o de suspeitos de latroc\u00ednio em S\u00e3o Francisco do Sul A Pol\u00edcia Civil identificou e efetuou a pris\u00e3o dos suspeitos de um latroc\u00ednio ocorrido no domingo (18), em S\u00e3o Francisco do Sul. A investiga\u00e7\u00e3o foi realizada por agentes do SIC (Setor de Investiga\u00e7\u00f5es e Capturas) da Delegacia de Pol\u00edcia de S\u00e3o [&hellip;]<\/p>\n","protected":false},"author":10,"featured_media":2885,"comment_status":"closed","ping_status":"open","sticky":false,"template":"","format":"standard","meta":{"_monsterinsights_skip_tracking":false,"_monsterinsights_sitenote_active":false,"_monsterinsights_sitenote_note":"","_monsterinsights_sitenote_category":0,"footnotes":""},"categories":[1],"tags":[],"class_list":["post-2884","post","type-post","status-publish","format-standard","has-post-thumbnail","hentry","category-sem-categoria"],"_links":{"self":[{"href":"https:\/\/pc.sc.gov.br\/index.php?rest_route=\/wp\/v2\/posts\/2884","targetHints":{"allow":["GET"]}}],"collection":[{"href":"https:\/\/pc.sc.gov.br\/index.php?rest_route=\/wp\/v2\/posts"}],"about":[{"href":"https:\/\/pc.sc.gov.br\/index.php?rest_route=\/wp\/v2\/types\/post"}],"author":[{"embeddable":true,"href":"https:\/\/pc.sc.gov.br\/index.php?rest_route=\/wp\/v2\/users\/10"}],"replies":[{"embeddable":true,"href":"https:\/\/pc.sc.gov.br\/index.php?rest_route=%2Fwp%2Fv2%2Fcomments&post=2884"}],"version-history":[{"count":4,"href":"https:\/\/pc.sc.gov.br\/index.php?rest_route=\/wp\/v2\/posts\/2884\/revisions"}],"predecessor-version":[{"id":2889,"href":"https:\/\/pc.sc.gov.br\/index.php?rest_route=\/wp\/v2\/posts\/2884\/revisions\/2889"}],"wp:featuredmedia":[{"embeddable":true,"href":"https:\/\/pc.sc.gov.br\/index.php?rest_route=\/wp\/v2\/media\/2885"}],"wp:attachment":[{"href":"https:\/\/pc.sc.gov.br\/index.php?rest_route=%2Fwp%2Fv2%2Fmedia&parent=2884"}],"wp:term":[{"taxonomy":"category","embeddable":true,"href":"https:\/\/pc.sc.gov.br\/index.php?rest_route=%2Fwp%2Fv2%2Fcategories&post=2884"},{"taxonomy":"post_tag","embeddable":true,"href":"https:\/\/pc.sc.gov.br\/index.php?rest_route=%2Fwp%2Fv2%2Ftags&post=2884"}],"curies":[{"name":"wp","href":"https:\/\/api.w.org\/{rel}","templated":true}]}}