{"id":28850,"date":"2025-05-20T16:11:01","date_gmt":"2025-05-20T19:11:01","guid":{"rendered":"https:\/\/pc.sc.gov.br\/?p=28850"},"modified":"2025-05-20T16:11:56","modified_gmt":"2025-05-20T19:11:56","slug":"pcsc-prende-jovem-em-flagrante-pelo-crime-de-trafico-de-drogas-e-apreende-cerca-de-r-10-mil-em-xanxere","status":"publish","type":"post","link":"https:\/\/pc.sc.gov.br\/?p=28850","title":{"rendered":"PCSC prende jovem em flagrante pelo crime de tr\u00e1fico de drogas e apreende cerca de R$ 10 mil em Xanxer\u00ea"},"content":{"rendered":"\t\t<div data-elementor-type=\"wp-post\" data-elementor-id=\"28850\" class=\"elementor elementor-28850\" data-elementor-post-type=\"post\">\n\t\t\t\t\t\t<section class=\"elementor-section elementor-top-section elementor-element elementor-element-07d9507 elementor-section-boxed elementor-section-height-default elementor-section-height-default\" data-id=\"07d9507\" data-element_type=\"section\">\n\t\t\t\t\t\t<div class=\"elementor-container elementor-column-gap-default\">\n\t\t\t\t\t<div class=\"elementor-column elementor-col-100 elementor-top-column elementor-element elementor-element-24a8df0\" data-id=\"24a8df0\" data-element_type=\"column\">\n\t\t\t<div class=\"elementor-widget-wrap elementor-element-populated\">\n\t\t\t\t\t\t<div class=\"elementor-element elementor-element-c53d0a4 elementor-widget elementor-widget-heading\" data-id=\"c53d0a4\" data-element_type=\"widget\" data-widget_type=\"heading.default\">\n\t\t\t\t<div class=\"elementor-widget-container\">\n\t\t\t\t\t<h2 class=\"elementor-heading-title elementor-size-default\">PCSC prende jovem em flagrante pelo crime de tr\u00e1fico de drogas e apreende cerca de R$ 10 mil em Xanxer\u00ea<\/h2>\t\t\t\t<\/div>\n\t\t\t\t<\/div>\n\t\t\t\t\t<\/div>\n\t\t<\/div>\n\t\t\t\t\t<\/div>\n\t\t<\/section>\n\t\t\t\t<section class=\"elementor-section elementor-top-section elementor-element elementor-element-650f63f elementor-section-boxed elementor-section-height-default elementor-section-height-default\" data-id=\"650f63f\" data-element_type=\"section\">\n\t\t\t\t\t\t<div class=\"elementor-container elementor-column-gap-default\">\n\t\t\t\t\t<div class=\"elementor-column elementor-col-100 elementor-top-column elementor-element elementor-element-9041a15\" data-id=\"9041a15\" data-element_type=\"column\">\n\t\t\t<div class=\"elementor-widget-wrap elementor-element-populated\">\n\t\t\t\t\t\t<div class=\"elementor-element elementor-element-59b05d1 elementor-widget elementor-widget-image\" data-id=\"59b05d1\" data-element_type=\"widget\" data-widget_type=\"image.default\">\n\t\t\t\t<div class=\"elementor-widget-container\">\n\t\t\t\t\t\t\t\t\t\t\t\t\t\t\t<img fetchpriority=\"high\" decoding=\"async\" width=\"696\" height=\"778\" src=\"https:\/\/pc.sc.gov.br\/\/wp-content\/uploads\/2025\/05\/WhatsApp-Image-2025-05-20-at-15.19.42-1-916x1024.jpeg\" class=\"attachment-large size-large wp-image-28851\" alt=\"\" srcset=\"https:\/\/pc.sc.gov.br\/\/wp-content\/uploads\/2025\/05\/WhatsApp-Image-2025-05-20-at-15.19.42-1-916x1024.jpeg 916w, https:\/\/pc.sc.gov.br\/\/wp-content\/uploads\/2025\/05\/WhatsApp-Image-2025-05-20-at-15.19.42-1-268x300.jpeg 268w, https:\/\/pc.sc.gov.br\/\/wp-content\/uploads\/2025\/05\/WhatsApp-Image-2025-05-20-at-15.19.42-1-768x859.jpeg 768w, https:\/\/pc.sc.gov.br\/\/wp-content\/uploads\/2025\/05\/WhatsApp-Image-2025-05-20-at-15.19.42-1-1374x1536.jpeg 1374w, https:\/\/pc.sc.gov.br\/\/wp-content\/uploads\/2025\/05\/WhatsApp-Image-2025-05-20-at-15.19.42-1.jpeg 1431w\" sizes=\"(max-width: 696px) 100vw, 696px\" \/>\t\t\t\t\t\t\t\t\t\t\t\t\t\t\t<\/div>\n\t\t\t\t<\/div>\n\t\t\t\t\t<\/div>\n\t\t<\/div>\n\t\t\t\t\t<\/div>\n\t\t<\/section>\n\t\t\t\t<section class=\"elementor-section elementor-top-section elementor-element elementor-element-cbab7d7 elementor-section-boxed elementor-section-height-default elementor-section-height-default\" data-id=\"cbab7d7\" data-element_type=\"section\">\n\t\t\t\t\t\t<div class=\"elementor-container elementor-column-gap-default\">\n\t\t\t\t\t<div class=\"elementor-column elementor-col-100 elementor-top-column elementor-element elementor-element-5f2737c\" data-id=\"5f2737c\" data-element_type=\"column\">\n\t\t\t<div class=\"elementor-widget-wrap elementor-element-populated\">\n\t\t\t\t\t\t<div class=\"elementor-element elementor-element-4ab3fed elementor-widget elementor-widget-text-editor\" data-id=\"4ab3fed\" data-element_type=\"widget\" data-widget_type=\"text-editor.default\">\n\t\t\t\t<div class=\"elementor-widget-container\">\n\t\t\t\t\t\t\t\t\t<p>A Pol\u00edcia Civil de Santa Catarina, por meio da Delegacia de Investiga\u00e7\u00e3o Criminal de Xanxer\u00ea (DIC), prendeu, em flagrante delito, na tarde desta segunda-feira (19) no bairro Nossa Senhora de F\u00e1tima, um jovem de 18 anos pelo crime de tr\u00e1fico de drogas.<\/p><p>Os policiais civis receberam informa\u00e7\u00f5es de que um indiv\u00edduo de 18 anos, conhecido no meio policial pela autoria de diversos atos infracionais, an\u00e1logos ao crime de tr\u00e1fico de drogas, estaria praticando o crime de tr\u00e1fico de drogas neste munic\u00edpio.\u00a0<\/p><p>Na tarde de segunda-feira (19) os policiais civis lograram \u00eaxito em localizar o investigado e flagrarem uma negocia\u00e7\u00e3o entre ele e um terceiro, em ato cont\u00ednuo os policiais civis localizaram no quarto do investigado uma por\u00e7\u00e3o de subst\u00e2ncia semelhante \u00e0 maconha.<\/p><p>Durante a a\u00e7\u00e3o policial, foram apreendidos cerca de R$ 10 mil em esp\u00e9cie, al\u00e9m da subst\u00e2ncia entorpecente e aparelhos celulares. Ap\u00f3s a condu\u00e7\u00e3o at\u00e9 a Delegacia de Pol\u00edcia para procedimentos legais, o rapaz foi encaminhado ao Pres\u00eddio Regional de Xanxer\u00ea. As investiga\u00e7\u00f5es sobre o caso prosseguem na DIC de Xanxer\u00ea e ser\u00e3o remetidos ao Poder Judici\u00e1rio dentro do prazo legal.<\/p>\t\t\t\t\t\t\t\t<\/div>\n\t\t\t\t<\/div>\n\t\t\t\t\t<\/div>\n\t\t<\/div>\n\t\t\t\t\t<\/div>\n\t\t<\/section>\n\t\t\t\t<\/div>\n\t\t","protected":false},"excerpt":{"rendered":"<p>PCSC prende jovem em flagrante pelo crime de tr\u00e1fico de drogas e apreende cerca de R$ 10 mil em Xanxer\u00ea A Pol\u00edcia Civil de Santa Catarina, por meio da Delegacia de Investiga\u00e7\u00e3o Criminal de Xanxer\u00ea (DIC), prendeu, em flagrante delito, na tarde desta segunda-feira (19) no bairro Nossa Senhora de F\u00e1tima, um jovem de 18 [&hellip;]<\/p>\n","protected":false},"author":5,"featured_media":28851,"comment_status":"closed","ping_status":"open","sticky":false,"template":"","format":"standard","meta":{"_monsterinsights_skip_tracking":false,"_monsterinsights_sitenote_active":false,"_monsterinsights_sitenote_note":"","_monsterinsights_sitenote_category":0,"footnotes":""},"categories":[1],"tags":[],"class_list":["post-28850","post","type-post","status-publish","format-standard","has-post-thumbnail","hentry","category-sem-categoria"],"_links":{"self":[{"href":"https:\/\/pc.sc.gov.br\/index.php?rest_route=\/wp\/v2\/posts\/28850","targetHints":{"allow":["GET"]}}],"collection":[{"href":"https:\/\/pc.sc.gov.br\/index.php?rest_route=\/wp\/v2\/posts"}],"about":[{"href":"https:\/\/pc.sc.gov.br\/index.php?rest_route=\/wp\/v2\/types\/post"}],"author":[{"embeddable":true,"href":"https:\/\/pc.sc.gov.br\/index.php?rest_route=\/wp\/v2\/users\/5"}],"replies":[{"embeddable":true,"href":"https:\/\/pc.sc.gov.br\/index.php?rest_route=%2Fwp%2Fv2%2Fcomments&post=28850"}],"version-history":[{"count":4,"href":"https:\/\/pc.sc.gov.br\/index.php?rest_route=\/wp\/v2\/posts\/28850\/revisions"}],"predecessor-version":[{"id":28855,"href":"https:\/\/pc.sc.gov.br\/index.php?rest_route=\/wp\/v2\/posts\/28850\/revisions\/28855"}],"wp:featuredmedia":[{"embeddable":true,"href":"https:\/\/pc.sc.gov.br\/index.php?rest_route=\/wp\/v2\/media\/28851"}],"wp:attachment":[{"href":"https:\/\/pc.sc.gov.br\/index.php?rest_route=%2Fwp%2Fv2%2Fmedia&parent=28850"}],"wp:term":[{"taxonomy":"category","embeddable":true,"href":"https:\/\/pc.sc.gov.br\/index.php?rest_route=%2Fwp%2Fv2%2Fcategories&post=28850"},{"taxonomy":"post_tag","embeddable":true,"href":"https:\/\/pc.sc.gov.br\/index.php?rest_route=%2Fwp%2Fv2%2Ftags&post=28850"}],"curies":[{"name":"wp","href":"https:\/\/api.w.org\/{rel}","templated":true}]}}