{"id":28856,"date":"2025-05-20T16:33:03","date_gmt":"2025-05-20T19:33:03","guid":{"rendered":"https:\/\/pc.sc.gov.br\/?p=28856"},"modified":"2025-05-20T16:33:53","modified_gmt":"2025-05-20T19:33:53","slug":"policiais-civis-de-sc-participam-como-docentes-da-4a-edicao-do-curso-de-investigacao-financeira-e-analise-patrimonial-em-belo-horizonte","status":"publish","type":"post","link":"https:\/\/pc.sc.gov.br\/?p=28856","title":{"rendered":"Policiais civis de SC participam como docentes da 4\u00aa Edi\u00e7\u00e3o do Curso de Investiga\u00e7\u00e3o Financeira e An\u00e1lise Patrimonial em Belo Horizonte"},"content":{"rendered":"\t\t<div data-elementor-type=\"wp-post\" data-elementor-id=\"28856\" class=\"elementor elementor-28856\" data-elementor-post-type=\"post\">\n\t\t\t\t\t\t<section class=\"elementor-section elementor-top-section elementor-element elementor-element-b871326 elementor-section-boxed elementor-section-height-default elementor-section-height-default\" data-id=\"b871326\" data-element_type=\"section\">\n\t\t\t\t\t\t<div class=\"elementor-container elementor-column-gap-default\">\n\t\t\t\t\t<div class=\"elementor-column elementor-col-100 elementor-top-column elementor-element elementor-element-ba3cc58\" data-id=\"ba3cc58\" data-element_type=\"column\">\n\t\t\t<div class=\"elementor-widget-wrap elementor-element-populated\">\n\t\t\t\t\t\t<div class=\"elementor-element elementor-element-287b693 elementor-widget elementor-widget-heading\" data-id=\"287b693\" data-element_type=\"widget\" data-widget_type=\"heading.default\">\n\t\t\t\t<div class=\"elementor-widget-container\">\n\t\t\t\t\t<h2 class=\"elementor-heading-title elementor-size-default\">Policiais civis de SC participam como docentes da 4\u00aa Edi\u00e7\u00e3o do Curso de Investiga\u00e7\u00e3o Financeira e An\u00e1lise Patrimonial em Belo Horizonte<\/h2>\t\t\t\t<\/div>\n\t\t\t\t<\/div>\n\t\t\t\t\t<\/div>\n\t\t<\/div>\n\t\t\t\t\t<\/div>\n\t\t<\/section>\n\t\t\t\t<section class=\"elementor-section elementor-top-section elementor-element elementor-element-9199143 elementor-section-boxed elementor-section-height-default elementor-section-height-default\" data-id=\"9199143\" data-element_type=\"section\">\n\t\t\t\t\t\t<div class=\"elementor-container elementor-column-gap-default\">\n\t\t\t\t\t<div class=\"elementor-column elementor-col-100 elementor-top-column elementor-element elementor-element-359aca0\" data-id=\"359aca0\" data-element_type=\"column\">\n\t\t\t<div class=\"elementor-widget-wrap elementor-element-populated\">\n\t\t\t\t\t\t<div class=\"elementor-element elementor-element-9458a36 elementor-widget elementor-widget-image\" data-id=\"9458a36\" data-element_type=\"widget\" data-widget_type=\"image.default\">\n\t\t\t\t<div class=\"elementor-widget-container\">\n\t\t\t\t\t\t\t\t\t\t\t\t\t\t\t<img fetchpriority=\"high\" decoding=\"async\" width=\"696\" height=\"928\" src=\"https:\/\/pc.sc.gov.br\/\/wp-content\/uploads\/2025\/05\/WhatsApp-Image-2025-05-20-at-15.16.45-768x1024.jpeg\" class=\"attachment-large size-large wp-image-28857\" alt=\"\" srcset=\"https:\/\/pc.sc.gov.br\/\/wp-content\/uploads\/2025\/05\/WhatsApp-Image-2025-05-20-at-15.16.45-768x1024.jpeg 768w, https:\/\/pc.sc.gov.br\/\/wp-content\/uploads\/2025\/05\/WhatsApp-Image-2025-05-20-at-15.16.45-225x300.jpeg 225w, https:\/\/pc.sc.gov.br\/\/wp-content\/uploads\/2025\/05\/WhatsApp-Image-2025-05-20-at-15.16.45.jpeg 960w\" sizes=\"(max-width: 696px) 100vw, 696px\" \/>\t\t\t\t\t\t\t\t\t\t\t\t\t\t\t<\/div>\n\t\t\t\t<\/div>\n\t\t\t\t\t<\/div>\n\t\t<\/div>\n\t\t\t\t\t<\/div>\n\t\t<\/section>\n\t\t\t\t<section class=\"elementor-section elementor-top-section elementor-element elementor-element-73fbe09 elementor-section-boxed elementor-section-height-default elementor-section-height-default\" data-id=\"73fbe09\" data-element_type=\"section\">\n\t\t\t\t\t\t<div class=\"elementor-container elementor-column-gap-default\">\n\t\t\t\t\t<div class=\"elementor-column elementor-col-100 elementor-top-column elementor-element elementor-element-7885ede\" data-id=\"7885ede\" data-element_type=\"column\">\n\t\t\t<div class=\"elementor-widget-wrap elementor-element-populated\">\n\t\t\t\t\t\t<div class=\"elementor-element elementor-element-d7f9cae elementor-widget elementor-widget-text-editor\" data-id=\"d7f9cae\" data-element_type=\"widget\" data-widget_type=\"text-editor.default\">\n\t\t\t\t<div class=\"elementor-widget-container\">\n\t\t\t\t\t\t\t\t\t<p>Os policiais civis de Santa Catarina Rodrigo Schneider e Michelle C. Machado, ambos professores da Acadepol, participaram como docentes da 4\u00aa Edi\u00e7\u00e3o do Curso de Investiga\u00e7\u00e3o Financeira e An\u00e1lise Patrimonial (CIFAP), que est\u00e1 sendo realizado na cidade de Belo Horizonte\/MG.<\/p><p>O curso teve in\u00edcio no dia 12 e segue at\u00e9 23 de maio. O evento est\u00e1 sendo promovido pela Secretaria Nacional de Seguran\u00e7a P\u00fablica (SENASP) e visa aprimorar o combate ao crime organizado, promovendo a capacita\u00e7\u00e3o de policiais de todo o Brasil no combate ao crime de lavagem de dinheiro e outras pr\u00e1ticas il\u00edcitas.<\/p><p>A capacita\u00e7\u00e3o mescla aulas te\u00f3ricas e pr\u00e1ticas, permitindo que o policial aprenda a rastrear ativos il\u00edcitos, al\u00e9m do manuseio de ferramentas de an\u00e1lise. Os professores Rodrigo e Michelle na ocasi\u00e3o ministraram a disciplina de Identifica\u00e7\u00e3o Patrimonial e An\u00e1lise Fiscal no dia 19 de maio para os 40 alunos do curso, sendo ent\u00e3o demonstradas t\u00e9cnicas para identifica\u00e7\u00e3o de patrim\u00f4nio il\u00edcito.<\/p>\t\t\t\t\t\t\t\t<\/div>\n\t\t\t\t<\/div>\n\t\t\t\t\t<\/div>\n\t\t<\/div>\n\t\t\t\t\t<\/div>\n\t\t<\/section>\n\t\t\t\t<\/div>\n\t\t","protected":false},"excerpt":{"rendered":"<p>Policiais civis de SC participam como docentes da 4\u00aa Edi\u00e7\u00e3o do Curso de Investiga\u00e7\u00e3o Financeira e An\u00e1lise Patrimonial em Belo Horizonte Os policiais civis de Santa Catarina Rodrigo Schneider e Michelle C. Machado, ambos professores da Acadepol, participaram como docentes da 4\u00aa Edi\u00e7\u00e3o do Curso de Investiga\u00e7\u00e3o Financeira e An\u00e1lise Patrimonial (CIFAP), que est\u00e1 sendo [&hellip;]<\/p>\n","protected":false},"author":5,"featured_media":28857,"comment_status":"closed","ping_status":"open","sticky":false,"template":"","format":"standard","meta":{"_monsterinsights_skip_tracking":false,"_monsterinsights_sitenote_active":false,"_monsterinsights_sitenote_note":"","_monsterinsights_sitenote_category":0,"footnotes":""},"categories":[1],"tags":[],"class_list":["post-28856","post","type-post","status-publish","format-standard","has-post-thumbnail","hentry","category-sem-categoria"],"_links":{"self":[{"href":"https:\/\/pc.sc.gov.br\/index.php?rest_route=\/wp\/v2\/posts\/28856","targetHints":{"allow":["GET"]}}],"collection":[{"href":"https:\/\/pc.sc.gov.br\/index.php?rest_route=\/wp\/v2\/posts"}],"about":[{"href":"https:\/\/pc.sc.gov.br\/index.php?rest_route=\/wp\/v2\/types\/post"}],"author":[{"embeddable":true,"href":"https:\/\/pc.sc.gov.br\/index.php?rest_route=\/wp\/v2\/users\/5"}],"replies":[{"embeddable":true,"href":"https:\/\/pc.sc.gov.br\/index.php?rest_route=%2Fwp%2Fv2%2Fcomments&post=28856"}],"version-history":[{"count":4,"href":"https:\/\/pc.sc.gov.br\/index.php?rest_route=\/wp\/v2\/posts\/28856\/revisions"}],"predecessor-version":[{"id":28861,"href":"https:\/\/pc.sc.gov.br\/index.php?rest_route=\/wp\/v2\/posts\/28856\/revisions\/28861"}],"wp:featuredmedia":[{"embeddable":true,"href":"https:\/\/pc.sc.gov.br\/index.php?rest_route=\/wp\/v2\/media\/28857"}],"wp:attachment":[{"href":"https:\/\/pc.sc.gov.br\/index.php?rest_route=%2Fwp%2Fv2%2Fmedia&parent=28856"}],"wp:term":[{"taxonomy":"category","embeddable":true,"href":"https:\/\/pc.sc.gov.br\/index.php?rest_route=%2Fwp%2Fv2%2Fcategories&post=28856"},{"taxonomy":"post_tag","embeddable":true,"href":"https:\/\/pc.sc.gov.br\/index.php?rest_route=%2Fwp%2Fv2%2Ftags&post=28856"}],"curies":[{"name":"wp","href":"https:\/\/api.w.org\/{rel}","templated":true}]}}