{"id":28862,"date":"2025-05-21T16:43:07","date_gmt":"2025-05-21T19:43:07","guid":{"rendered":"https:\/\/pc.sc.gov.br\/?p=28862"},"modified":"2025-05-21T16:45:16","modified_gmt":"2025-05-21T19:45:16","slug":"policia-civil-deflagra-operacao-no-morro-do-horacio-para-localizar-suspeitos-por-fato-criminoso-contra-o-delegado-geral-da-instituicao","status":"publish","type":"post","link":"https:\/\/pc.sc.gov.br\/?p=28862","title":{"rendered":"Pol\u00edcia Civil deflagra opera\u00e7\u00e3o no Morro do Hor\u00e1cio para localizar suspeitos por fato criminoso contra o Delegado-Geral da institui\u00e7\u00e3o"},"content":{"rendered":"\t\t<div data-elementor-type=\"wp-post\" data-elementor-id=\"28862\" class=\"elementor elementor-28862\" data-elementor-post-type=\"post\">\n\t\t\t\t\t\t<section class=\"elementor-section elementor-top-section elementor-element elementor-element-e66d77f elementor-section-boxed elementor-section-height-default elementor-section-height-default\" data-id=\"e66d77f\" data-element_type=\"section\">\n\t\t\t\t\t\t<div class=\"elementor-container elementor-column-gap-default\">\n\t\t\t\t\t<div class=\"elementor-column elementor-col-100 elementor-top-column elementor-element elementor-element-70554eb\" data-id=\"70554eb\" data-element_type=\"column\">\n\t\t\t<div class=\"elementor-widget-wrap elementor-element-populated\">\n\t\t\t\t\t\t<div class=\"elementor-element elementor-element-47fbcc2 elementor-widget elementor-widget-heading\" data-id=\"47fbcc2\" data-element_type=\"widget\" data-widget_type=\"heading.default\">\n\t\t\t\t<div class=\"elementor-widget-container\">\n\t\t\t\t\t<h2 class=\"elementor-heading-title elementor-size-default\">Pol\u00edcia Civil deflagra opera\u00e7\u00e3o no Morro do Hor\u00e1cio para localizar suspeitos por fato criminoso contra o Delegado-Geral da institui\u00e7\u00e3o<\/h2>\t\t\t\t<\/div>\n\t\t\t\t<\/div>\n\t\t\t\t\t<\/div>\n\t\t<\/div>\n\t\t\t\t\t<\/div>\n\t\t<\/section>\n\t\t\t\t<section class=\"elementor-section elementor-top-section elementor-element elementor-element-7cf5971 elementor-section-boxed elementor-section-height-default elementor-section-height-default\" data-id=\"7cf5971\" data-element_type=\"section\">\n\t\t\t\t\t\t<div class=\"elementor-container elementor-column-gap-default\">\n\t\t\t\t\t<div class=\"elementor-column elementor-col-100 elementor-top-column elementor-element elementor-element-66e8ef2\" data-id=\"66e8ef2\" data-element_type=\"column\">\n\t\t\t<div class=\"elementor-widget-wrap elementor-element-populated\">\n\t\t\t\t\t\t<div class=\"elementor-element elementor-element-e75203e elementor-widget elementor-widget-image\" data-id=\"e75203e\" data-element_type=\"widget\" data-widget_type=\"image.default\">\n\t\t\t\t<div class=\"elementor-widget-container\">\n\t\t\t\t\t\t\t\t\t\t\t\t\t\t\t<img fetchpriority=\"high\" decoding=\"async\" width=\"696\" height=\"893\" src=\"https:\/\/pc.sc.gov.br\/\/wp-content\/uploads\/2025\/05\/WhatsApp-Image-2025-05-21-at-15.43.58-798x1024.jpeg\" class=\"attachment-large size-large wp-image-28867\" alt=\"\" srcset=\"https:\/\/pc.sc.gov.br\/\/wp-content\/uploads\/2025\/05\/WhatsApp-Image-2025-05-21-at-15.43.58-798x1024.jpeg 798w, https:\/\/pc.sc.gov.br\/\/wp-content\/uploads\/2025\/05\/WhatsApp-Image-2025-05-21-at-15.43.58-234x300.jpeg 234w, https:\/\/pc.sc.gov.br\/\/wp-content\/uploads\/2025\/05\/WhatsApp-Image-2025-05-21-at-15.43.58-768x985.jpeg 768w, https:\/\/pc.sc.gov.br\/\/wp-content\/uploads\/2025\/05\/WhatsApp-Image-2025-05-21-at-15.43.58-1197x1536.jpeg 1197w, https:\/\/pc.sc.gov.br\/\/wp-content\/uploads\/2025\/05\/WhatsApp-Image-2025-05-21-at-15.43.58.jpeg 1247w\" sizes=\"(max-width: 696px) 100vw, 696px\" \/>\t\t\t\t\t\t\t\t\t\t\t\t\t\t\t<\/div>\n\t\t\t\t<\/div>\n\t\t\t\t<div class=\"elementor-element elementor-element-ef0287d elementor-widget elementor-widget-text-editor\" data-id=\"ef0287d\" data-element_type=\"widget\" data-widget_type=\"text-editor.default\">\n\t\t\t\t<div class=\"elementor-widget-container\">\n\t\t\t\t\t\t\t\t\t<p>Na tarde desta quarta-feira (21\/05), a Pol\u00edcia Civil de Santa Catarina deflagrou opera\u00e7\u00e3o no Morro do Hor\u00e1cio, em Florian\u00f3polis, para identificar os envolvidos no fato criminoso envolvidos no fato criminoso praticado contra o Delegado-Geral, Ulisses Gabriel. Diversos policiais civis da institui\u00e7\u00e3o est\u00e3o nas ruas com a finalidade de buscar informa\u00e7\u00f5es sobre o paradeiro dos suspeitos.<\/p><p>Policiais da Diretora Estadual de Investiga\u00e7\u00f5es Criminais, do Servi\u00e7o Aeropolicial, da Diretoria de Intelig\u00eancia, da Coordenadoria de Opera\u00e7\u00f5es e Recursos Especiais, da Coordenadoria de Opera\u00e7\u00f5es Policais com C\u00e3es e da Diretoria de Pol\u00edcia da Grande Florian\u00f3polis est\u00e3o atuando na opera\u00e7\u00e3o. As dilig\u00eancias continuam em andamento no local.<\/p><p><strong>Entenda o caso<\/strong><\/p><p>Nesta manh\u00e3 (21\/05), a viatura descaracterizada, onde se encontravam o Delegado-Geral, Ulisses Gabriel, e sua equipe, quando em deslocamento no Morro do Hor\u00e1cio, foi abordada por dois criminosos, em clara inten\u00e7\u00e3o da pr\u00e1tica de crime, quando, ent\u00e3o, houve revide pelos policiais civis, com disparos de arma de fogo e imediata fuga dos criminosos. Nenhum policial civil foi ferido.<\/p>\t\t\t\t\t\t\t\t<\/div>\n\t\t\t\t<\/div>\n\t\t\t\t\t<\/div>\n\t\t<\/div>\n\t\t\t\t\t<\/div>\n\t\t<\/section>\n\t\t\t\t<section class=\"elementor-section elementor-top-section elementor-element elementor-element-472cae3 elementor-section-boxed elementor-section-height-default elementor-section-height-default\" data-id=\"472cae3\" data-element_type=\"section\">\n\t\t\t\t\t\t<div class=\"elementor-container elementor-column-gap-default\">\n\t\t\t\t\t<div class=\"elementor-column elementor-col-100 elementor-top-column elementor-element elementor-element-d9068e1\" data-id=\"d9068e1\" data-element_type=\"column\">\n\t\t\t<div class=\"elementor-widget-wrap elementor-element-populated\">\n\t\t\t\t\t\t<div class=\"elementor-element elementor-element-40953c7 elementor-widget elementor-widget-image\" data-id=\"40953c7\" data-element_type=\"widget\" data-widget_type=\"image.default\">\n\t\t\t\t<div class=\"elementor-widget-container\">\n\t\t\t\t\t\t\t\t\t\t\t\t\t\t\t<img decoding=\"async\" width=\"576\" height=\"1024\" src=\"https:\/\/pc.sc.gov.br\/\/wp-content\/uploads\/2025\/05\/WhatsApp-Image-2025-05-21-at-15.44.45-1-576x1024.jpeg\" class=\"attachment-large size-large wp-image-28866\" alt=\"\" srcset=\"https:\/\/pc.sc.gov.br\/\/wp-content\/uploads\/2025\/05\/WhatsApp-Image-2025-05-21-at-15.44.45-1-576x1024.jpeg 576w, https:\/\/pc.sc.gov.br\/\/wp-content\/uploads\/2025\/05\/WhatsApp-Image-2025-05-21-at-15.44.45-1-169x300.jpeg 169w, https:\/\/pc.sc.gov.br\/\/wp-content\/uploads\/2025\/05\/WhatsApp-Image-2025-05-21-at-15.44.45-1-768x1365.jpeg 768w, https:\/\/pc.sc.gov.br\/\/wp-content\/uploads\/2025\/05\/WhatsApp-Image-2025-05-21-at-15.44.45-1-864x1536.jpeg 864w, https:\/\/pc.sc.gov.br\/\/wp-content\/uploads\/2025\/05\/WhatsApp-Image-2025-05-21-at-15.44.45-1.jpeg 900w\" sizes=\"(max-width: 576px) 100vw, 576px\" \/>\t\t\t\t\t\t\t\t\t\t\t\t\t\t\t<\/div>\n\t\t\t\t<\/div>\n\t\t\t\t\t<\/div>\n\t\t<\/div>\n\t\t\t\t\t<\/div>\n\t\t<\/section>\n\t\t\t\t<section class=\"elementor-section elementor-top-section elementor-element elementor-element-7836af5 elementor-section-boxed elementor-section-height-default elementor-section-height-default\" data-id=\"7836af5\" data-element_type=\"section\">\n\t\t\t\t\t\t<div class=\"elementor-container elementor-column-gap-default\">\n\t\t\t\t\t<div class=\"elementor-column elementor-col-100 elementor-top-column elementor-element elementor-element-72231cd\" data-id=\"72231cd\" data-element_type=\"column\">\n\t\t\t<div class=\"elementor-widget-wrap elementor-element-populated\">\n\t\t\t\t\t\t<div class=\"elementor-element elementor-element-7976818 elementor-widget elementor-widget-image\" data-id=\"7976818\" data-element_type=\"widget\" data-widget_type=\"image.default\">\n\t\t\t\t<div class=\"elementor-widget-container\">\n\t\t\t\t\t\t\t\t\t\t\t\t\t\t\t<img decoding=\"async\" width=\"576\" height=\"1024\" src=\"https:\/\/pc.sc.gov.br\/\/wp-content\/uploads\/2025\/05\/WhatsApp-Image-2025-05-21-at-15.44.48-576x1024.jpeg\" class=\"attachment-large size-large wp-image-28863\" alt=\"\" srcset=\"https:\/\/pc.sc.gov.br\/\/wp-content\/uploads\/2025\/05\/WhatsApp-Image-2025-05-21-at-15.44.48-576x1024.jpeg 576w, https:\/\/pc.sc.gov.br\/\/wp-content\/uploads\/2025\/05\/WhatsApp-Image-2025-05-21-at-15.44.48-169x300.jpeg 169w, https:\/\/pc.sc.gov.br\/\/wp-content\/uploads\/2025\/05\/WhatsApp-Image-2025-05-21-at-15.44.48-768x1365.jpeg 768w, https:\/\/pc.sc.gov.br\/\/wp-content\/uploads\/2025\/05\/WhatsApp-Image-2025-05-21-at-15.44.48-864x1536.jpeg 864w, https:\/\/pc.sc.gov.br\/\/wp-content\/uploads\/2025\/05\/WhatsApp-Image-2025-05-21-at-15.44.48.jpeg 900w\" sizes=\"(max-width: 576px) 100vw, 576px\" \/>\t\t\t\t\t\t\t\t\t\t\t\t\t\t\t<\/div>\n\t\t\t\t<\/div>\n\t\t\t\t\t<\/div>\n\t\t<\/div>\n\t\t\t\t\t<\/div>\n\t\t<\/section>\n\t\t\t\t<\/div>\n\t\t","protected":false},"excerpt":{"rendered":"<p>Pol\u00edcia Civil deflagra opera\u00e7\u00e3o no Morro do Hor\u00e1cio para localizar suspeitos por fato criminoso contra o Delegado-Geral da institui\u00e7\u00e3o Na tarde desta quarta-feira (21\/05), a Pol\u00edcia Civil de Santa Catarina deflagrou opera\u00e7\u00e3o no Morro do Hor\u00e1cio, em Florian\u00f3polis, para identificar os envolvidos no fato criminoso envolvidos no fato criminoso praticado contra o Delegado-Geral, Ulisses Gabriel. [&hellip;]<\/p>\n","protected":false},"author":5,"featured_media":28864,"comment_status":"closed","ping_status":"open","sticky":false,"template":"","format":"standard","meta":{"_monsterinsights_skip_tracking":false,"_monsterinsights_sitenote_active":false,"_monsterinsights_sitenote_note":"","_monsterinsights_sitenote_category":0,"footnotes":""},"categories":[1],"tags":[],"class_list":["post-28862","post","type-post","status-publish","format-standard","has-post-thumbnail","hentry","category-sem-categoria"],"_links":{"self":[{"href":"https:\/\/pc.sc.gov.br\/index.php?rest_route=\/wp\/v2\/posts\/28862","targetHints":{"allow":["GET"]}}],"collection":[{"href":"https:\/\/pc.sc.gov.br\/index.php?rest_route=\/wp\/v2\/posts"}],"about":[{"href":"https:\/\/pc.sc.gov.br\/index.php?rest_route=\/wp\/v2\/types\/post"}],"author":[{"embeddable":true,"href":"https:\/\/pc.sc.gov.br\/index.php?rest_route=\/wp\/v2\/users\/5"}],"replies":[{"embeddable":true,"href":"https:\/\/pc.sc.gov.br\/index.php?rest_route=%2Fwp%2Fv2%2Fcomments&post=28862"}],"version-history":[{"count":4,"href":"https:\/\/pc.sc.gov.br\/index.php?rest_route=\/wp\/v2\/posts\/28862\/revisions"}],"predecessor-version":[{"id":28871,"href":"https:\/\/pc.sc.gov.br\/index.php?rest_route=\/wp\/v2\/posts\/28862\/revisions\/28871"}],"wp:featuredmedia":[{"embeddable":true,"href":"https:\/\/pc.sc.gov.br\/index.php?rest_route=\/wp\/v2\/media\/28864"}],"wp:attachment":[{"href":"https:\/\/pc.sc.gov.br\/index.php?rest_route=%2Fwp%2Fv2%2Fmedia&parent=28862"}],"wp:term":[{"taxonomy":"category","embeddable":true,"href":"https:\/\/pc.sc.gov.br\/index.php?rest_route=%2Fwp%2Fv2%2Fcategories&post=28862"},{"taxonomy":"post_tag","embeddable":true,"href":"https:\/\/pc.sc.gov.br\/index.php?rest_route=%2Fwp%2Fv2%2Ftags&post=28862"}],"curies":[{"name":"wp","href":"https:\/\/api.w.org\/{rel}","templated":true}]}}