{"id":28872,"date":"2025-05-21T16:59:16","date_gmt":"2025-05-21T19:59:16","guid":{"rendered":"https:\/\/pc.sc.gov.br\/?p=28872"},"modified":"2025-05-21T16:59:56","modified_gmt":"2025-05-21T19:59:56","slug":"policia-civil-identifica-e-promove-indiciamento-de-homem-por-duas-tentativas-seguidas-de-roubos-com-uso-de-martelo-em-criciuma","status":"publish","type":"post","link":"https:\/\/pc.sc.gov.br\/?p=28872","title":{"rendered":"Pol\u00edcia Civil identifica e promove indiciamento de homem por duas tentativas seguidas de roubos com uso de martelo em Crici\u00fama"},"content":{"rendered":"\t\t<div data-elementor-type=\"wp-post\" data-elementor-id=\"28872\" class=\"elementor elementor-28872\" data-elementor-post-type=\"post\">\n\t\t\t\t\t\t<section class=\"elementor-section elementor-top-section elementor-element elementor-element-6892fb6 elementor-section-boxed elementor-section-height-default elementor-section-height-default\" data-id=\"6892fb6\" data-element_type=\"section\">\n\t\t\t\t\t\t<div class=\"elementor-container elementor-column-gap-default\">\n\t\t\t\t\t<div class=\"elementor-column elementor-col-100 elementor-top-column elementor-element elementor-element-0fb29d8\" data-id=\"0fb29d8\" data-element_type=\"column\">\n\t\t\t<div class=\"elementor-widget-wrap elementor-element-populated\">\n\t\t\t\t\t\t<div class=\"elementor-element elementor-element-8358446 elementor-widget elementor-widget-heading\" data-id=\"8358446\" data-element_type=\"widget\" data-widget_type=\"heading.default\">\n\t\t\t\t<div class=\"elementor-widget-container\">\n\t\t\t\t\t<h2 class=\"elementor-heading-title elementor-size-default\">Pol\u00edcia Civil identifica e promove indiciamento de homem por duas tentativas seguidas de roubos com uso de martelo em Crici\u00fama <\/h2>\t\t\t\t<\/div>\n\t\t\t\t<\/div>\n\t\t\t\t\t<\/div>\n\t\t<\/div>\n\t\t\t\t\t<\/div>\n\t\t<\/section>\n\t\t\t\t<section class=\"elementor-section elementor-top-section elementor-element elementor-element-8ace65d elementor-section-boxed elementor-section-height-default elementor-section-height-default\" data-id=\"8ace65d\" data-element_type=\"section\">\n\t\t\t\t\t\t<div class=\"elementor-container elementor-column-gap-default\">\n\t\t\t\t\t<div class=\"elementor-column elementor-col-100 elementor-top-column elementor-element elementor-element-33eb94b\" data-id=\"33eb94b\" data-element_type=\"column\">\n\t\t\t<div class=\"elementor-widget-wrap elementor-element-populated\">\n\t\t\t\t\t\t<div class=\"elementor-element elementor-element-82c48aa elementor-widget elementor-widget-image\" data-id=\"82c48aa\" data-element_type=\"widget\" data-widget_type=\"image.default\">\n\t\t\t\t<div class=\"elementor-widget-container\">\n\t\t\t\t\t\t\t\t\t\t\t\t\t\t\t<img fetchpriority=\"high\" decoding=\"async\" width=\"696\" height=\"617\" src=\"https:\/\/pc.sc.gov.br\/\/wp-content\/uploads\/2025\/05\/WhatsApp-Image-2025-05-21-at-16.27.05-1024x908.jpeg\" class=\"attachment-large size-large wp-image-28873\" alt=\"\" srcset=\"https:\/\/pc.sc.gov.br\/\/wp-content\/uploads\/2025\/05\/WhatsApp-Image-2025-05-21-at-16.27.05-1024x908.jpeg 1024w, https:\/\/pc.sc.gov.br\/\/wp-content\/uploads\/2025\/05\/WhatsApp-Image-2025-05-21-at-16.27.05-300x266.jpeg 300w, https:\/\/pc.sc.gov.br\/\/wp-content\/uploads\/2025\/05\/WhatsApp-Image-2025-05-21-at-16.27.05-768x681.jpeg 768w, https:\/\/pc.sc.gov.br\/\/wp-content\/uploads\/2025\/05\/WhatsApp-Image-2025-05-21-at-16.27.05.jpeg 1200w\" sizes=\"(max-width: 696px) 100vw, 696px\" \/>\t\t\t\t\t\t\t\t\t\t\t\t\t\t\t<\/div>\n\t\t\t\t<\/div>\n\t\t\t\t\t<\/div>\n\t\t<\/div>\n\t\t\t\t\t<\/div>\n\t\t<\/section>\n\t\t\t\t<section class=\"elementor-section elementor-top-section elementor-element elementor-element-1b561d6 elementor-section-boxed elementor-section-height-default elementor-section-height-default\" data-id=\"1b561d6\" data-element_type=\"section\">\n\t\t\t\t\t\t<div class=\"elementor-container elementor-column-gap-default\">\n\t\t\t\t\t<div class=\"elementor-column elementor-col-100 elementor-top-column elementor-element elementor-element-04bc58f\" data-id=\"04bc58f\" data-element_type=\"column\">\n\t\t\t<div class=\"elementor-widget-wrap elementor-element-populated\">\n\t\t\t\t\t\t<div class=\"elementor-element elementor-element-f4f8c9d elementor-widget elementor-widget-text-editor\" data-id=\"f4f8c9d\" data-element_type=\"widget\" data-widget_type=\"text-editor.default\">\n\t\t\t\t<div class=\"elementor-widget-container\">\n\t\t\t\t\t\t\t\t\t<p>A Pol\u00edcia Civil de Santa Catarina, por meio da Delegacia de Repress\u00e3o a Roubos\u00a0de Crici\u00fama, encerrou apura\u00e7\u00e3o policial com a identifica\u00e7\u00e3o de uma pessoa por envolvimento em dois crimes de roubos tentados com uso de martelo, na regi\u00e3o central de Crici\u00fama.<\/p><p>Na primeira investida, o autor aborda uma mulher em um carro ao chegar a casa. Ela estava com a filha no banco de tr\u00e1s. Ao perceber a inten\u00e7\u00e3o do criminoso, a v\u00edtima consegue fugir. O autor desferiu um golpe de martelo no cap\u00f4 do autom\u00f3vel. Na sequ\u00eancia, o homem realizou mais uma tentativa de roubo contra uma fam\u00edlia em via p\u00fablica, tamb\u00e9m sem sucesso.<\/p><p>Os investigadores policiais da DRR\/DIC promoveram a identifica\u00e7\u00e3o do homem. A Pol\u00edcia Civil realizou o indiciamento pelos dois crimes de roubos tentados aumentados pelo uso de arma branca (martelo). O Minist\u00e9rio P\u00fablico ofereceu den\u00fancia e a a\u00e7\u00e3o penal est\u00e1 em curso. A pena, no caso condenado considerando a modalidade tentada, pode variar de 5 a 13 anos de reclus\u00e3o.<\/p>\t\t\t\t\t\t\t\t<\/div>\n\t\t\t\t<\/div>\n\t\t\t\t\t<\/div>\n\t\t<\/div>\n\t\t\t\t\t<\/div>\n\t\t<\/section>\n\t\t\t\t<\/div>\n\t\t","protected":false},"excerpt":{"rendered":"<p>Pol\u00edcia Civil identifica e promove indiciamento de homem por duas tentativas seguidas de roubos com uso de martelo em Crici\u00fama A Pol\u00edcia Civil de Santa Catarina, por meio da Delegacia de Repress\u00e3o a Roubos\u00a0de Crici\u00fama, encerrou apura\u00e7\u00e3o policial com a identifica\u00e7\u00e3o de uma pessoa por envolvimento em dois crimes de roubos tentados com uso de [&hellip;]<\/p>\n","protected":false},"author":5,"featured_media":28873,"comment_status":"closed","ping_status":"open","sticky":false,"template":"","format":"standard","meta":{"_monsterinsights_skip_tracking":false,"_monsterinsights_sitenote_active":false,"_monsterinsights_sitenote_note":"","_monsterinsights_sitenote_category":0,"footnotes":""},"categories":[1],"tags":[],"class_list":["post-28872","post","type-post","status-publish","format-standard","has-post-thumbnail","hentry","category-sem-categoria"],"_links":{"self":[{"href":"https:\/\/pc.sc.gov.br\/index.php?rest_route=\/wp\/v2\/posts\/28872","targetHints":{"allow":["GET"]}}],"collection":[{"href":"https:\/\/pc.sc.gov.br\/index.php?rest_route=\/wp\/v2\/posts"}],"about":[{"href":"https:\/\/pc.sc.gov.br\/index.php?rest_route=\/wp\/v2\/types\/post"}],"author":[{"embeddable":true,"href":"https:\/\/pc.sc.gov.br\/index.php?rest_route=\/wp\/v2\/users\/5"}],"replies":[{"embeddable":true,"href":"https:\/\/pc.sc.gov.br\/index.php?rest_route=%2Fwp%2Fv2%2Fcomments&post=28872"}],"version-history":[{"count":4,"href":"https:\/\/pc.sc.gov.br\/index.php?rest_route=\/wp\/v2\/posts\/28872\/revisions"}],"predecessor-version":[{"id":28877,"href":"https:\/\/pc.sc.gov.br\/index.php?rest_route=\/wp\/v2\/posts\/28872\/revisions\/28877"}],"wp:featuredmedia":[{"embeddable":true,"href":"https:\/\/pc.sc.gov.br\/index.php?rest_route=\/wp\/v2\/media\/28873"}],"wp:attachment":[{"href":"https:\/\/pc.sc.gov.br\/index.php?rest_route=%2Fwp%2Fv2%2Fmedia&parent=28872"}],"wp:term":[{"taxonomy":"category","embeddable":true,"href":"https:\/\/pc.sc.gov.br\/index.php?rest_route=%2Fwp%2Fv2%2Fcategories&post=28872"},{"taxonomy":"post_tag","embeddable":true,"href":"https:\/\/pc.sc.gov.br\/index.php?rest_route=%2Fwp%2Fv2%2Ftags&post=28872"}],"curies":[{"name":"wp","href":"https:\/\/api.w.org\/{rel}","templated":true}]}}