{"id":2890,"date":"2022-12-20T13:36:01","date_gmt":"2022-12-20T16:36:01","guid":{"rendered":"https:\/\/pc.sc.gov.br\/?p=2890"},"modified":"2022-12-20T13:51:11","modified_gmt":"2022-12-20T16:51:11","slug":"policia-civil-divulga-a-cadeia-de-valor-que-evidencia-e-auxilia-o-gerenciamento-dos-macroprocessos-da-instituicao","status":"publish","type":"post","link":"https:\/\/pc.sc.gov.br\/?p=2890","title":{"rendered":"Pol\u00edcia Civil divulga a cadeia de valor que evidencia e auxilia o gerenciamento dos macroprocessos da Institui\u00e7\u00e3o"},"content":{"rendered":"\t\t<div data-elementor-type=\"wp-post\" data-elementor-id=\"2890\" class=\"elementor elementor-2890\" data-elementor-post-type=\"post\">\n\t\t\t\t\t\t<section class=\"elementor-section elementor-top-section elementor-element elementor-element-44d69dd elementor-section-boxed elementor-section-height-default elementor-section-height-default\" data-id=\"44d69dd\" data-element_type=\"section\">\n\t\t\t\t\t\t<div class=\"elementor-container elementor-column-gap-default\">\n\t\t\t\t\t<div class=\"elementor-column elementor-col-100 elementor-top-column elementor-element elementor-element-8f4f380\" data-id=\"8f4f380\" data-element_type=\"column\">\n\t\t\t<div class=\"elementor-widget-wrap elementor-element-populated\">\n\t\t\t\t\t\t<div class=\"elementor-element elementor-element-5316ee7 elementor-widget elementor-widget-heading\" data-id=\"5316ee7\" data-element_type=\"widget\" data-widget_type=\"heading.default\">\n\t\t\t\t<div class=\"elementor-widget-container\">\n\t\t\t\t\t<h2 class=\"elementor-heading-title elementor-size-default\">Pol\u00edcia Civil divulga a cadeia de valor que evidencia e auxilia o gerenciamento dos macroprocessos da Institui\u00e7\u00e3o<\/h2>\t\t\t\t<\/div>\n\t\t\t\t<\/div>\n\t\t\t\t\t<\/div>\n\t\t<\/div>\n\t\t\t\t\t<\/div>\n\t\t<\/section>\n\t\t\t\t<section class=\"elementor-section elementor-top-section elementor-element elementor-element-6deb8cc elementor-section-boxed elementor-section-height-default elementor-section-height-default\" data-id=\"6deb8cc\" data-element_type=\"section\">\n\t\t\t\t\t\t<div class=\"elementor-container elementor-column-gap-default\">\n\t\t\t\t\t<div class=\"elementor-column elementor-col-100 elementor-top-column elementor-element elementor-element-2a7aa63\" data-id=\"2a7aa63\" data-element_type=\"column\">\n\t\t\t<div class=\"elementor-widget-wrap elementor-element-populated\">\n\t\t\t\t\t\t<div class=\"elementor-element elementor-element-9c767f1 elementor-widget elementor-widget-text-editor\" data-id=\"9c767f1\" data-element_type=\"widget\" data-widget_type=\"text-editor.default\">\n\t\t\t\t<div class=\"elementor-widget-container\">\n\t\t\t\t\t\t\t\t\t<p><\/p>\n<p>A Pol\u00edcia Civil de Santa Catarina realizou a divulga\u00e7\u00e3o da Cadeia de Valor da Institui\u00e7\u00e3o. O documento evidencia quais s\u00e3o os principais macroprocessos da Pol\u00edcia Civil e, com isso, permite a compreens\u00e3o do fluxo que agrega valor aos produtos e servi\u00e7os da Institui\u00e7\u00e3o policial.<\/p>\n<p><\/p>\n<p>Dessa forma, a cadeia de valor tem como objetivo fornecer uma vis\u00e3o sist\u00eamica sobre a Institui\u00e7\u00e3o e direcionar os esfor\u00e7os da Pol\u00edcia Civil com a finalidade de promover melhorias nos processos de trabalho, oferecendo assim servi\u00e7os de maior qualidade para a sociedade.<\/p>\n<p><\/p>\n<p>A cadeia de valor apresenta os macroprocessos da organiza\u00e7\u00e3o, alinhados \u00e0 miss\u00e3o, vis\u00e3o e aos valores da Institui\u00e7\u00e3o. S\u00e3o apresentados, por exemplo, os macroprocessos das atividades final\u00edsticas de investiga\u00e7\u00e3o, intelig\u00eancia e pol\u00edcia administrativa, bem como os de suporte a essas atividades. Em uma terceira e \u00faltima categoria s\u00e3o apresentados os macroprocessos estrat\u00e9gicos que direcionam a Institui\u00e7\u00e3o.&nbsp;<\/p>\n<p><\/p>\n<p>A partir da cadeia de valor foram definidas as frentes de trabalho de mapeamento e evidenciado o caminho para o aperfei\u00e7oamento dos processos da Institui\u00e7\u00e3o, como potencial de transforma\u00e7\u00e3o digital e os impactos nas rotinas das delegacias de pol\u00edcia e no or\u00e7amento institucional.<\/p>\n<p><\/p>\n<p>O levantamento dos macroprocessos da cadeia de valor da Pol\u00edcia Civil foi um processo que levou tr\u00eas meses para ser executado. Durante o per\u00edodo, foram entrevistados 106 policiais civis e identificados mais de 290 macroprocessos.<\/p>\n<p><i><span style=\"font-weight: 700; letter-spacing: -0.2px;\">Confira mais sobre a Cadeia de Valor da PCSC no&nbsp;<\/span><b><a href=\"https:\/\/pc.sc.gov.br\/wp-content\/uploads\/2022\/12\/Manual-Cadeia-de-Valor.pdf\" target=\"_blank\" style=\"background-color: rgb(255, 255, 255); transition-property: all; letter-spacing: -0.2px;\"><u>Manual sobre o tema<\/u><\/a><span style=\"letter-spacing: -0.2px;\">.<\/span><\/b><\/i><br><\/p>\n<p><\/p>\n<p><b>O que \u00e9 a cadeia de Valor<\/b><\/p>\n<p>Criada por Michael Porter em 1985, a cadeia de valor \u00e9 uma ferramenta que serve para gerenciar processos. Por meio dela, todas as atividades que a organiza\u00e7\u00e3o faz para gerar valor \u00e0s suas entregas s\u00e3o reveladas e os elos entre elas s\u00e3o evidenciados. Ao fortalecer as liga\u00e7\u00f5es entre essas atividades \u00e9 poss\u00edvel proporcionar desenvolvimento aos processos da organiza\u00e7\u00e3o, o qual favorece o seu crescimento como um todo.<\/p>\n<p><\/p>\n<p><br><\/p>\t\t\t\t\t\t\t\t<\/div>\n\t\t\t\t<\/div>\n\t\t\t\t\t<\/div>\n\t\t<\/div>\n\t\t\t\t\t<\/div>\n\t\t<\/section>\n\t\t\t\t<section class=\"elementor-section elementor-top-section elementor-element elementor-element-b22dc76 elementor-section-boxed elementor-section-height-default elementor-section-height-default\" data-id=\"b22dc76\" data-element_type=\"section\">\n\t\t\t\t\t\t<div class=\"elementor-container elementor-column-gap-default\">\n\t\t\t\t\t<div class=\"elementor-column elementor-col-100 elementor-top-column elementor-element elementor-element-bdf99f2\" data-id=\"bdf99f2\" data-element_type=\"column\">\n\t\t\t<div class=\"elementor-widget-wrap elementor-element-populated\">\n\t\t\t\t\t\t<div class=\"elementor-element elementor-element-4e21851 elementor-widget elementor-widget-image\" data-id=\"4e21851\" data-element_type=\"widget\" data-widget_type=\"image.default\">\n\t\t\t\t<div class=\"elementor-widget-container\">\n\t\t\t\t\t\t\t\t\t\t\t\t\t\t\t<img fetchpriority=\"high\" decoding=\"async\" width=\"696\" height=\"450\" src=\"https:\/\/pc.sc.gov.br\/\/wp-content\/uploads\/2022\/12\/Imagem-N1-1-1024x662.png\" class=\"attachment-large size-large wp-image-2891\" alt=\"\" srcset=\"https:\/\/pc.sc.gov.br\/\/wp-content\/uploads\/2022\/12\/Imagem-N1-1-1024x662.png 1024w, https:\/\/pc.sc.gov.br\/\/wp-content\/uploads\/2022\/12\/Imagem-N1-1-300x194.png 300w, https:\/\/pc.sc.gov.br\/\/wp-content\/uploads\/2022\/12\/Imagem-N1-1-768x496.png 768w, https:\/\/pc.sc.gov.br\/\/wp-content\/uploads\/2022\/12\/Imagem-N1-1.png 1300w\" sizes=\"(max-width: 696px) 100vw, 696px\" \/>\t\t\t\t\t\t\t\t\t\t\t\t\t\t\t<\/div>\n\t\t\t\t<\/div>\n\t\t\t\t\t<\/div>\n\t\t<\/div>\n\t\t\t\t\t<\/div>\n\t\t<\/section>\n\t\t\t\t<\/div>\n\t\t","protected":false},"excerpt":{"rendered":"<p>Pol\u00edcia Civil divulga a cadeia de valor que evidencia e auxilia o gerenciamento dos macroprocessos da Institui\u00e7\u00e3o A Pol\u00edcia Civil de Santa Catarina realizou a divulga\u00e7\u00e3o da Cadeia de Valor da Institui\u00e7\u00e3o. O documento evidencia quais s\u00e3o os principais macroprocessos da Pol\u00edcia Civil e, com isso, permite a compreens\u00e3o do fluxo que agrega valor aos [&hellip;]<\/p>\n","protected":false},"author":5,"featured_media":2891,"comment_status":"closed","ping_status":"open","sticky":false,"template":"","format":"standard","meta":{"_monsterinsights_skip_tracking":false,"_monsterinsights_sitenote_active":false,"_monsterinsights_sitenote_note":"","_monsterinsights_sitenote_category":0,"footnotes":""},"categories":[1],"tags":[],"class_list":["post-2890","post","type-post","status-publish","format-standard","has-post-thumbnail","hentry","category-sem-categoria"],"_links":{"self":[{"href":"https:\/\/pc.sc.gov.br\/index.php?rest_route=\/wp\/v2\/posts\/2890","targetHints":{"allow":["GET"]}}],"collection":[{"href":"https:\/\/pc.sc.gov.br\/index.php?rest_route=\/wp\/v2\/posts"}],"about":[{"href":"https:\/\/pc.sc.gov.br\/index.php?rest_route=\/wp\/v2\/types\/post"}],"author":[{"embeddable":true,"href":"https:\/\/pc.sc.gov.br\/index.php?rest_route=\/wp\/v2\/users\/5"}],"replies":[{"embeddable":true,"href":"https:\/\/pc.sc.gov.br\/index.php?rest_route=%2Fwp%2Fv2%2Fcomments&post=2890"}],"version-history":[{"count":7,"href":"https:\/\/pc.sc.gov.br\/index.php?rest_route=\/wp\/v2\/posts\/2890\/revisions"}],"predecessor-version":[{"id":2899,"href":"https:\/\/pc.sc.gov.br\/index.php?rest_route=\/wp\/v2\/posts\/2890\/revisions\/2899"}],"wp:featuredmedia":[{"embeddable":true,"href":"https:\/\/pc.sc.gov.br\/index.php?rest_route=\/wp\/v2\/media\/2891"}],"wp:attachment":[{"href":"https:\/\/pc.sc.gov.br\/index.php?rest_route=%2Fwp%2Fv2%2Fmedia&parent=2890"}],"wp:term":[{"taxonomy":"category","embeddable":true,"href":"https:\/\/pc.sc.gov.br\/index.php?rest_route=%2Fwp%2Fv2%2Fcategories&post=2890"},{"taxonomy":"post_tag","embeddable":true,"href":"https:\/\/pc.sc.gov.br\/index.php?rest_route=%2Fwp%2Fv2%2Ftags&post=2890"}],"curies":[{"name":"wp","href":"https:\/\/api.w.org\/{rel}","templated":true}]}}