{"id":28928,"date":"2025-05-22T14:11:44","date_gmt":"2025-05-22T17:11:44","guid":{"rendered":"https:\/\/pc.sc.gov.br\/?p=28928"},"modified":"2025-05-22T14:13:37","modified_gmt":"2025-05-22T17:13:37","slug":"policiais-civis-do-saer-participam-de-curso-para-atuarem-na-coordenacao-de-missoes-de-busca-e-salvamento-no-parana","status":"publish","type":"post","link":"https:\/\/pc.sc.gov.br\/?p=28928","title":{"rendered":"Policiais civis do SAER participam de curso para atuarem na coordena\u00e7\u00e3o de miss\u00f5es de busca e salvamento no Paran\u00e1"},"content":{"rendered":"\t\t<div data-elementor-type=\"wp-post\" data-elementor-id=\"28928\" class=\"elementor elementor-28928\" data-elementor-post-type=\"post\">\n\t\t\t\t\t\t<section class=\"elementor-section elementor-top-section elementor-element elementor-element-3d36e91 elementor-section-boxed elementor-section-height-default elementor-section-height-default\" data-id=\"3d36e91\" data-element_type=\"section\">\n\t\t\t\t\t\t<div class=\"elementor-container elementor-column-gap-default\">\n\t\t\t\t\t<div class=\"elementor-column elementor-col-100 elementor-top-column elementor-element elementor-element-eff3e7e\" data-id=\"eff3e7e\" data-element_type=\"column\">\n\t\t\t<div class=\"elementor-widget-wrap elementor-element-populated\">\n\t\t\t\t\t\t<div class=\"elementor-element elementor-element-8287997 elementor-widget elementor-widget-heading\" data-id=\"8287997\" data-element_type=\"widget\" data-widget_type=\"heading.default\">\n\t\t\t\t<div class=\"elementor-widget-container\">\n\t\t\t\t\t<h2 class=\"elementor-heading-title elementor-size-default\">Policiais civis do SAER participam de curso para atuarem na coordena\u00e7\u00e3o de miss\u00f5es de busca e salvamento no Paran\u00e1<\/h2>\t\t\t\t<\/div>\n\t\t\t\t<\/div>\n\t\t\t\t\t<\/div>\n\t\t<\/div>\n\t\t\t\t\t<\/div>\n\t\t<\/section>\n\t\t\t\t<section class=\"elementor-section elementor-top-section elementor-element elementor-element-c027e0d elementor-section-boxed elementor-section-height-default elementor-section-height-default\" data-id=\"c027e0d\" data-element_type=\"section\">\n\t\t\t\t\t\t<div class=\"elementor-container elementor-column-gap-default\">\n\t\t\t\t\t<div class=\"elementor-column elementor-col-100 elementor-top-column elementor-element elementor-element-46b3715\" data-id=\"46b3715\" data-element_type=\"column\">\n\t\t\t<div class=\"elementor-widget-wrap elementor-element-populated\">\n\t\t\t\t\t\t<div class=\"elementor-element elementor-element-0b4644c elementor-widget elementor-widget-image\" data-id=\"0b4644c\" data-element_type=\"widget\" data-widget_type=\"image.default\">\n\t\t\t\t<div class=\"elementor-widget-container\">\n\t\t\t\t\t\t\t\t\t\t\t\t\t\t\t<img fetchpriority=\"high\" decoding=\"async\" width=\"696\" height=\"392\" src=\"https:\/\/pc.sc.gov.br\/\/wp-content\/uploads\/2025\/05\/IMG_7229-3-1024x576.jpg\" class=\"attachment-large size-large wp-image-28936\" alt=\"\" srcset=\"https:\/\/pc.sc.gov.br\/\/wp-content\/uploads\/2025\/05\/IMG_7229-3-1024x576.jpg 1024w, https:\/\/pc.sc.gov.br\/\/wp-content\/uploads\/2025\/05\/IMG_7229-3-300x169.jpg 300w, https:\/\/pc.sc.gov.br\/\/wp-content\/uploads\/2025\/05\/IMG_7229-3-768x432.jpg 768w, https:\/\/pc.sc.gov.br\/\/wp-content\/uploads\/2025\/05\/IMG_7229-3-1536x864.jpg 1536w, https:\/\/pc.sc.gov.br\/\/wp-content\/uploads\/2025\/05\/IMG_7229-3-2048x1152.jpg 2048w\" sizes=\"(max-width: 696px) 100vw, 696px\" \/>\t\t\t\t\t\t\t\t\t\t\t\t\t\t\t<\/div>\n\t\t\t\t<\/div>\n\t\t\t\t\t<\/div>\n\t\t<\/div>\n\t\t\t\t\t<\/div>\n\t\t<\/section>\n\t\t\t\t<section class=\"elementor-section elementor-top-section elementor-element elementor-element-bdf5750 elementor-section-boxed elementor-section-height-default elementor-section-height-default\" data-id=\"bdf5750\" data-element_type=\"section\">\n\t\t\t\t\t\t<div class=\"elementor-container elementor-column-gap-default\">\n\t\t\t\t\t<div class=\"elementor-column elementor-col-100 elementor-top-column elementor-element elementor-element-5334a12\" data-id=\"5334a12\" data-element_type=\"column\">\n\t\t\t<div class=\"elementor-widget-wrap elementor-element-populated\">\n\t\t\t\t\t\t<div class=\"elementor-element elementor-element-d21f95f elementor-widget elementor-widget-text-editor\" data-id=\"d21f95f\" data-element_type=\"widget\" data-widget_type=\"text-editor.default\">\n\t\t\t\t<div class=\"elementor-widget-container\">\n\t\t\t\t\t\t\t\t\t<p>Nesta semana, quatro policiais civis catarinenses do Servi\u00e7o Aeropolicial (SAER) participaram do Curso SAR005, promovido pela For\u00e7a A\u00e9rea Brasileira, no Segundo Centro Integrado de Defesa A\u00e9rea e Controle de Tr\u00e1fego A\u00e9reo \u2013 CINDACTA II, em Curitiba\/PR.<\/p><p>Voltado a militares e profissionais de institui\u00e7\u00f5es ligadas \u00e0 avia\u00e7\u00e3o, o curso capacita os participantes para atuar na coordena\u00e7\u00e3o de miss\u00f5es de busca e salvamento (SAR), abordando aspectos como planejamento, tomada de decis\u00e3o e desempenho sob press\u00e3o.<\/p><p>As Pol\u00edcias Civis de Santa Catarina e do Paran\u00e1 foram representadas, respectivamente, por integrantes do SAER e do Grupamento de Opera\u00e7\u00f5es A\u00e9reas (GOA\/PR).<\/p>\t\t\t\t\t\t\t\t<\/div>\n\t\t\t\t<\/div>\n\t\t\t\t\t<\/div>\n\t\t<\/div>\n\t\t\t\t\t<\/div>\n\t\t<\/section>\n\t\t\t\t<\/div>\n\t\t","protected":false},"excerpt":{"rendered":"<p>Policiais civis do SAER participam de curso para atuarem na coordena\u00e7\u00e3o de miss\u00f5es de busca e salvamento no Paran\u00e1 Nesta semana, quatro policiais civis catarinenses do Servi\u00e7o Aeropolicial (SAER) participaram do Curso SAR005, promovido pela For\u00e7a A\u00e9rea Brasileira, no Segundo Centro Integrado de Defesa A\u00e9rea e Controle de Tr\u00e1fego A\u00e9reo \u2013 CINDACTA II, em Curitiba\/PR. [&hellip;]<\/p>\n","protected":false},"author":5,"featured_media":28935,"comment_status":"closed","ping_status":"open","sticky":false,"template":"","format":"standard","meta":{"_monsterinsights_skip_tracking":false,"_monsterinsights_sitenote_active":false,"_monsterinsights_sitenote_note":"","_monsterinsights_sitenote_category":0,"footnotes":""},"categories":[1],"tags":[],"class_list":["post-28928","post","type-post","status-publish","format-standard","has-post-thumbnail","hentry","category-sem-categoria"],"_links":{"self":[{"href":"https:\/\/pc.sc.gov.br\/index.php?rest_route=\/wp\/v2\/posts\/28928","targetHints":{"allow":["GET"]}}],"collection":[{"href":"https:\/\/pc.sc.gov.br\/index.php?rest_route=\/wp\/v2\/posts"}],"about":[{"href":"https:\/\/pc.sc.gov.br\/index.php?rest_route=\/wp\/v2\/types\/post"}],"author":[{"embeddable":true,"href":"https:\/\/pc.sc.gov.br\/index.php?rest_route=\/wp\/v2\/users\/5"}],"replies":[{"embeddable":true,"href":"https:\/\/pc.sc.gov.br\/index.php?rest_route=%2Fwp%2Fv2%2Fcomments&post=28928"}],"version-history":[{"count":4,"href":"https:\/\/pc.sc.gov.br\/index.php?rest_route=\/wp\/v2\/posts\/28928\/revisions"}],"predecessor-version":[{"id":28939,"href":"https:\/\/pc.sc.gov.br\/index.php?rest_route=\/wp\/v2\/posts\/28928\/revisions\/28939"}],"wp:featuredmedia":[{"embeddable":true,"href":"https:\/\/pc.sc.gov.br\/index.php?rest_route=\/wp\/v2\/media\/28935"}],"wp:attachment":[{"href":"https:\/\/pc.sc.gov.br\/index.php?rest_route=%2Fwp%2Fv2%2Fmedia&parent=28928"}],"wp:term":[{"taxonomy":"category","embeddable":true,"href":"https:\/\/pc.sc.gov.br\/index.php?rest_route=%2Fwp%2Fv2%2Fcategories&post=28928"},{"taxonomy":"post_tag","embeddable":true,"href":"https:\/\/pc.sc.gov.br\/index.php?rest_route=%2Fwp%2Fv2%2Ftags&post=28928"}],"curies":[{"name":"wp","href":"https:\/\/api.w.org\/{rel}","templated":true}]}}